{"id":99997,"date":"2020-11-21T00:48:48","date_gmt":"2020-11-21T00:48:48","guid":{"rendered":"http:\/\/diariodominicano.ddns.net\/?p=99997"},"modified":"2020-11-21T00:48:48","modified_gmt":"2020-11-21T00:48:48","slug":"afirman-primeros-100-dias-gobierno-generan-empleos-e-inversiones","status":"publish","type":"post","link":"https:\/\/diariodominicano.com\/?p=99997","title":{"rendered":"Afirman primeros 100 d\u00edas Gobierno generan empleos e inversiones"},"content":{"rendered":"<p><body><\/p>\n<p><img decoding=\"async\" src=\"img3\/ItoBisono20-11-20.jpeg\" \/>  <\/p>\n<p><span class=\"text1noticias\"> <\/span><\/p>\n<p><span class=\"text1noticias\">diariodominicano.com<\/span><\/p>\n<p><span class=\"text1noticias\"> <\/span><\/p>\n<p><span class=\"text1noticias\">Santo Domingo, R. D., 20 de noviembre, 2020.- El ministro de Industria, Comercio y Mipymes (MICM), V\u00edctor -Ito- Bison\u00f3, afirm\u00f3 que en los primeros 100 d\u00edas del Gobierno del presidente Luis Abinader \u00abse sientan las bases para un cambio que genera empleos, eleva la producci\u00f3n nacional, atraer inversi\u00f3n, exporta y lleva a todo el mundo nuestra marca pa\u00eds\u00bb.<\/span><\/p>\n<p><span class=\"text1noticias\"> <\/span><\/p>\n<p><span class=\"text1noticias\">El funcionario expres\u00f3 que, a pesar de la crisis por el COVID-19, se tienen resultados tangibles y avances concretos que generan confianza y un clima favorable de inversi\u00f3n para lograr la reactivaci\u00f3n de la econom\u00eda.<\/span><\/p>\n<p><span class=\"text1noticias\"> <\/span><\/p>\n<p><span class=\"text1noticias\">Bison\u00f3 resalt\u00f3 el repunte de las zonas francas, las que con la instalaci\u00f3n de nuevas f\u00e1bricas generan empleos de calidad.<\/span><\/p>\n<p><span class=\"text1noticias\"> <\/span><\/p>\n<p><span class=\"text1noticias\">Dijo que se hace un relanzamiento econ\u00f3mico con transparencia, tras destacar el ahorro al erario de 20 mil millones de pesos en los primeros 90 d\u00edas de Gobierno, lo que ha permitido balancear la econom\u00eda del pa\u00eds.<\/span><\/p>\n<p><span class=\"text1noticias\"> <\/span><\/p>\n<p><span class=\"text1noticias\">100 d\u00edas y 14 nuevas empresas aprobadas para zonas francas<\/span><\/p>\n<p><span class=\"text1noticias\"> <\/span><\/p>\n<p><span class=\"text1noticias\">Bison\u00f3, entrevistado en el programa Telematutino 11, que conducen Ram\u00f3n N\u00fa\u00f1ez Ram\u00edrez y Jacqueline Morel, por Telesistema, dijo que octubre 2020 es el \u00abmejor mes para las zonas francas en toda su historia\u00bb.<\/span><\/p>\n<p><span class=\"text1noticias\"> <\/span><\/p>\n<p><span class=\"text1noticias\">Manifest\u00f3 que, seg\u00fan datos de la Direcci\u00f3n General de Aduanas, las zonas francas exportaron en octubre pasado US$592,056.<\/span><\/p>\n<p><span class=\"text1noticias\"> <\/span><\/p>\n<p><span class=\"text1noticias\">Dijo que, en menos 100 d\u00edas, el Consejo Nacional de Zonas Francas de Exportaci\u00f3n, que preside, aprob\u00f3 la instalaci\u00f3n de 14 nuevas empresas con una inversi\u00f3n superior a los dos mil millones de pesos.<\/span><\/p>\n<p><span class=\"text1noticias\"> <\/span><\/p>\n<p><span class=\"text1noticias\">El funcionario revel\u00f3 que se han creado unos 10 mil empleos y que antes del a\u00f1o pr\u00f3ximo, se proyectan m\u00e1s de 20 mil empleos directos a trav\u00e9s de las zonas francas.<\/span><\/p>\n<p><span class=\"text1noticias\"> <\/span><\/p>\n<p><span class=\"text1noticias\">Explic\u00f3 que, para relanzar la industrializaci\u00f3n, el pasado 27 de octubre se present\u00f3 el plan de Relanzamiento de las Zonas Francas, que consiste en un conjunto de acciones precisas, elaboradas junto a los l\u00edderes del sector.<\/span><\/p>\n<p><span class=\"text1noticias\"> <\/span><\/p>\n<p><span class=\"text1noticias\">\u00abEsto para potenciar la capacidad de las zonas Francas aprovechando medio siglo de experiencia en el sector que nos llevar\u00e1 a convertirnos en un hub industrial y log\u00edstico de clase mundial\u00bb, expres\u00f3.<\/span><\/p>\n<p><span class=\"text1noticias\"> <\/span><\/p>\n<p><span class=\"text1noticias\">Industrializaci\u00f3n<\/span><\/p>\n<p><span class=\"text1noticias\"> <\/span><\/p>\n<p><span class=\"text1noticias\">El titular del MICM resalt\u00f3 entre las acciones puntuales de los primeros 100 d\u00edas, lograr que la industria sea declarada prioridad nacional mediante el decreto 588-20, es un hito.<\/span><\/p>\n<p><span class=\"text1noticias\"> <\/span><\/p>\n<p><span class=\"text1noticias\">Destac\u00f3 la creaci\u00f3n de la mesa Presidencial de la Industrializaci\u00f3n, en donde el sector p\u00fablico y privado trabajan de forma cohesionada para que esta pol\u00edtica industrial produzca un impacto real en la econom\u00eda y el desarrollo del pa\u00eds.<\/span><\/p>\n<p><span class=\"text1noticias\"> <\/span><\/p>\n<p><span class=\"text1noticias\">Ito Bison\u00f3 inform\u00f3 la creaci\u00f3n de la Ruta Industrial, donde visita las industrias y de forma personal observa las necesidades y oportunidades que tiene el sector, para brindar soluciones.<\/span><\/p>\n<p><span class=\"text1noticias\"> <\/span><\/p>\n<p><span class=\"text1noticias\">Se\u00f1al\u00f3 que en el Gobierno existen buenas expectativas de recuperaci\u00f3n econ\u00f3mica con la generaci\u00f3n de empleo, la transparencia en los procesos durante la crisis, aplicaci\u00f3n de incentivos y, sobre todo, la austeridad. <\/span><\/p>\n<p><span class=\"text1noticias\"> <\/span><\/p>\n<p><span class=\"text1noticias\">Ministerio \u00e1gil e innovador<\/span><\/p>\n<p><span class=\"text1noticias\"> <\/span><\/p>\n<p><span class=\"text1noticias\">Afirm\u00f3 que \u00abdesde el MICM estamos apostando a un ministerio transparente, \u00e1gil e innovador\u00bb. Indic\u00f3 que trabaja con transparencia y refiri\u00f3 que en la evaluaci\u00f3n que realiz\u00f3 la Direcci\u00f3n de \u00c9tica e Integridad Gubernamental (DIGEIG), el MICM obtuvo una calificaci\u00f3n de 97 puntos, la nota m\u00e1s alta en el hist\u00f3rico de evaluaciones de ese ministerio. <\/span><\/p>\n<p><span class=\"text1noticias\"> <\/span><\/p>\n<p><span class=\"text1noticias\">Record\u00f3 que el pasado 17 de noviembre se hizo el lanzamiento de \u00abDigitalIso\u00bb, con lo que se inicia la implementaci\u00f3n de las normas ISO 9001:2015, sobre cumplimiento regulatorio y antisoborno.<\/span><\/p>\n<p><span class=\"text1noticias\"> <\/span><\/p>\n<p><span class=\"text1noticias\">Bison\u00f3 asever\u00f3 que el MICM es el motor que mueve el pa\u00eds, aliado de miles de dominicanos que d\u00eda a d\u00eda impulsan el desarrollo de la naci\u00f3n y su gente. <\/span><\/p>\n<p><span class=\"text1noticias\"> <\/span><\/p>\n<p><span class=\"text1noticias\">Agreg\u00f3 que \u00abhemos trabajado con esa visi\u00f3n asumiendo de manera conscientes el impacto de este ministerio en la reactivaci\u00f3n econ\u00f3mica, la generaci\u00f3n de empleos, y el apoyo para que miles de dominicanos puedan producir y tener una vida digna y pr\u00f3spera\u00bb, manifest\u00f3 el funcionario.<\/span><\/p>\n<p><span class=\"text1noticias\"> <\/span><\/p>\n<p><span class=\"text1noticias\">Destac\u00f3 que se est\u00e1 trabajando para disminuir la burocracia de algunos procesos para que la gente se formalice y pueda producir con las garant\u00edas del Estado.<\/span><\/p>\n<p><span class=\"text1noticias\"> <\/span><\/p>\n<p><span class=\"text1noticias\">Adem\u00e1s, resalt\u00f3 el compromiso de transparentar todo el proceso vinculado a la colocaci\u00f3n del precio de los combustibles, su distribuci\u00f3n y comercializaci\u00f3n.<\/span><\/p>\n<p><span class=\"text1noticias\"> <\/span><\/p>\n<p><span class=\"text1noticias\">Bison\u00f3 manifest\u00f3 que se trabaja junto al Banco Interamericano de Desarrollo (BID) para el levantamiento de todo el proceso de permisolog\u00eda y se implement\u00f3 un nuevo protocolo de comunicaci\u00f3n para dar a conocer los precios de manera transparente cada semana. <\/span><\/p>\n<p><span class=\"text1noticias\"> <\/span><\/p>\n<p><span class=\"text1noticias\">Fuente: Presidencia de la Rep\u00fabl<\/span>ica Dominicana<\/p>\n<p>Noticias<\/p>\n<h6> 2020-11-21 00:48:48 <\/h6>\n<p><!--\n<link rel=\"stylesheet\" href=\"css\/bootstrap.min.css\">\n\n\n<ul class=\"pagination\">\n\t    \n\t\n\n<li >\n\t<a href='?page_no=18'>Previous<\/a>\n\t<\/li>\n\n\n       \n    \n\n<li><a href='?page_no=1'>1<\/a><\/li>\n\n\n\n<li><a href='?page_no=2'>2<\/a><\/li>\n\n\n\n<li><a>...<\/a><\/li>\n\n\n\n<li><a href='?page_no=17'>17<\/a><\/li>\n\n\n\n<li><a href='?page_no=18'>18<\/a><\/li>\n\n\n\n<li class='active'><a>19<\/a><\/li>\n\n\n\n<li><a href='?page_no=20'>20<\/a><\/li>\n\n\n\n<li><a href='?page_no=21'>21<\/a><\/li>\n\n\n\n<li><a>...<\/a><\/li>\n\n\n\n<li><a href='?page_no=30472'>30472<\/a><\/li>\n\n\n\n<li><a href='?page_no=30473'>30473<\/a><\/li>\n\n    \n\t\n\n<li >\n\t<a href='?page_no=20'>Next<\/a>\n\t<\/li>\n\n\n    \n\n<li><a href='?page_no=30473'>Last &rsaquo;&rsaquo;<\/a><\/li>\n\n<\/ul>\n\n\n--><br \/>\n<\/body><\/p>\n","protected":false},"excerpt":{"rendered":"<p>diariodominicano.com Santo Domingo, R. D., 20 de noviembre, 2020.- El ministro de Industria, Comercio y Mipymes (MICM), V\u00edctor -Ito- Bison\u00f3, afirm\u00f3 que en los primeros 100 d\u00edas del Gobierno del presidente Luis Abinader \u00abse sientan las bases para un cambio que genera empleos, eleva la producci\u00f3n nacional, atraer inversi\u00f3n, exporta y lleva a todo el [&hellip;]<\/p>\n","protected":false},"author":3,"featured_media":0,"comment_status":"open","ping_status":"open","sticky":false,"template":"","format":"standard","meta":{"footnotes":""},"categories":[18],"tags":[],"class_list":["post-99997","post","type-post","status-publish","format-standard","hentry","category-economia"],"_links":{"self":[{"href":"https:\/\/diariodominicano.com\/index.php?rest_route=\/wp\/v2\/posts\/99997","targetHints":{"allow":["GET"]}}],"collection":[{"href":"https:\/\/diariodominicano.com\/index.php?rest_route=\/wp\/v2\/posts"}],"about":[{"href":"https:\/\/diariodominicano.com\/index.php?rest_route=\/wp\/v2\/types\/post"}],"author":[{"embeddable":true,"href":"https:\/\/diariodominicano.com\/index.php?rest_route=\/wp\/v2\/users\/3"}],"replies":[{"embeddable":true,"href":"https:\/\/diariodominicano.com\/index.php?rest_route=%2Fwp%2Fv2%2Fcomments&post=99997"}],"version-history":[{"count":0,"href":"https:\/\/diariodominicano.com\/index.php?rest_route=\/wp\/v2\/posts\/99997\/revisions"}],"wp:attachment":[{"href":"https:\/\/diariodominicano.com\/index.php?rest_route=%2Fwp%2Fv2%2Fmedia&parent=99997"}],"wp:term":[{"taxonomy":"category","embeddable":true,"href":"https:\/\/diariodominicano.com\/index.php?rest_route=%2Fwp%2Fv2%2Fcategories&post=99997"},{"taxonomy":"post_tag","embeddable":true,"href":"https:\/\/diariodominicano.com\/index.php?rest_route=%2Fwp%2Fv2%2Ftags&post=99997"}],"curies":[{"name":"wp","href":"https:\/\/api.w.org\/{rel}","templated":true}]}}