{"id":99886,"date":"2020-11-21T22:09:44","date_gmt":"2020-11-21T22:09:44","guid":{"rendered":"http:\/\/diariodominicano.ddns.net\/?p=99886"},"modified":"2020-11-21T22:09:44","modified_gmt":"2020-11-21T22:09:44","slug":"ministerio-administrativo-de-la-presidencia-informa-ahorros-por-263-millones-de-pesos-en-primeros-tres-meses-en-gastos-del-estado","status":"publish","type":"post","link":"https:\/\/diariodominicano.com\/?p=99886","title":{"rendered":"Ministerio Administrativo de la Presidencia informa ahorros por 263 millones de pesos en primeros tres meses en gastos del Estado"},"content":{"rendered":"<p><body><\/p>\n<p><img decoding=\"async\" src=\"img3\/paliza21-11-20.jpeg\" \/>  <\/p>\n<p><span class=\"text1noticias\"> <\/span><\/p>\n<p><span class=\"text1noticias\">diariodominicano.com<\/span><\/p>\n<p><span class=\"text1noticias\"> <\/span><\/p>\n<p><span class=\"text1noticias\">Santo Domingo, R. D., 21 de noviembre, 2020.- A solo d\u00edas de cumplirse los primeros tres meses del Gobierno que encabeza Luis Abinader, el Ministerio Administrativo de la Presidencia (MAPRE), inform\u00f3 a trav\u00e9s del viceministro Administrativo y Financiera de un ahorro ascendente a 263 millones de pesos, como parte de los proyectos de reingenier\u00eda que se vienen implementando.<\/span><\/p>\n<p><span class=\"text1noticias\"> <\/span><\/p>\n<p><span class=\"text1noticias\">De acuerdo al ministro Jos\u00e9 Ignacio Paliza, estos ahorros responden al marcado inter\u00e9s del Gobierno dominicano de recuperar la confianza de la ciudadan\u00eda en la administraci\u00f3n p\u00fablica, adem\u00e1s de lograr los m\u00e1s altos est\u00e1ndares de transparencia.<\/span><\/p>\n<p><span class=\"text1noticias\"> <\/span><\/p>\n<p><span class=\"text1noticias\">De los RD$263,293,763 ahorrados, cerca de 200 millones se deben a la reducci\u00f3n de contrataciones de servicios, entre ellos, servicios t\u00e9cnicos profesionales que significaban un desembolso de 80 millones de pesos.<\/span><\/p>\n<p><span class=\"text1noticias\"> <\/span><\/p>\n<p><span class=\"text1noticias\">Mientras que otros cortes de gastos responden a unos RD$9,093.000 que eran destinados a la compra de combustible y alrededor de RD$3,660,000 de medicamentos.<\/span><\/p>\n<p><span class=\"text1noticias\"> <\/span><\/p>\n<p><span class=\"text1noticias\">Otros recortes tambi\u00e9n obedecen a los vi\u00e1ticos dentro y fuera del pa\u00eds, tambi\u00e9n a la reducci\u00f3n de la n\u00f3mina, ya que muchos de ellos no serv\u00edan ninguna labor al Estado, pero representaban una carga econ\u00f3mica.<\/span><\/p>\n<p><span class=\"text1noticias\"> <\/span><\/p>\n<p><span class=\"text1noticias\">El ministro Paliza resalt\u00f3 que los recursos obtenidos fruto de esas reducciones han sido distribuidos para temas tan sensibles como la salud, adem\u00e1s de atender obras muy puntuales en los diferentes municipios del pa\u00eds y que el presidente Luis Abinader ha querido resolver en el menor tiempo p<\/span>osible.<\/p>\n<h6> 2020-11-21 22:09:44 <\/h6>\n<p><!--\n<link rel=\"stylesheet\" href=\"css\/bootstrap.min.css\">\n\n\n<ul class=\"pagination\">\n\t    \n\t\n\n<li >\n\t<a href='?page_no=17'>Previous<\/a>\n\t<\/li>\n\n\n       \n    \n\n<li><a href='?page_no=1'>1<\/a><\/li>\n\n\n\n<li><a href='?page_no=2'>2<\/a><\/li>\n\n\n\n<li><a>...<\/a><\/li>\n\n\n\n<li><a href='?page_no=16'>16<\/a><\/li>\n\n\n\n<li><a href='?page_no=17'>17<\/a><\/li>\n\n\n\n<li class='active'><a>18<\/a><\/li>\n\n\n\n<li><a href='?page_no=19'>19<\/a><\/li>\n\n\n\n<li><a href='?page_no=20'>20<\/a><\/li>\n\n\n\n<li><a>...<\/a><\/li>\n\n\n\n<li><a href='?page_no=30472'>30472<\/a><\/li>\n\n\n\n<li><a href='?page_no=30473'>30473<\/a><\/li>\n\n    \n\t\n\n<li >\n\t<a href='?page_no=19'>Next<\/a>\n\t<\/li>\n\n\n    \n\n<li><a href='?page_no=30473'>Last &rsaquo;&rsaquo;<\/a><\/li>\n\n<\/ul>\n\n\n--><br \/>\n<\/body><\/p>\n","protected":false},"excerpt":{"rendered":"<p>diariodominicano.com Santo Domingo, R. D., 21 de noviembre, 2020.- A solo d\u00edas de cumplirse los primeros tres meses del Gobierno que encabeza Luis Abinader, el Ministerio Administrativo de la Presidencia (MAPRE), inform\u00f3 a trav\u00e9s del viceministro Administrativo y Financiera de un ahorro ascendente a 263 millones de pesos, como parte de los proyectos de reingenier\u00eda [&hellip;]<\/p>\n","protected":false},"author":3,"featured_media":0,"comment_status":"open","ping_status":"open","sticky":false,"template":"","format":"standard","meta":{"footnotes":""},"categories":[18],"tags":[],"class_list":["post-99886","post","type-post","status-publish","format-standard","hentry","category-economia"],"_links":{"self":[{"href":"https:\/\/diariodominicano.com\/index.php?rest_route=\/wp\/v2\/posts\/99886","targetHints":{"allow":["GET"]}}],"collection":[{"href":"https:\/\/diariodominicano.com\/index.php?rest_route=\/wp\/v2\/posts"}],"about":[{"href":"https:\/\/diariodominicano.com\/index.php?rest_route=\/wp\/v2\/types\/post"}],"author":[{"embeddable":true,"href":"https:\/\/diariodominicano.com\/index.php?rest_route=\/wp\/v2\/users\/3"}],"replies":[{"embeddable":true,"href":"https:\/\/diariodominicano.com\/index.php?rest_route=%2Fwp%2Fv2%2Fcomments&post=99886"}],"version-history":[{"count":0,"href":"https:\/\/diariodominicano.com\/index.php?rest_route=\/wp\/v2\/posts\/99886\/revisions"}],"wp:attachment":[{"href":"https:\/\/diariodominicano.com\/index.php?rest_route=%2Fwp%2Fv2%2Fmedia&parent=99886"}],"wp:term":[{"taxonomy":"category","embeddable":true,"href":"https:\/\/diariodominicano.com\/index.php?rest_route=%2Fwp%2Fv2%2Fcategories&post=99886"},{"taxonomy":"post_tag","embeddable":true,"href":"https:\/\/diariodominicano.com\/index.php?rest_route=%2Fwp%2Fv2%2Ftags&post=99886"}],"curies":[{"name":"wp","href":"https:\/\/api.w.org\/{rel}","templated":true}]}}