{"id":99505,"date":"2013-09-06T13:27:49","date_gmt":"2013-09-06T13:27:49","guid":{"rendered":"http:\/\/diariodominicano.ddns.net\/?p=99505"},"modified":"2013-09-06T13:27:49","modified_gmt":"2013-09-06T13:27:49","slug":"quejas-por-las-alzas-en-los-prestamos","status":"publish","type":"post","link":"https:\/\/diariodominicano.com\/?p=99505","title":{"rendered":"Quejas por las alzas en los pr\u00e9stamos"},"content":{"rendered":"<p><body><\/p>\n<p>Santo Domingo RD 6 septiembre.- La tasa de inter\u00e9s para pr\u00e9stamos ha venido registrando alzas en los \u00faltimos d\u00edas, lo que ha provocado quejas en diferentes personas que actualmente tienen pr\u00e9stamos, y ya han notado el incremento de sus cuotas.<\/p>\n<\/p>\n<p>Seg\u00fan las estad\u00edsticas del Banco Central, el pasado primero de septiembre la tasa activa para el renglones comercio, consumo e hipotecario era de 13.16, 19.77 y 10.96, respectivamente.<\/p>\n<\/p>\n<p>En tanto que para el d\u00eda 3 de este mes, las tasas de inter\u00e9s para las mismas clasificaciones, se colocaron en 13.26, 19.08 y 11.09.<\/p>\n<\/p>\n<p>En rueda de prensa el pasado 28 de agosto, el Banco Central, luego de una reuni\u00f3n con los tesoreros de los bancos, anunci\u00f3 que la tasa de inter\u00e9s de pol\u00edtica monetaria pasar\u00e1 de 4.25% a 6.25% (200 puntos b\u00e1sicos).<\/p>\n<\/p>\n<p>Ante estas medidas, algunos economistas coincidieron en que las mismas podr\u00edan incidir en la disminuci\u00f3n de la actividad econ\u00f3mica del pa\u00eds.<\/p>\n<\/p>\n<\/p>\n<h6> 2013-09-06 13:27:49 <\/h6>\n<p><!--\n<link rel=\"stylesheet\" href=\"css\/bootstrap.min.css\">\n\n\n<ul class=\"pagination\">\n\t    \n\t\n\n<li >\n\t<a href='?page_no=14956'>Previous<\/a>\n\t<\/li>\n\n\n       \n    \n\n<li><a href='?page_no=1'>1<\/a><\/li>\n\n\n\n<li><a href='?page_no=2'>2<\/a><\/li>\n\n\n\n<li><a>...<\/a><\/li>\n\n\n\n<li><a href='?page_no=14955'>14955<\/a><\/li>\n\n\n\n<li><a href='?page_no=14956'>14956<\/a><\/li>\n\n\n\n<li class='active'><a>14957<\/a><\/li>\n\n\n\n<li><a href='?page_no=14958'>14958<\/a><\/li>\n\n\n\n<li><a href='?page_no=14959'>14959<\/a><\/li>\n\n\n\n<li><a>...<\/a><\/li>\n\n\n\n<li><a href='?page_no=30472'>30472<\/a><\/li>\n\n\n\n<li><a href='?page_no=30473'>30473<\/a><\/li>\n\n    \n\t\n\n<li >\n\t<a href='?page_no=14958'>Next<\/a>\n\t<\/li>\n\n\n    \n\n<li><a href='?page_no=30473'>Last &rsaquo;&rsaquo;<\/a><\/li>\n\n<\/ul>\n\n\n--><br \/>\n<\/body><\/p>\n","protected":false},"excerpt":{"rendered":"<p>Santo Domingo RD 6 septiembre.- La tasa de inter\u00e9s para pr\u00e9stamos ha venido registrando alzas en los \u00faltimos d\u00edas, lo que ha provocado quejas en diferentes personas que actualmente tienen pr\u00e9stamos, y ya han notado el incremento de sus cuotas. Seg\u00fan las estad\u00edsticas del Banco Central, el pasado primero de septiembre la tasa activa para [&hellip;]<\/p>\n","protected":false},"author":3,"featured_media":0,"comment_status":"open","ping_status":"open","sticky":false,"template":"","format":"standard","meta":{"footnotes":""},"categories":[18],"tags":[],"class_list":["post-99505","post","type-post","status-publish","format-standard","hentry","category-economia"],"_links":{"self":[{"href":"https:\/\/diariodominicano.com\/index.php?rest_route=\/wp\/v2\/posts\/99505","targetHints":{"allow":["GET"]}}],"collection":[{"href":"https:\/\/diariodominicano.com\/index.php?rest_route=\/wp\/v2\/posts"}],"about":[{"href":"https:\/\/diariodominicano.com\/index.php?rest_route=\/wp\/v2\/types\/post"}],"author":[{"embeddable":true,"href":"https:\/\/diariodominicano.com\/index.php?rest_route=\/wp\/v2\/users\/3"}],"replies":[{"embeddable":true,"href":"https:\/\/diariodominicano.com\/index.php?rest_route=%2Fwp%2Fv2%2Fcomments&post=99505"}],"version-history":[{"count":0,"href":"https:\/\/diariodominicano.com\/index.php?rest_route=\/wp\/v2\/posts\/99505\/revisions"}],"wp:attachment":[{"href":"https:\/\/diariodominicano.com\/index.php?rest_route=%2Fwp%2Fv2%2Fmedia&parent=99505"}],"wp:term":[{"taxonomy":"category","embeddable":true,"href":"https:\/\/diariodominicano.com\/index.php?rest_route=%2Fwp%2Fv2%2Fcategories&post=99505"},{"taxonomy":"post_tag","embeddable":true,"href":"https:\/\/diariodominicano.com\/index.php?rest_route=%2Fwp%2Fv2%2Ftags&post=99505"}],"curies":[{"name":"wp","href":"https:\/\/api.w.org\/{rel}","templated":true}]}}