{"id":99504,"date":"2013-09-06T14:49:03","date_gmt":"2013-09-06T14:49:03","guid":{"rendered":"http:\/\/diariodominicano.ddns.net\/?p=99504"},"modified":"2013-09-06T14:49:03","modified_gmt":"2013-09-06T14:49:03","slug":"vicepresidente-cdeee-favorece-uso-de-fondos-de-pensiones-en-sector-electrico","status":"publish","type":"post","link":"https:\/\/diariodominicano.com\/?p=99504","title":{"rendered":"Vicepresidente CDEEE favorece uso de fondos de pensiones en sector el\u00e9ctrico&#13;"},"content":{"rendered":"<p><body><\/p>\n<p><img decoding=\"async\" src=\"img3\/cdeee 6.jpg\" \/>  <\/p>\n<p>Santo Domingo RD 6 septiembre.- Rub\u00e9n Bichara, vicepresidente de la Corporaci\u00f3n Dominicana de Empresas El\u00e9ctricas Estatales (CDEEE),  favoreci\u00f3 ayer  la propuesta  de que los fondos de pensiones sean utilizados para el desarrollo estructural del sector el\u00e9ctrico nacional.<\/p>\n<\/p>\n<p>Rub\u00e9n Bichara  dijo que  en caso de que la iniciativa sea materializada,  se crear\u00edan los mecanismos necesarios  que garanticen el retorno de esos recursos.<\/p>\n<\/p>\n<p>\u00abYo pienso que cualquier posibilidad que permita ubicar los fondos para proyectos es una inquietud bien recibida\u00bb, expuso.<\/p>\n<\/p>\n<p>Bichara no especific\u00f3  el porcentaje de los fondos de pensiones que serian utilizados, pero se\u00f1al\u00f3  que lo que se persigue es hacer las inversiones necesarias en el sector, principalmente en plantas a carb\u00f3n  que contribuyen a abaratar los costos de producci\u00f3n.<\/p>\n<\/p>\n<p>\u00abHay que asegurar el retorno, pero el impacto social que tienen esos fondos  y lo que se espera de ellos. Se supone que esos fondos deben crecer para poder satisfacer la demanda de las pensiones\u00bb, expres\u00f3.<\/p>\n<\/p>\n<p>A pesar de que en los \u00faltimos  d\u00edas  los apagones han surgido,  Bichara precis\u00f3 que la CDEE  en los actuales momentos est\u00e1 supliendo el 86% de la demanda energ\u00e9tica nacional.<\/p>\n<h6> 2013-09-06 14:49:03 <\/h6>\n<p><!--\n<link rel=\"stylesheet\" href=\"css\/bootstrap.min.css\">\n\n\n<ul class=\"pagination\">\n\t    \n\t\n\n<li >\n\t<a href='?page_no=14955'>Previous<\/a>\n\t<\/li>\n\n\n       \n    \n\n<li><a href='?page_no=1'>1<\/a><\/li>\n\n\n\n<li><a href='?page_no=2'>2<\/a><\/li>\n\n\n\n<li><a>...<\/a><\/li>\n\n\n\n<li><a href='?page_no=14954'>14954<\/a><\/li>\n\n\n\n<li><a href='?page_no=14955'>14955<\/a><\/li>\n\n\n\n<li class='active'><a>14956<\/a><\/li>\n\n\n\n<li><a href='?page_no=14957'>14957<\/a><\/li>\n\n\n\n<li><a href='?page_no=14958'>14958<\/a><\/li>\n\n\n\n<li><a>...<\/a><\/li>\n\n\n\n<li><a href='?page_no=30472'>30472<\/a><\/li>\n\n\n\n<li><a href='?page_no=30473'>30473<\/a><\/li>\n\n    \n\t\n\n<li >\n\t<a href='?page_no=14957'>Next<\/a>\n\t<\/li>\n\n\n    \n\n<li><a href='?page_no=30473'>Last &rsaquo;&rsaquo;<\/a><\/li>\n\n<\/ul>\n\n\n--><br \/>\n<\/body><\/p>\n","protected":false},"excerpt":{"rendered":"<p>Santo Domingo RD 6 septiembre.- Rub\u00e9n Bichara, vicepresidente de la Corporaci\u00f3n Dominicana de Empresas El\u00e9ctricas Estatales (CDEEE), favoreci\u00f3 ayer la propuesta de que los fondos de pensiones sean utilizados para el desarrollo estructural del sector el\u00e9ctrico nacional. Rub\u00e9n Bichara dijo que en caso de que la iniciativa sea materializada, se crear\u00edan los mecanismos necesarios que [&hellip;]<\/p>\n","protected":false},"author":3,"featured_media":0,"comment_status":"open","ping_status":"open","sticky":false,"template":"","format":"standard","meta":{"footnotes":""},"categories":[18],"tags":[],"class_list":["post-99504","post","type-post","status-publish","format-standard","hentry","category-economia"],"_links":{"self":[{"href":"https:\/\/diariodominicano.com\/index.php?rest_route=\/wp\/v2\/posts\/99504","targetHints":{"allow":["GET"]}}],"collection":[{"href":"https:\/\/diariodominicano.com\/index.php?rest_route=\/wp\/v2\/posts"}],"about":[{"href":"https:\/\/diariodominicano.com\/index.php?rest_route=\/wp\/v2\/types\/post"}],"author":[{"embeddable":true,"href":"https:\/\/diariodominicano.com\/index.php?rest_route=\/wp\/v2\/users\/3"}],"replies":[{"embeddable":true,"href":"https:\/\/diariodominicano.com\/index.php?rest_route=%2Fwp%2Fv2%2Fcomments&post=99504"}],"version-history":[{"count":0,"href":"https:\/\/diariodominicano.com\/index.php?rest_route=\/wp\/v2\/posts\/99504\/revisions"}],"wp:attachment":[{"href":"https:\/\/diariodominicano.com\/index.php?rest_route=%2Fwp%2Fv2%2Fmedia&parent=99504"}],"wp:term":[{"taxonomy":"category","embeddable":true,"href":"https:\/\/diariodominicano.com\/index.php?rest_route=%2Fwp%2Fv2%2Fcategories&post=99504"},{"taxonomy":"post_tag","embeddable":true,"href":"https:\/\/diariodominicano.com\/index.php?rest_route=%2Fwp%2Fv2%2Ftags&post=99504"}],"curies":[{"name":"wp","href":"https:\/\/api.w.org\/{rel}","templated":true}]}}