{"id":99495,"date":"2013-09-06T22:47:22","date_gmt":"2013-09-06T22:47:22","guid":{"rendered":"http:\/\/diariodominicano.ddns.net\/?p=99495"},"modified":"2013-09-06T22:47:22","modified_gmt":"2013-09-06T22:47:22","slug":"revela-el-gobierno-avanza-en-la-solucion-del-costo-de-la-energia-electrica","status":"publish","type":"post","link":"https:\/\/diariodominicano.com\/?p=99495","title":{"rendered":"Revela el Gobierno avanza en la soluci\u00f3n del costo de la energ\u00eda el\u00e9ctrica"},"content":{"rendered":"<p><body><\/p>\n<p><img decoding=\"async\" src=\"img3\/danilo.jpg\" \/><br \/><img decoding=\"async\" src=\"img3\/osmarb02000.jpg\" \/><br \/><img decoding=\"async\" src=\"img3\/osmarB000.jpg\" \/>  <\/p>\n<p><span class=\"text1noticias\">PUERTO PLATA, RD, 6 de Septiembre (Dicom).-Al recibir un reconocimiento por su apoyo a los agricultores, el presidente Danilo Medina dijo  que el Gobierno avanza en una soluci\u00f3n del problema de la energ\u00eda el\u00e9ctrica que contribuir\u00e1 a bajar los costos de producci\u00f3n. El reconocimiento le fue entregado  de manos del presidente de la JAD, Osmar Ben\u00edtez, y por Reina Amparo y Cesar Paniagua, miembros de Comit\u00e9 Ejecutivo de la JAD.<\/span><\/p>\n<\/p>\n<p><span class=\"text1noticias\">Explic\u00f3 que la poblaci\u00f3n podr\u00e1 recibir una energ\u00eda el\u00e9ctrica a un costo que le permita competir en los mercados internacionales.<\/span><\/p>\n<\/p>\n<p><span class=\"text1noticias\">\u00abEstamos trabajando fuertemente en eso y en las pr\u00f3ximas semanas se comenzaran a conocer detalles de lo que pensamos hacer con el sector el\u00e9ctrico en la Rep\u00fablica Dominicana\u00bb, precis\u00f3 el gobernante.<\/span><\/p>\n<\/p>\n<p><span class=\"text1noticias\">El presidente Medina habl\u00f3 luego de recibir un reconocimiento de la Junta Agroempresarial Dominicana en el marco del XVI Encuentro Nacional de Dirigentes Agropecuarios celebrado en un hotel de esta provincia.<\/span><\/p>\n<\/p>\n<p><span class=\"text1noticias\">Explic\u00f3 que el sector el\u00e9ctrico es sumamente complejo, ya que convergen cantidad de intereses que no son f\u00e1ciles de resolver.<\/span><\/p>\n<\/p>\n<p><span class=\"text1noticias\">\u00abCon el consenso de los actores del sector y la visi\u00f3n que tiene el Gobierno de resolver ese problema terminando este periodo, a finales del 16 o antes, se comenzar\u00e1 a sentir una reducci\u00f3n sustancial en los precios de la energ\u00eda el\u00e9ctrica en la Rep\u00fablica Dominicana\u00bb, asegur\u00f3.<\/span><\/p>\n<p><span class=\"text1noticias\"><strong>Los combustibles<\/strong><\/span><\/p>\n<\/p>\n<p><span class=\"text1noticias\">En tanto, al referirse a los precios de los combustibles dijo que ese es un tema que tampoco es f\u00e1cil para ning\u00fan presidente resolver.<\/span><\/p>\n<\/p>\n<p><span class=\"text1noticias\">En ese orden adelant\u00f3 que con lo que dijo Osmar Ben\u00edtez, presidente de la JAD, en torno a que los exportadores puedan recibir la devoluci\u00f3n de los impuestos que se pagan presentando los combustibles como un insumo agropecuario, explic\u00f3 que el resto depende del precio internacional del petr\u00f3leo, \u00aby nosotros no producimos petr\u00f3leo\u00bb.<\/span><\/p>\n<\/p>\n<p><span class=\"text1noticias\">El presidente Medina explic\u00f3 que esa es la gran dificultad que tiene el gobierno a la hora de abordar los precios de los combustibles.<\/span><\/p>\n<\/p>\n<p><span class=\"text1noticias\">Asimismo, agreg\u00f3 que la exenci\u00f3n que tiene el Presupuesto de la naci\u00f3n es enorme.<\/span><\/p>\n<\/p>\n<p><span class=\"text1noticias\">El mandatario manifest\u00f3 que la Rep\u00fablica Dominicana tiene una de la econom\u00eda con mayores niveles de exenciones.<\/span><\/p>\n<\/p>\n<p><span class=\"text1noticias\">\u00abSi siguen dando m\u00e1s exenciones el Estado llegar\u00e1 un momento en que no podr\u00e1 clavar ni un clavo\u00bb, enfatiz\u00f3 el gobernante.<\/span><\/p>\n<\/p>\n<p><span class=\"text1noticias\">Indic\u00f3 que esa son las dificultades que tiene que enfrentar el gobierno en t\u00e9rminos de recursos econ\u00f3micos para poder manejarse.<\/span><\/p>\n<\/p>\n<p><strong><span class=\"text1noticias\">Magia para mantener estabilidad<\/span><\/strong><\/p>\n<\/p>\n<p><span class=\"text1noticias\">En otro orden, indic\u00f3 que a su llegada al poder la cantidad de recursos que ten\u00eda el Estado estaba en un 13 por ciento del Producto Interno Bruto y que con la Reforma Fiscal ese lleg\u00f3 a cerca de un 14 por ciento.<\/span><\/p>\n<\/p>\n<p><span class=\"text1noticias\">Ahora con el acuerdo con la Barrick Gold estar\u00e1 pr\u00f3ximo al 15 por ciento. Eso es todo lo que recibimos en Rep\u00fablica Dominicana, cerca del 15 por ciento de presi\u00f3n tributaria\u00bb, adujo.<\/span><\/p>\n<\/p>\n<p><span class=\"text1noticias\">Resalt\u00f3 que el gobierno est\u00e1 haciendo magia para mantener la estabilidad macroecon\u00f3mica, ya que al Estado no le sobran recursos.<\/span><\/p>\n<\/p>\n<p><span class=\"text1noticias\">En ese sentido, manifest\u00f3 que el Gobierno no est\u00e1 en capacidad de asumir m\u00e1s sacrificios.<\/span><\/p>\n<\/p>\n<p><span class=\"text1noticias\">En lo relativo a la tasa de cambio, el presidente Danilo Medina  observ\u00f3 que la econom\u00eda no est\u00e1 produciendo las divisas que se requiere.<\/span><\/p>\n<\/p>\n<p><span class=\"text1noticias\">\u00abPor eso es el esfuerzo que nosotros estamos haciendo en convertir el sector agropecuario en un sector exportador, eso es lo que queremos hacer, que sean exportadores, que generen divisas\u00bb, refiri\u00f3.<\/span><\/p>\n<\/p>\n<p><span class=\"text1noticias\">Agreg\u00f3 que el pa\u00eds est\u00e1 viviendo de la generaci\u00f3n de divisas del turismo, zonas francas y exportaciones.<\/span><\/p>\n<\/p>\n<\/p>\n<h6> 2013-09-06 22:47:22 <\/h6>\n<p><!--\n<link rel=\"stylesheet\" href=\"css\/bootstrap.min.css\">\n\n\n<ul class=\"pagination\">\n\t    \n\t\n\n<li >\n\t<a href='?page_no=14947'>Previous<\/a>\n\t<\/li>\n\n\n       \n    \n\n<li><a href='?page_no=1'>1<\/a><\/li>\n\n\n\n<li><a href='?page_no=2'>2<\/a><\/li>\n\n\n\n<li><a>...<\/a><\/li>\n\n\n\n<li><a href='?page_no=14946'>14946<\/a><\/li>\n\n\n\n<li><a href='?page_no=14947'>14947<\/a><\/li>\n\n\n\n<li class='active'><a>14948<\/a><\/li>\n\n\n\n<li><a href='?page_no=14949'>14949<\/a><\/li>\n\n\n\n<li><a href='?page_no=14950'>14950<\/a><\/li>\n\n\n\n<li><a>...<\/a><\/li>\n\n\n\n<li><a href='?page_no=30472'>30472<\/a><\/li>\n\n\n\n<li><a href='?page_no=30473'>30473<\/a><\/li>\n\n    \n\t\n\n<li >\n\t<a href='?page_no=14949'>Next<\/a>\n\t<\/li>\n\n\n    \n\n<li><a href='?page_no=30473'>Last &rsaquo;&rsaquo;<\/a><\/li>\n\n<\/ul>\n\n\n--><br \/>\n<\/body><\/p>\n","protected":false},"excerpt":{"rendered":"<p>PUERTO PLATA, RD, 6 de Septiembre (Dicom).-Al recibir un reconocimiento por su apoyo a los agricultores, el presidente Danilo Medina dijo que el Gobierno avanza en una soluci\u00f3n del problema de la energ\u00eda el\u00e9ctrica que contribuir\u00e1 a bajar los costos de producci\u00f3n. El reconocimiento le fue entregado de manos del presidente de la JAD, Osmar [&hellip;]<\/p>\n","protected":false},"author":3,"featured_media":0,"comment_status":"open","ping_status":"open","sticky":false,"template":"","format":"standard","meta":{"footnotes":""},"categories":[18],"tags":[],"class_list":["post-99495","post","type-post","status-publish","format-standard","hentry","category-economia"],"_links":{"self":[{"href":"https:\/\/diariodominicano.com\/index.php?rest_route=\/wp\/v2\/posts\/99495","targetHints":{"allow":["GET"]}}],"collection":[{"href":"https:\/\/diariodominicano.com\/index.php?rest_route=\/wp\/v2\/posts"}],"about":[{"href":"https:\/\/diariodominicano.com\/index.php?rest_route=\/wp\/v2\/types\/post"}],"author":[{"embeddable":true,"href":"https:\/\/diariodominicano.com\/index.php?rest_route=\/wp\/v2\/users\/3"}],"replies":[{"embeddable":true,"href":"https:\/\/diariodominicano.com\/index.php?rest_route=%2Fwp%2Fv2%2Fcomments&post=99495"}],"version-history":[{"count":0,"href":"https:\/\/diariodominicano.com\/index.php?rest_route=\/wp\/v2\/posts\/99495\/revisions"}],"wp:attachment":[{"href":"https:\/\/diariodominicano.com\/index.php?rest_route=%2Fwp%2Fv2%2Fmedia&parent=99495"}],"wp:term":[{"taxonomy":"category","embeddable":true,"href":"https:\/\/diariodominicano.com\/index.php?rest_route=%2Fwp%2Fv2%2Fcategories&post=99495"},{"taxonomy":"post_tag","embeddable":true,"href":"https:\/\/diariodominicano.com\/index.php?rest_route=%2Fwp%2Fv2%2Ftags&post=99495"}],"curies":[{"name":"wp","href":"https:\/\/api.w.org\/{rel}","templated":true}]}}