{"id":99494,"date":"2013-09-07T15:09:52","date_gmt":"2013-09-07T15:09:52","guid":{"rendered":"http:\/\/diariodominicano.ddns.net\/?p=99494"},"modified":"2013-09-07T15:09:52","modified_gmt":"2013-09-07T15:09:52","slug":"ministros-de-petrocaribe-se-reunen-para-impulsar-zona-economica-regional","status":"publish","type":"post","link":"https:\/\/diariodominicano.com\/?p=99494","title":{"rendered":"Ministros de Petrocaribe se re\u00fanen para impulsar zona econ\u00f3mica regional&#13;"},"content":{"rendered":"<p><body><\/p>\n<p><img decoding=\"async\" src=\"img3\/petro 7.jpg\" \/>  <\/p>\n<p>Puerto Pr\u00edncipe, Hait\u00ed 7 septiembre.- El und\u00e9cimo Consejo de Ministros de Petrocaribe abri\u00f3 hoy sus puertas en Puerto Pr\u00edncipe, para una reuni\u00f3n de dos d\u00edas que se celebra por primera vez en este pa\u00eds caribe\u00f1o, miembro del acuerdo desde 2006.<\/p>\n<\/p>\n<p>Esta reuni\u00f3n se centrar\u00e1 en el establecimiento de la zona econ\u00f3mica de Petrocaribe, que es un \u00e1rea de producci\u00f3n y el comercio de bienes y servicios entre los pa\u00edses de la regi\u00f3n.<\/p>\n<\/p>\n<p>\u00abEspero que las resoluciones y decisiones que se tomen ac\u00e1 allanar\u00e1n el camino para un futuro brillante para todos los pueblos pertenecientes a esta nueva zona econ\u00f3mica regional\u00bb, dijo el ministro haitiano de Relaciones Exteriores, Pierre-Richard Casimir, en su discurso de bienvenida.<\/p>\n<\/p>\n<p>Los principales temas a tocarse en este encuentro son transporte y comunicaciones, las cadenas de producci\u00f3n, turismo, comercio e integraci\u00f3n, as\u00ed como programas sociales y culturales.<\/p>\n<\/p>\n<p>Hait\u00ed, responsable de la ejecuci\u00f3n de programas sociales, debe presentar los temas: Centro de integraci\u00f3n comunitaria, Universidad de Petrocaribe y actividades culturales.<\/p>\n<\/p>\n<p>La menci\u00f3n del nombre del fallecido expresidente de Venezuela Hugo Ch\u00e1vez, quien cre\u00f3 el acuerdo de cooperaci\u00f3n energ\u00e9tica, fue suficiente para desencadenar una lluvia de aplausos en la sala donde se celebr\u00f3 el primero de los dos d\u00edas de reuni\u00f3n.<\/p>\n<\/p>\n<p>En este contexto, el canciller haitiano rindi\u00f3 un homenaje a Ch\u00e1vez por \u00absu visi\u00f3n, su coraje y su liderazgo, formando la base para una nueva forma de cooperaci\u00f3n\u00bb.<\/p>\n<\/p>\n<p>El funcionario dijo que las delegaciones presentes en el encuentro, tienen la determinaci\u00f3n de \u00abinvolucrarse activamente en la maduraci\u00f3n y el desarrollo de Petrocaribe\u00bb.<\/p>\n<\/p>\n<p>Este bloque est\u00e1 integrado por Antigua y Barbuda, Bahamas, Belice, Cuba, Dominica, Granada, Guatemala, Guyana, Hait\u00ed, Honduras, Jamaica, Nicaragua, Rep\u00fablica Dominicana, San Crist\u00f3bal y Nieves, San Vicente y las Granadinas, Santa Luc\u00eda, Surinam y Venezuela.<\/p>\n<\/p>\n<\/p>\n<h6> 2013-09-07 15:09:52 <\/h6>\n<p><!--\n<link rel=\"stylesheet\" href=\"css\/bootstrap.min.css\">\n\n\n<ul class=\"pagination\">\n\t    \n\t\n\n<li >\n\t<a href='?page_no=14946'>Previous<\/a>\n\t<\/li>\n\n\n       \n    \n\n<li><a href='?page_no=1'>1<\/a><\/li>\n\n\n\n<li><a href='?page_no=2'>2<\/a><\/li>\n\n\n\n<li><a>...<\/a><\/li>\n\n\n\n<li><a href='?page_no=14945'>14945<\/a><\/li>\n\n\n\n<li><a href='?page_no=14946'>14946<\/a><\/li>\n\n\n\n<li class='active'><a>14947<\/a><\/li>\n\n\n\n<li><a href='?page_no=14948'>14948<\/a><\/li>\n\n\n\n<li><a href='?page_no=14949'>14949<\/a><\/li>\n\n\n\n<li><a>...<\/a><\/li>\n\n\n\n<li><a href='?page_no=30472'>30472<\/a><\/li>\n\n\n\n<li><a href='?page_no=30473'>30473<\/a><\/li>\n\n    \n\t\n\n<li >\n\t<a href='?page_no=14948'>Next<\/a>\n\t<\/li>\n\n\n    \n\n<li><a href='?page_no=30473'>Last &rsaquo;&rsaquo;<\/a><\/li>\n\n<\/ul>\n\n\n--><br \/>\n<\/body><\/p>\n","protected":false},"excerpt":{"rendered":"<p>Puerto Pr\u00edncipe, Hait\u00ed 7 septiembre.- El und\u00e9cimo Consejo de Ministros de Petrocaribe abri\u00f3 hoy sus puertas en Puerto Pr\u00edncipe, para una reuni\u00f3n de dos d\u00edas que se celebra por primera vez en este pa\u00eds caribe\u00f1o, miembro del acuerdo desde 2006. Esta reuni\u00f3n se centrar\u00e1 en el establecimiento de la zona econ\u00f3mica de Petrocaribe, que es [&hellip;]<\/p>\n","protected":false},"author":3,"featured_media":0,"comment_status":"open","ping_status":"open","sticky":false,"template":"","format":"standard","meta":{"footnotes":""},"categories":[18],"tags":[],"class_list":["post-99494","post","type-post","status-publish","format-standard","hentry","category-economia"],"_links":{"self":[{"href":"https:\/\/diariodominicano.com\/index.php?rest_route=\/wp\/v2\/posts\/99494","targetHints":{"allow":["GET"]}}],"collection":[{"href":"https:\/\/diariodominicano.com\/index.php?rest_route=\/wp\/v2\/posts"}],"about":[{"href":"https:\/\/diariodominicano.com\/index.php?rest_route=\/wp\/v2\/types\/post"}],"author":[{"embeddable":true,"href":"https:\/\/diariodominicano.com\/index.php?rest_route=\/wp\/v2\/users\/3"}],"replies":[{"embeddable":true,"href":"https:\/\/diariodominicano.com\/index.php?rest_route=%2Fwp%2Fv2%2Fcomments&post=99494"}],"version-history":[{"count":0,"href":"https:\/\/diariodominicano.com\/index.php?rest_route=\/wp\/v2\/posts\/99494\/revisions"}],"wp:attachment":[{"href":"https:\/\/diariodominicano.com\/index.php?rest_route=%2Fwp%2Fv2%2Fmedia&parent=99494"}],"wp:term":[{"taxonomy":"category","embeddable":true,"href":"https:\/\/diariodominicano.com\/index.php?rest_route=%2Fwp%2Fv2%2Fcategories&post=99494"},{"taxonomy":"post_tag","embeddable":true,"href":"https:\/\/diariodominicano.com\/index.php?rest_route=%2Fwp%2Fv2%2Ftags&post=99494"}],"curies":[{"name":"wp","href":"https:\/\/api.w.org\/{rel}","templated":true}]}}