{"id":99485,"date":"2013-09-09T15:39:39","date_gmt":"2013-09-09T15:39:39","guid":{"rendered":"http:\/\/diariodominicano.ddns.net\/?p=99485"},"modified":"2013-09-09T15:39:39","modified_gmt":"2013-09-09T15:39:39","slug":"direccion-general-de-mineria-dice-loma-miranda-no-es-un-caso-cerrado","status":"publish","type":"post","link":"https:\/\/diariodominicano.com\/?p=99485","title":{"rendered":"Direcci\u00f3n General de Miner\u00eda dice Loma Miranda no es un caso cerrado"},"content":{"rendered":"<p><body><\/p>\n<p><img decoding=\"async\" src=\"img3\/miranda 9.php.html\" \/>  <\/p>\n<p>Santo Domingo RD &#8211; La explotaci\u00f3n de n\u00edquel en loma Miranda no es un caso cerrado, seg\u00fan el director general de Miner\u00eda, Alexander Medina Herasme.<\/p>\n<\/p>\n<p>Dijo que la  Falcondo Xstrata Nickel deber\u00e1 hacer otros estudios y presentar  t\u00e9cnicas de extracci\u00f3n m\u00e1s modernas con menor impacto del medioambiente para solicitar un nuevo permiso y proceder a la extracci\u00f3n de 20 millones de toneladas del mineral. <\/p>\n<\/p>\n<p>Explic\u00f3 que en junio pasado, Medio Ambiente neg\u00f3 el permiso a Falcondo luego de que la empresa sometiera un estudio de impacto ambiental con el fin de explotar el yacimiento de n\u00edquel.<\/p>\n<\/p>\n<p>\u00abFalcondo indicaba c\u00f3mo iba a hacer  el trabajo y ante una oposici\u00f3n de sectores de La Vega, el Gobierno pidi\u00f3 la opini\u00f3n del Programa de las Naciones Unidas para el Desarrollo (PNUD), que luego fue enviada al Ministerio de Medio Ambiente, que decidi\u00f3 posponer el permiso pidiendo a Falcondo que cumpliera otros requisitos, hiciera otros estudios y presentara otras t\u00e9cnicas de extracci\u00f3n m\u00e1s modernas y de menor impacto ambiental para considerarlo en lo adelante\u00bb, sostuvo.<\/p>\n<h6> 2013-09-09 15:39:39 <\/h6>\n<p><!--\n<link rel=\"stylesheet\" href=\"css\/bootstrap.min.css\">\n\n\n<ul class=\"pagination\">\n\t    \n\t\n\n<li >\n\t<a href='?page_no=14938'>Previous<\/a>\n\t<\/li>\n\n\n       \n    \n\n<li><a href='?page_no=1'>1<\/a><\/li>\n\n\n\n<li><a href='?page_no=2'>2<\/a><\/li>\n\n\n\n<li><a>...<\/a><\/li>\n\n\n\n<li><a href='?page_no=14937'>14937<\/a><\/li>\n\n\n\n<li><a href='?page_no=14938'>14938<\/a><\/li>\n\n\n\n<li class='active'><a>14939<\/a><\/li>\n\n\n\n<li><a href='?page_no=14940'>14940<\/a><\/li>\n\n\n\n<li><a href='?page_no=14941'>14941<\/a><\/li>\n\n\n\n<li><a>...<\/a><\/li>\n\n\n\n<li><a href='?page_no=30472'>30472<\/a><\/li>\n\n\n\n<li><a href='?page_no=30473'>30473<\/a><\/li>\n\n    \n\t\n\n<li >\n\t<a href='?page_no=14940'>Next<\/a>\n\t<\/li>\n\n\n    \n\n<li><a href='?page_no=30473'>Last &rsaquo;&rsaquo;<\/a><\/li>\n\n<\/ul>\n\n\n--><br \/>\n<\/body><\/p>\n","protected":false},"excerpt":{"rendered":"<p>Santo Domingo RD &#8211; La explotaci\u00f3n de n\u00edquel en loma Miranda no es un caso cerrado, seg\u00fan el director general de Miner\u00eda, Alexander Medina Herasme. Dijo que la Falcondo Xstrata Nickel deber\u00e1 hacer otros estudios y presentar t\u00e9cnicas de extracci\u00f3n m\u00e1s modernas con menor impacto del medioambiente para solicitar un nuevo permiso y proceder a [&hellip;]<\/p>\n","protected":false},"author":3,"featured_media":0,"comment_status":"open","ping_status":"open","sticky":false,"template":"","format":"standard","meta":{"footnotes":""},"categories":[18],"tags":[],"class_list":["post-99485","post","type-post","status-publish","format-standard","hentry","category-economia"],"_links":{"self":[{"href":"https:\/\/diariodominicano.com\/index.php?rest_route=\/wp\/v2\/posts\/99485","targetHints":{"allow":["GET"]}}],"collection":[{"href":"https:\/\/diariodominicano.com\/index.php?rest_route=\/wp\/v2\/posts"}],"about":[{"href":"https:\/\/diariodominicano.com\/index.php?rest_route=\/wp\/v2\/types\/post"}],"author":[{"embeddable":true,"href":"https:\/\/diariodominicano.com\/index.php?rest_route=\/wp\/v2\/users\/3"}],"replies":[{"embeddable":true,"href":"https:\/\/diariodominicano.com\/index.php?rest_route=%2Fwp%2Fv2%2Fcomments&post=99485"}],"version-history":[{"count":0,"href":"https:\/\/diariodominicano.com\/index.php?rest_route=\/wp\/v2\/posts\/99485\/revisions"}],"wp:attachment":[{"href":"https:\/\/diariodominicano.com\/index.php?rest_route=%2Fwp%2Fv2%2Fmedia&parent=99485"}],"wp:term":[{"taxonomy":"category","embeddable":true,"href":"https:\/\/diariodominicano.com\/index.php?rest_route=%2Fwp%2Fv2%2Fcategories&post=99485"},{"taxonomy":"post_tag","embeddable":true,"href":"https:\/\/diariodominicano.com\/index.php?rest_route=%2Fwp%2Fv2%2Ftags&post=99485"}],"curies":[{"name":"wp","href":"https:\/\/api.w.org\/{rel}","templated":true}]}}