{"id":99484,"date":"2013-09-09T20:29:07","date_gmt":"2013-09-09T20:29:07","guid":{"rendered":"http:\/\/diariodominicano.ddns.net\/?p=99484"},"modified":"2013-09-09T20:29:07","modified_gmt":"2013-09-09T20:29:07","slug":"embajadora-de-paises-bajos-apuesta-por-la-promocion-de-la-agricultura-y-el-afianzamiento-de-las-relaciones-diplomaticas","status":"publish","type":"post","link":"https:\/\/diariodominicano.com\/?p=99484","title":{"rendered":"Embajadora de Pa\u00edses Bajos apuesta por la promoci\u00f3n de la agricultura y el afianzamiento de las relaciones diplom\u00e1ticas"},"content":{"rendered":"<p><body><\/p>\n<p><img decoding=\"async\" src=\"http:\/\/localhost:8080\/economia\/img3\/embajadora.jpg\" \/>  <\/p>\n<p><span class=\"text1noticias\">Santo Domingo, 09 de septiembre de 2013.- La  nueva  embajadora de los Pa\u00edses Bajos en el pa\u00eds, Marijke A. Van Drunen Littel, anunci\u00f3 que su gesti\u00f3n priorizar\u00e1 el intercambio comercial con la Rep\u00fablica Dominicana, al tiempo de asegurar que su naci\u00f3n est\u00e1 sumamente interesada en afianzar las relaciones bilaterales.<\/span><\/p>\n<\/p>\n<p><span class=\"text1noticias\">Van Drunen Littel manifest\u00f3 que los Pa\u00edses Bajos podr\u00edan dar asistencia y asesor\u00eda a la Rep\u00fablica Dominicana en el \u00e1rea de la agricultura tropical, espec\u00edficamente en lo relativo a la siembra de bananos.<\/span><\/p>\n<\/p>\n<p><span class=\"text1noticias\">\u00abNos interesa colaborar en el desarrollo econ\u00f3mico de la Republica Dominicana, a trav\u00e9s del apoyo econ\u00f3mico que podemos facilitar\u00bb refiri\u00f3 la nueva diplom\u00e1tica.<\/span><\/p>\n<\/p>\n<p><span class=\"text1noticias\">Valor\u00f3 que ambos Estados han mantenido excelentes relaciones durante muchos a\u00f1os, las cuales asegura se afianzar\u00e1n durante su gesti\u00f3n en territorio dominicano.<\/span><\/p>\n<\/p>\n<p><span class=\"text1noticias\">Drunen Littel lleg\u00f3 al pa\u00eds procedente de Mumbai, en La India, donde se desempe\u00f1\u00f3 como C\u00f3nsul General.<\/span><\/p>\n<\/p>\n<p><span class=\"text1noticias\">La nueva embajadora de los Pa\u00edses Bajos tiene una amplia experiencia en la diplomacia, en la cual se inici\u00f3 en 1976, en el Ministerio de Relaciones Exteriores Neerland\u00e9s, desde el sector privado.<\/span><\/p>\n<\/p>\n<p><span class=\"text1noticias\">De 2005 a 2009 fungi\u00f3 como Segundo Jefe de Misi\u00f3n \/ Consejera en Brasilia, y previamente se hab\u00eda desempe\u00f1ado como Colaboradora de la Representaci\u00f3n Permanente de la Uni\u00f3n Europea en Bruselas, as\u00ed como Designada Temporal a la Organizaci\u00f3n Mundial de la Salud en Ginebra.(HG)<\/span>.<\/p>\n<\/p>\n<h6> 2013-09-09 20:29:07 <\/h6>\n<p><!--\n<link rel=\"stylesheet\" href=\"css\/bootstrap.min.css\">\n\n\n<ul class=\"pagination\">\n\t    \n\t\n\n<li >\n\t<a href='?page_no=14937'>Previous<\/a>\n\t<\/li>\n\n\n       \n    \n\n<li><a href='?page_no=1'>1<\/a><\/li>\n\n\n\n<li><a href='?page_no=2'>2<\/a><\/li>\n\n\n\n<li><a>...<\/a><\/li>\n\n\n\n<li><a href='?page_no=14936'>14936<\/a><\/li>\n\n\n\n<li><a href='?page_no=14937'>14937<\/a><\/li>\n\n\n\n<li class='active'><a>14938<\/a><\/li>\n\n\n\n<li><a href='?page_no=14939'>14939<\/a><\/li>\n\n\n\n<li><a href='?page_no=14940'>14940<\/a><\/li>\n\n\n\n<li><a>...<\/a><\/li>\n\n\n\n<li><a href='?page_no=30472'>30472<\/a><\/li>\n\n\n\n<li><a href='?page_no=30473'>30473<\/a><\/li>\n\n    \n\t\n\n<li >\n\t<a href='?page_no=14939'>Next<\/a>\n\t<\/li>\n\n\n    \n\n<li><a href='?page_no=30473'>Last &rsaquo;&rsaquo;<\/a><\/li>\n\n<\/ul>\n\n\n--><br \/>\n<\/body><\/p>\n","protected":false},"excerpt":{"rendered":"<p>Santo Domingo, 09 de septiembre de 2013.- La nueva embajadora de los Pa\u00edses Bajos en el pa\u00eds, Marijke A. Van Drunen Littel, anunci\u00f3 que su gesti\u00f3n priorizar\u00e1 el intercambio comercial con la Rep\u00fablica Dominicana, al tiempo de asegurar que su naci\u00f3n est\u00e1 sumamente interesada en afianzar las relaciones bilaterales. Van Drunen Littel manifest\u00f3 que los [&hellip;]<\/p>\n","protected":false},"author":3,"featured_media":0,"comment_status":"open","ping_status":"open","sticky":false,"template":"","format":"standard","meta":{"footnotes":""},"categories":[18],"tags":[],"class_list":["post-99484","post","type-post","status-publish","format-standard","hentry","category-economia"],"_links":{"self":[{"href":"https:\/\/diariodominicano.com\/index.php?rest_route=\/wp\/v2\/posts\/99484","targetHints":{"allow":["GET"]}}],"collection":[{"href":"https:\/\/diariodominicano.com\/index.php?rest_route=\/wp\/v2\/posts"}],"about":[{"href":"https:\/\/diariodominicano.com\/index.php?rest_route=\/wp\/v2\/types\/post"}],"author":[{"embeddable":true,"href":"https:\/\/diariodominicano.com\/index.php?rest_route=\/wp\/v2\/users\/3"}],"replies":[{"embeddable":true,"href":"https:\/\/diariodominicano.com\/index.php?rest_route=%2Fwp%2Fv2%2Fcomments&post=99484"}],"version-history":[{"count":0,"href":"https:\/\/diariodominicano.com\/index.php?rest_route=\/wp\/v2\/posts\/99484\/revisions"}],"wp:attachment":[{"href":"https:\/\/diariodominicano.com\/index.php?rest_route=%2Fwp%2Fv2%2Fmedia&parent=99484"}],"wp:term":[{"taxonomy":"category","embeddable":true,"href":"https:\/\/diariodominicano.com\/index.php?rest_route=%2Fwp%2Fv2%2Fcategories&post=99484"},{"taxonomy":"post_tag","embeddable":true,"href":"https:\/\/diariodominicano.com\/index.php?rest_route=%2Fwp%2Fv2%2Ftags&post=99484"}],"curies":[{"name":"wp","href":"https:\/\/api.w.org\/{rel}","templated":true}]}}