{"id":99479,"date":"2013-09-10T18:26:05","date_gmt":"2013-09-10T18:26:05","guid":{"rendered":"http:\/\/diariodominicano.ddns.net\/?p=99479"},"modified":"2013-09-10T18:26:05","modified_gmt":"2013-09-10T18:26:05","slug":"vuelos-regulares-desde-la-republica-checa-a-santo-domingo","status":"publish","type":"post","link":"https:\/\/diariodominicano.com\/?p=99479","title":{"rendered":"Vuelos regulares desde la Rep\u00fablica Checa a Santo Domingo"},"content":{"rendered":"<p><body><\/p>\n<p><img decoding=\"async\" src=\"http:\/\/localhost:8080\/economia\/img3\/javier.JPG\" \/>  <\/p>\n<p><span class=\"text1noticias\">Santo Domingo, RD, 10 de Septiembre.-El Ministerio de Turismo anunci\u00f3 que la aerol\u00ednea bandera nacional checa iniciar\u00e1 vuelos regulares desde Praga a Santo Domingo, en combinaci\u00f3n con Air Europa, a partir del pr\u00f3ximo invierno.<\/span><\/p>\n<\/p>\n<p><span class=\"text1noticias\">De acuerdo con el ministro Francisco Javier Garc\u00eda, es la primera vez que Checa Airline realiza vuelos regulares  a Santo Domingo y que esto responde a la iniciativa del instituci\u00f3n de fomentar mas conexiones con Europa del Este, donde ha crecido el inter\u00e9s por conocer Rep\u00fablica Dominicana.<\/span><\/p>\n<\/p>\n<p><span class=\"text1noticias\">\u00abEstos mercados emergentes han llamado el inter\u00e9s de nosotros, raz\u00f3n por lo cual hemos doblado el esfuerzo para que contin\u00faen creciendo, el resultado es el anuncio de cuatro nuevos vuelos desde Praga, vuelos regulares, no solo en la temporada de invierno\u00bb, inform\u00f3 Garc\u00eda.<\/span><\/p>\n<\/p>\n<p><span class=\"text1noticias\">En total Checa, Airline volar\u00e1 cuatro veces a la semana, lunes, mi\u00e9rcoles, viernes y domingo, con escala en Madrid, donde los pasajeros har\u00e1n sus conexiones con Air Europa, para arribar a su destino final en Santo Domingo.<\/span><\/p>\n<\/p>\n<p><span class=\"text1noticias\">De acuerdo con Leila Boasier, directora de la Oficina de Promoci\u00f3n Tur\u00edstica en Praga, dijo que los tour operadores checos mantienen la confianza en el mercado dominicano, confirmando la continuaci\u00f3n de los vuelos  ch\u00e1rter a varios destinos.<\/span><\/p>\n<\/p>\n<p><span class=\"text1noticias\">\u00abEl tour operadores EXIM Tour ha confirmado su ch\u00e1rter a Puerto Plata, de igual manera  CEDOK, ESO Tour y FISHER contin\u00faan tambi\u00e9n con sus ch\u00e1rter a Punta Cana, esto nos garantiza que continuaremos creciendo durante el resto del a\u00f1o\u00a8, dijo la directora.<\/span><\/p>\n<\/p>\n<p><span class=\"text1noticias\">Agreg\u00f3 que desde Polonia el Tour Operador Taka, en colaboraci\u00f3n con la aerol\u00ednea LOT, operaran vuelos hasta La Romana. La Rep\u00fablica Checa ha tenido un crecimiento sorprendente en el primer semestre del 2013, superando el 17 por ciento en igual periodo del 2012.(HG)<\/span>.<\/p>\n<h6> 2013-09-10 18:26:05 <\/h6>\n<p><!--\n<link rel=\"stylesheet\" href=\"css\/bootstrap.min.css\">\n\n\n<ul class=\"pagination\">\n\t    \n\t\n\n<li >\n\t<a href='?page_no=14932'>Previous<\/a>\n\t<\/li>\n\n\n       \n    \n\n<li><a href='?page_no=1'>1<\/a><\/li>\n\n\n\n<li><a href='?page_no=2'>2<\/a><\/li>\n\n\n\n<li><a>...<\/a><\/li>\n\n\n\n<li><a href='?page_no=14931'>14931<\/a><\/li>\n\n\n\n<li><a href='?page_no=14932'>14932<\/a><\/li>\n\n\n\n<li class='active'><a>14933<\/a><\/li>\n\n\n\n<li><a href='?page_no=14934'>14934<\/a><\/li>\n\n\n\n<li><a href='?page_no=14935'>14935<\/a><\/li>\n\n\n\n<li><a>...<\/a><\/li>\n\n\n\n<li><a href='?page_no=30472'>30472<\/a><\/li>\n\n\n\n<li><a href='?page_no=30473'>30473<\/a><\/li>\n\n    \n\t\n\n<li >\n\t<a href='?page_no=14934'>Next<\/a>\n\t<\/li>\n\n\n    \n\n<li><a href='?page_no=30473'>Last &rsaquo;&rsaquo;<\/a><\/li>\n\n<\/ul>\n\n\n--><br \/>\n<\/body><\/p>\n","protected":false},"excerpt":{"rendered":"<p>Santo Domingo, RD, 10 de Septiembre.-El Ministerio de Turismo anunci\u00f3 que la aerol\u00ednea bandera nacional checa iniciar\u00e1 vuelos regulares desde Praga a Santo Domingo, en combinaci\u00f3n con Air Europa, a partir del pr\u00f3ximo invierno. De acuerdo con el ministro Francisco Javier Garc\u00eda, es la primera vez que Checa Airline realiza vuelos regulares a Santo Domingo [&hellip;]<\/p>\n","protected":false},"author":3,"featured_media":0,"comment_status":"open","ping_status":"open","sticky":false,"template":"","format":"standard","meta":{"footnotes":""},"categories":[18],"tags":[],"class_list":["post-99479","post","type-post","status-publish","format-standard","hentry","category-economia"],"_links":{"self":[{"href":"https:\/\/diariodominicano.com\/index.php?rest_route=\/wp\/v2\/posts\/99479","targetHints":{"allow":["GET"]}}],"collection":[{"href":"https:\/\/diariodominicano.com\/index.php?rest_route=\/wp\/v2\/posts"}],"about":[{"href":"https:\/\/diariodominicano.com\/index.php?rest_route=\/wp\/v2\/types\/post"}],"author":[{"embeddable":true,"href":"https:\/\/diariodominicano.com\/index.php?rest_route=\/wp\/v2\/users\/3"}],"replies":[{"embeddable":true,"href":"https:\/\/diariodominicano.com\/index.php?rest_route=%2Fwp%2Fv2%2Fcomments&post=99479"}],"version-history":[{"count":0,"href":"https:\/\/diariodominicano.com\/index.php?rest_route=\/wp\/v2\/posts\/99479\/revisions"}],"wp:attachment":[{"href":"https:\/\/diariodominicano.com\/index.php?rest_route=%2Fwp%2Fv2%2Fmedia&parent=99479"}],"wp:term":[{"taxonomy":"category","embeddable":true,"href":"https:\/\/diariodominicano.com\/index.php?rest_route=%2Fwp%2Fv2%2Fcategories&post=99479"},{"taxonomy":"post_tag","embeddable":true,"href":"https:\/\/diariodominicano.com\/index.php?rest_route=%2Fwp%2Fv2%2Ftags&post=99479"}],"curies":[{"name":"wp","href":"https:\/\/api.w.org\/{rel}","templated":true}]}}