{"id":99478,"date":"2013-09-10T18:32:01","date_gmt":"2013-09-10T18:32:01","guid":{"rendered":"http:\/\/diariodominicano.ddns.net\/?p=99478"},"modified":"2013-09-10T18:32:01","modified_gmt":"2013-09-10T18:32:01","slug":"viceministro-mepyd-aclara-rd-mejoro-indice-competitividad","status":"publish","type":"post","link":"https:\/\/diariodominicano.com\/?p=99478","title":{"rendered":"&#13;&#13;Viceministro MEPyD Aclara RD mejor\u00f3  \u00cdndice Competitividad"},"content":{"rendered":"<p><body><\/p>\n<\/p>\n<p><span class=\"text1noticias\">Santo Domingo, RD, 10 de septiembre.- La Rep\u00fablica Dominicana mejor\u00f3 ligeramente su posici\u00f3n en el \u00cdndice de Competitividad Mundial, si se toma en cuenta que este a\u00f1o fue mayor  el n\u00famero de pa\u00edses evaluados  por el Foro Econ\u00f3mico Mundial.<\/span><\/p>\n<\/p>\n<p><span class=\"text1noticias\">La aclaraci\u00f3n fue hecha por el viceministro de Gesti\u00f3n de Competitividad del Ministerio de Econom\u00eda, Planificaci\u00f3n y Desarrollo, licenciado Juan Reyes, quien destac\u00f3 que a pesar de aparecer en el lugar 105, igual que en la evaluaci\u00f3n anterior, este a\u00f1o se agregaron cuatro pa\u00edses (148). <\/span><\/p>\n<\/p>\n<p><span class=\"text1noticias\">Entrevistado en el tele matutino El D\u00eda, por el Canal 11 de Tele sistema Dominicano, Reyes detall\u00f3 que el pa\u00eds tuvo ligeras mejoras en los aspectos de eficiencia de mercados de bienes, en desarrollo de mercado financiero, en satisfacci\u00f3n de negocios, en infraestructura y en innovaci\u00f3n.<\/span><\/p>\n<\/p>\n<p><span class=\"text1noticias\">No obstante, Rep\u00fablica Dominicana mantiene ventajas comparativas en varios renglones, como Inversi\u00f3n extranjera directa y transferencia de tecnolog\u00eda, en el que aparece en el lugar n\u00famero 11 de 148; calidad de infraestructura en el transporte a\u00e9reo  (47), asientos disponibles (49) y deuda gubernamental general (49).<\/span><\/p>\n<\/p>\n<p><span class=\"text1noticias\">Tambi\u00e9n presenta como fortalezas la solidez bancaria, con la posici\u00f3n n\u00famero 34 de 148; disponibilidad de servicio financiero (35), prevalencia propiedad extranjera (50), carga por procedimientos aduanales (51), operaci\u00f3n en relaci\u00f3n al  trabajo empleador (50) y tasa de comercializaci\u00f3n (48), dijo Reyes<\/span><\/p>\n<\/p>\n<p><span class=\"text1noticias\">El funcionario, seg\u00fan una nota de la Unidad de Comunicaciones del Ministerio de Econom\u00eda, dijo  que el Gobierno est\u00e1 tomando un sinn\u00famero de medidas para proveer a la Rep\u00fablica Dominicana de un clima de negocios adecuado y competitivo.<\/span><\/p>\n<\/p>\n<p><span class=\"text1noticias\">Explic\u00f3 que en el Ministerio de Industria y Comercio, a trav\u00e9s del Vice ministerio de las Pyme, se est\u00e1n haciendo cambios dram\u00e1ticos para facilitar el cr\u00e9dito, eliminar burocracia y elevar la transparencia.<\/span><\/p>\n<\/p>\n<p><span class=\"text1noticias\">Asegur\u00f3 que en la medida en que se avance en la implementaci\u00f3n de los pactos por la Educci\u00f3n, el\u00e9ctrico y financiero, vamos a tener resultados que van a impactar a mediano y largo plazos el tema de la competitividad.<\/span><\/p>\n<\/p>\n<p><span class=\"text1noticias\">El licenciado Reyes destac\u00f3 que la Rep\u00fablica Dominicana ha mejorado en la mayor\u00eda de los pilares con respecto a s\u00ed misma y que  las iniciativas que se est\u00e1n tomando con respecto a las Pyme, que constituyen el 90 por ciento de las empresas, van a impactar positivamente el tema de la competitividad.<\/span><\/p>\n<\/p>\n<p><span class=\"text1noticias\">Reyes dijo que la institucionalidad, que son los requerimientos b\u00e1sicos de una sociedad, fue el aspecto peor valorado en el pa\u00eds, con una puntuaci\u00f3n de 124 sobre 148, seguida del ambiente macroecon\u00f3mico (119), infraestructura (110) y salud y educaci\u00f3n primaria(110).<\/span><\/p>\n<\/p>\n<p><span class=\"text1noticias\">Esta puntuaci\u00f3n, explic\u00f3 Reyes, es fruto de la encuesta que las propis empresas dominicanas llenan en funci\u00f3n de todas las situaciones que se dan en la econom\u00eda con el tema de los sobornos, las d\u00e1divas, etc.<\/span><\/p>\n<\/p>\n<p><span class=\"text1noticias\">Dijo que este indicador es un reflejo de la realidad y est\u00e1 constituido por datos blandos, fruto de la percepci\u00f3n de las propis empresas dominicanas, y los datos duros, fruto de an\u00e1lisis m\u00e1s profundos, con datos provenientes de instituciones como el Banco Central.<\/span><\/p>\n<\/p>\n<p><span class=\"text1noticias\">Para ilustrar sobre la diferencia entre los datos blandos y duros, Reyes puso el ejemplo de Chile, pa\u00eds con una econom\u00eda sumamente competitiva y un nivel de educaci\u00f3n muy adecuado y que, sin embargo, aparece en el lugar 107 en el cap\u00edtulo educaci\u00f3n del \u00cdndice de Competitividad. <\/span><\/p>\n<\/p>\n<p><span class=\"text1noticias\">Por razones coyunturales de un proceso de privatizaci\u00f3n de la educaci\u00f3n, dijo el funcionario, ellos mismos se valoran en el lugar 107, pero no es verdad que la educaci\u00f3n primaria en Chile est\u00e9 por debajo de la de muchos pa\u00edses.<\/span><\/p>\n<h6> 2013-09-10 18:32:01 <\/h6>\n<p><!--\n<link rel=\"stylesheet\" href=\"css\/bootstrap.min.css\">\n\n\n<ul class=\"pagination\">\n\t    \n\t\n\n<li >\n\t<a href='?page_no=14931'>Previous<\/a>\n\t<\/li>\n\n\n       \n    \n\n<li><a href='?page_no=1'>1<\/a><\/li>\n\n\n\n<li><a href='?page_no=2'>2<\/a><\/li>\n\n\n\n<li><a>...<\/a><\/li>\n\n\n\n<li><a href='?page_no=14930'>14930<\/a><\/li>\n\n\n\n<li><a href='?page_no=14931'>14931<\/a><\/li>\n\n\n\n<li class='active'><a>14932<\/a><\/li>\n\n\n\n<li><a href='?page_no=14933'>14933<\/a><\/li>\n\n\n\n<li><a href='?page_no=14934'>14934<\/a><\/li>\n\n\n\n<li><a>...<\/a><\/li>\n\n\n\n<li><a href='?page_no=30472'>30472<\/a><\/li>\n\n\n\n<li><a href='?page_no=30473'>30473<\/a><\/li>\n\n    \n\t\n\n<li >\n\t<a href='?page_no=14933'>Next<\/a>\n\t<\/li>\n\n\n    \n\n<li><a href='?page_no=30473'>Last &rsaquo;&rsaquo;<\/a><\/li>\n\n<\/ul>\n\n\n--><br \/>\n<\/body><\/p>\n","protected":false},"excerpt":{"rendered":"<p>Santo Domingo, RD, 10 de septiembre.- La Rep\u00fablica Dominicana mejor\u00f3 ligeramente su posici\u00f3n en el \u00cdndice de Competitividad Mundial, si se toma en cuenta que este a\u00f1o fue mayor el n\u00famero de pa\u00edses evaluados por el Foro Econ\u00f3mico Mundial. La aclaraci\u00f3n fue hecha por el viceministro de Gesti\u00f3n de Competitividad del Ministerio de Econom\u00eda, Planificaci\u00f3n [&hellip;]<\/p>\n","protected":false},"author":3,"featured_media":0,"comment_status":"open","ping_status":"open","sticky":false,"template":"","format":"standard","meta":{"footnotes":""},"categories":[18],"tags":[],"class_list":["post-99478","post","type-post","status-publish","format-standard","hentry","category-economia"],"_links":{"self":[{"href":"https:\/\/diariodominicano.com\/index.php?rest_route=\/wp\/v2\/posts\/99478","targetHints":{"allow":["GET"]}}],"collection":[{"href":"https:\/\/diariodominicano.com\/index.php?rest_route=\/wp\/v2\/posts"}],"about":[{"href":"https:\/\/diariodominicano.com\/index.php?rest_route=\/wp\/v2\/types\/post"}],"author":[{"embeddable":true,"href":"https:\/\/diariodominicano.com\/index.php?rest_route=\/wp\/v2\/users\/3"}],"replies":[{"embeddable":true,"href":"https:\/\/diariodominicano.com\/index.php?rest_route=%2Fwp%2Fv2%2Fcomments&post=99478"}],"version-history":[{"count":0,"href":"https:\/\/diariodominicano.com\/index.php?rest_route=\/wp\/v2\/posts\/99478\/revisions"}],"wp:attachment":[{"href":"https:\/\/diariodominicano.com\/index.php?rest_route=%2Fwp%2Fv2%2Fmedia&parent=99478"}],"wp:term":[{"taxonomy":"category","embeddable":true,"href":"https:\/\/diariodominicano.com\/index.php?rest_route=%2Fwp%2Fv2%2Fcategories&post=99478"},{"taxonomy":"post_tag","embeddable":true,"href":"https:\/\/diariodominicano.com\/index.php?rest_route=%2Fwp%2Fv2%2Ftags&post=99478"}],"curies":[{"name":"wp","href":"https:\/\/api.w.org\/{rel}","templated":true}]}}