{"id":99477,"date":"2013-09-10T18:48:23","date_gmt":"2013-09-10T18:48:23","guid":{"rendered":"http:\/\/diariodominicano.ddns.net\/?p=99477"},"modified":"2013-09-10T18:48:23","modified_gmt":"2013-09-10T18:48:23","slug":"encabeza-transformacion-del-proceso-de-produccion-de-la-uva-y-el-vino-de-neyba","status":"publish","type":"post","link":"https:\/\/diariodominicano.com\/?p=99477","title":{"rendered":"Encabeza transformaci\u00f3n del proceso de producci\u00f3n de la Uva y el Vino de Neyba"},"content":{"rendered":"<p><body><\/p>\n<p><img decoding=\"async\" src=\"img3\/fronterizo.jpg\" \/>  <\/p>\n<p><span class=\"text1noticias\">Santo Domingo, RD, 10 de Septiembre.-El director general de Desarrollo Fronterizo, Miguel Bejar\u00e1n inici\u00f3 la transformaci\u00f3n de los procesos de cultivo y cosecha de la uva, as\u00ed como de extracci\u00f3n del vino y sus derivados, con el prop\u00f3sito de industrializar dichos productos, para convertir a los productores del Valle de Neyba en autosuficientes.<\/span><\/p>\n<\/p>\n<p><span class=\"text1noticias\">Esta transformaci\u00f3n se inicio con el  convenio firmado entre el Consejo Nacional de Competitividad-CNC-y la Direcci\u00f3n General de Desarrollo Fronterizo-DGDF-, en el cual se estableci\u00f3 un programa de an\u00e1lisis e investigaci\u00f3n con los productores, las distintas asociaciones que los agrupan, y sectores independientes que intervienen en la cadena de valor del rubro, lo que dio como resultado la conformaci\u00f3n del \u00abCl\u00faster de la Uva\u00bb, entidad que organizar\u00eda los procesos de producci\u00f3n y comercializaci\u00f3n de la uva y sus derivados.<\/span><\/p>\n<\/p>\n<p><span class=\"text1noticias\">Para la conformaci\u00f3n de este Cl\u00faster, Miguel Bejar\u00e1n realiz\u00f3 una serie de talleres, encuentros y reuniones con productores, vendedores informales y empresarios de la uva, as\u00ed como tambi\u00e9n con los directivos de asociaciones de productores y de la cooperativa de Vitivinicultores-COOPEVINE-, del Instituto Nacional de la Uva-INUVA-, comunitarios de la zona y autoridades municipales, adem\u00e1s se integraron a la mesa de trabajo las instituciones gubernamentales que intervienen en el tema agropecuario y que influyen en la provincia Bahoruco.<\/span><\/p>\n<\/p>\n<p><span class=\"text1noticias\">\u00abComo resultado de estas reuniones se produjo un Plan Estrat\u00e9gico consensuado para relanzar al sector productor de uva y vinos de Neyba, que cuenta con un aporte para su financiamiento de 150 mil d\u00f3lares de fondos procedentes del BID- FONDEC, a trav\u00e9s del CNC y una contrapartida de un mill\u00f3n y medio aportados por varias instituciones, incluyendo a la direcci\u00f3n general de Desarrollo Fronterizo\u00bb. Indic\u00f3 Bejar\u00e1n.<\/span><\/p>\n<p><span class=\"text1noticias\">De igual modo, se prepar\u00f3 un proyecto de financiaci\u00f3n, v\u00eda COOPEVINE, para el equipamiento de la bodega de vino y para la conformaci\u00f3n de una procesadora de jugo de uva, lo que representaba la realizaci\u00f3n de un sue\u00f1o de los productores; el empr\u00e9stito seria desembolsado por el FEDA, por un monto de 20 millones de pesos y tendr\u00eda el acompa\u00f1amiento del IIBI y de ONAPI, para el desarrollo de una marca: Pa\u00eds-Regi\u00f3n.<\/span><\/p>\n<\/p>\n<p><span class=\"text1noticias\">\u00abHemos movilizado todas las instancias del gobierno para viabilizar la asistencia tanto t\u00e9cnica, cient\u00edfica como financiera en busca de industrializar la uva y el vino de Neyba; mejorar sus tierras, equipar la bodega donde se procesa la materia prima y dotarlos de una entidad que les proporcione las herramientas para comercializar con eficiencia un producto marca pa\u00eds\u00bb. Agreg\u00f3 el director de Desarrollo Fronterizo. <\/span><\/p>\n<\/p>\n<p><span class=\"text1noticias\">Miguel Bejar\u00e1n manifest\u00f3 que a ra\u00edz de la visita del presidente Danilo Medina a los productores de uva de Neyba la comisi\u00f3n designada por el mandatario aceler\u00f3 los trabajos con miras a organizar a ese sector, logrando concluir dichos procedimientos, al tiempo que solo se est\u00e1 a la espera de que los productores del rubro se pongan de acuerdo para asumir un modelo sustentable, que revierta el proceso de crisis permanente que a retrotra\u00eddo la producci\u00f3n de 11 mil tareas de cultivo a solo 2300 tareas, en diez a\u00f1os.(HG)<\/span>.<\/p>\n<\/p>\n<\/p>\n<\/p>\n<h6> 2013-09-10 18:48:23 <\/h6>\n<p><!--\n<link rel=\"stylesheet\" href=\"css\/bootstrap.min.css\">\n\n\n<ul class=\"pagination\">\n\t    \n\t\n\n<li >\n\t<a href='?page_no=14930'>Previous<\/a>\n\t<\/li>\n\n\n       \n    \n\n<li><a href='?page_no=1'>1<\/a><\/li>\n\n\n\n<li><a href='?page_no=2'>2<\/a><\/li>\n\n\n\n<li><a>...<\/a><\/li>\n\n\n\n<li><a href='?page_no=14929'>14929<\/a><\/li>\n\n\n\n<li><a href='?page_no=14930'>14930<\/a><\/li>\n\n\n\n<li class='active'><a>14931<\/a><\/li>\n\n\n\n<li><a href='?page_no=14932'>14932<\/a><\/li>\n\n\n\n<li><a href='?page_no=14933'>14933<\/a><\/li>\n\n\n\n<li><a>...<\/a><\/li>\n\n\n\n<li><a href='?page_no=30472'>30472<\/a><\/li>\n\n\n\n<li><a href='?page_no=30473'>30473<\/a><\/li>\n\n    \n\t\n\n<li >\n\t<a href='?page_no=14932'>Next<\/a>\n\t<\/li>\n\n\n    \n\n<li><a href='?page_no=30473'>Last &rsaquo;&rsaquo;<\/a><\/li>\n\n<\/ul>\n\n\n--><br \/>\n<\/body><\/p>\n","protected":false},"excerpt":{"rendered":"<p>Santo Domingo, RD, 10 de Septiembre.-El director general de Desarrollo Fronterizo, Miguel Bejar\u00e1n inici\u00f3 la transformaci\u00f3n de los procesos de cultivo y cosecha de la uva, as\u00ed como de extracci\u00f3n del vino y sus derivados, con el prop\u00f3sito de industrializar dichos productos, para convertir a los productores del Valle de Neyba en autosuficientes. Esta transformaci\u00f3n [&hellip;]<\/p>\n","protected":false},"author":3,"featured_media":0,"comment_status":"open","ping_status":"open","sticky":false,"template":"","format":"standard","meta":{"footnotes":""},"categories":[18],"tags":[],"class_list":["post-99477","post","type-post","status-publish","format-standard","hentry","category-economia"],"_links":{"self":[{"href":"https:\/\/diariodominicano.com\/index.php?rest_route=\/wp\/v2\/posts\/99477","targetHints":{"allow":["GET"]}}],"collection":[{"href":"https:\/\/diariodominicano.com\/index.php?rest_route=\/wp\/v2\/posts"}],"about":[{"href":"https:\/\/diariodominicano.com\/index.php?rest_route=\/wp\/v2\/types\/post"}],"author":[{"embeddable":true,"href":"https:\/\/diariodominicano.com\/index.php?rest_route=\/wp\/v2\/users\/3"}],"replies":[{"embeddable":true,"href":"https:\/\/diariodominicano.com\/index.php?rest_route=%2Fwp%2Fv2%2Fcomments&post=99477"}],"version-history":[{"count":0,"href":"https:\/\/diariodominicano.com\/index.php?rest_route=\/wp\/v2\/posts\/99477\/revisions"}],"wp:attachment":[{"href":"https:\/\/diariodominicano.com\/index.php?rest_route=%2Fwp%2Fv2%2Fmedia&parent=99477"}],"wp:term":[{"taxonomy":"category","embeddable":true,"href":"https:\/\/diariodominicano.com\/index.php?rest_route=%2Fwp%2Fv2%2Fcategories&post=99477"},{"taxonomy":"post_tag","embeddable":true,"href":"https:\/\/diariodominicano.com\/index.php?rest_route=%2Fwp%2Fv2%2Ftags&post=99477"}],"curies":[{"name":"wp","href":"https:\/\/api.w.org\/{rel}","templated":true}]}}