{"id":99476,"date":"2013-09-10T19:15:35","date_gmt":"2013-09-10T19:15:35","guid":{"rendered":"http:\/\/diariodominicano.ddns.net\/?p=99476"},"modified":"2013-09-10T19:15:35","modified_gmt":"2013-09-10T19:15:35","slug":"agricultura-anuncia-construccion-de-3-mil-nuevos-kilometros-de-caminos-vecinales","status":"publish","type":"post","link":"https:\/\/diariodominicano.com\/?p=99476","title":{"rendered":"Agricultura anuncia construcci\u00f3n de 3 mil nuevos kil\u00f3metros de caminos vecinales"},"content":{"rendered":"<p><body><\/p>\n<p><img decoding=\"async\" src=\"img3\/agricultura.jpg\" \/>  <\/p>\n<p><span class=\"text1noticias\">Santo Domingo, RD, 10 de Septiembre.- El ministro de Agricultura, Luis Ram\u00f3n Rodr\u00edguez, anunci\u00f3 que esa cartera tiene en carpeta para el pr\u00f3ximo a\u00f1o la construcci\u00f3n de 3 mil nuevos kil\u00f3metros de caminos vecinales, con lo que dar\u00e1 respuesta a una de las principales demandas de los productores de las diferentes zonas agropecuarias del pa\u00eds. <\/span><\/p>\n<\/p>\n<p><span class=\"text1noticias\">El funcionario hizo el anuncio tras recibir un reconocimiento por parte de productores asociados de Pedro Brand, provincia Santo Domingo, por su labor encomiable para la construcci\u00f3n de los caminos vecinales de varias comunidades de ese municipio.<\/span><\/p>\n<\/p>\n<p><span class=\"text1noticias\">Rodr\u00edguez agradeci\u00f3 la distinci\u00f3n y dijo que el pa\u00eds no puede avanzar en el desarrollo del sector agropecuario, si no cuenta con los caminos adecuados que permitan sacar la producci\u00f3n de alimentos hacia los mercados.<\/span><\/p>\n<\/p>\n<p><span class=\"text1noticias\">Record\u00f3 que la meta para el primer a\u00f1o de gesti\u00f3n del presidente Danilo Medina en materia de construcci\u00f3n de caminos era de mil ochocientos kil\u00f3metros, y que esta fue superada, llegando a 2 mil 750.<\/span><\/p>\n<p><span class=\"text1noticias\">\u00abLa meta para el pr\u00f3ximo a\u00f1o es construir 3 mil kil\u00f3metros adicionales y seguir construyendo otros 3 mil cada a\u00f1o\u00bb, expres\u00f3 el ministro Rodr\u00edguez, los que dijo se enmarcan dentro de un programa de prioridades de acuerdo al volumen de tr\u00e1nsito y la importancia de la producci\u00f3n en una zona.<\/span><\/p>\n<\/p>\n<p><span class=\"text1noticias\">Mencion\u00f3 zonas como Bajo Yuna, que por su alta humedad necesita la presencia permanente de equipos de trabajo, y el camino desde Gonzalo hasta Los Limones, en Los Haitises, el cual ten\u00eda m\u00e1s de 40 a\u00f1os que no se interven\u00eda.<\/span><\/p>\n<\/p>\n<p><span class=\"text1noticias\">Explic\u00f3 que adem\u00e1s de los 3 mil kil\u00f3metros de caminos que construir\u00e1 Agricultura, corresponde igual labor a instituciones como Codocaf\u00e9, Obras P\u00fablicas, Comisi\u00f3n Nacional de Frontera, Comisi\u00f3n para el Desarrollo Provincial, entre otras.<\/span><\/p>\n<\/p>\n<p><span class=\"text1noticias\">Otras zonas prioritarias definidas por Rodr\u00edguez para la construcci\u00f3n de caminos son la regi\u00f3n Este, por su alta producci\u00f3n de leche; Carrera de Yegua, en Las Matas de Farf\u00e1n, por su gran producci\u00f3n de vegetales orientales para exportaci\u00f3n, y anunci\u00f3 para este jueves la entrega de 65 nuevos kil\u00f3metros de caminos en Manabao, zona de alta producci\u00f3n en invernadero.<\/span><\/p>\n<\/p>\n<p><span class=\"text1noticias\">Reconocimiento<\/span><\/p>\n<\/p>\n<p><span class=\"text1noticias\">El ministro Luis Ram\u00f3n Rodr\u00edguez fue reconocido por productores de la Asociaci\u00f3n San Nicol\u00e1s del Sol y de la Asociaci\u00f3n de Parceleros Hato Nuevo, cuyos presidentes destacaron que s\u00f3lo en las comunidades de El Lim\u00f3n y La Cuaba hac\u00eda m\u00e1s de 20 a\u00f1os que no se reparaban los caminos.<\/span><\/p>\n<\/p>\n<p><span class=\"text1noticias\">Mientras, el presidente de la Coordinadora Nacional de Campesinos y Agricultores (CONACAM), Blanco Pe\u00f1a (el pai), agradeci\u00f3 al ministro Rodr\u00edguez, y al Gabinete Agropecuario del gobierno, los esfuerzos que realizan a favor de los campesinos del pa\u00eds.<\/span><\/p>\n<\/p>\n<p><span class=\"text1noticias\">\u00abLo que usted haga bien, como lo est\u00e1 haciendo, los campesinos lo van a respaldar, porque juntos vamos a echar el campo hacia adelante\u00bb, expres\u00f3 Pe\u00f1a al entregar la placa de reconocimiento al ministro de Agricultura.<\/span><\/p>\n<\/p>\n<p><span class=\"text1noticias\">En la actividad, el ministro Rodr\u00edguez estuvo acompa\u00f1ado  por el asesor agr\u00edcola del Poder Ejecutivo, Carlos Segura Foster, los viceministros Luis Yang\u00fcela, de producci\u00f3n; Ismael Cruz, de Desarrollo; Manuel N\u00fa\u00f1ez Castillo, director del Departamento de Caminos Rurales, y la diputada Gertrudis Ram\u00edrez.(HG)<\/span>.<\/p>\n<h6> 2013-09-10 19:15:35 <\/h6>\n<p><!--\n<link rel=\"stylesheet\" href=\"css\/bootstrap.min.css\">\n\n\n<ul class=\"pagination\">\n\t    \n\t\n\n<li >\n\t<a href='?page_no=14929'>Previous<\/a>\n\t<\/li>\n\n\n       \n    \n\n<li><a href='?page_no=1'>1<\/a><\/li>\n\n\n\n<li><a href='?page_no=2'>2<\/a><\/li>\n\n\n\n<li><a>...<\/a><\/li>\n\n\n\n<li><a href='?page_no=14928'>14928<\/a><\/li>\n\n\n\n<li><a href='?page_no=14929'>14929<\/a><\/li>\n\n\n\n<li class='active'><a>14930<\/a><\/li>\n\n\n\n<li><a href='?page_no=14931'>14931<\/a><\/li>\n\n\n\n<li><a href='?page_no=14932'>14932<\/a><\/li>\n\n\n\n<li><a>...<\/a><\/li>\n\n\n\n<li><a href='?page_no=30472'>30472<\/a><\/li>\n\n\n\n<li><a href='?page_no=30473'>30473<\/a><\/li>\n\n    \n\t\n\n<li >\n\t<a href='?page_no=14931'>Next<\/a>\n\t<\/li>\n\n\n    \n\n<li><a href='?page_no=30473'>Last &rsaquo;&rsaquo;<\/a><\/li>\n\n<\/ul>\n\n\n--><br \/>\n<\/body><\/p>\n","protected":false},"excerpt":{"rendered":"<p>Santo Domingo, RD, 10 de Septiembre.- El ministro de Agricultura, Luis Ram\u00f3n Rodr\u00edguez, anunci\u00f3 que esa cartera tiene en carpeta para el pr\u00f3ximo a\u00f1o la construcci\u00f3n de 3 mil nuevos kil\u00f3metros de caminos vecinales, con lo que dar\u00e1 respuesta a una de las principales demandas de los productores de las diferentes zonas agropecuarias del pa\u00eds. [&hellip;]<\/p>\n","protected":false},"author":3,"featured_media":0,"comment_status":"open","ping_status":"open","sticky":false,"template":"","format":"standard","meta":{"footnotes":""},"categories":[18],"tags":[],"class_list":["post-99476","post","type-post","status-publish","format-standard","hentry","category-economia"],"_links":{"self":[{"href":"https:\/\/diariodominicano.com\/index.php?rest_route=\/wp\/v2\/posts\/99476","targetHints":{"allow":["GET"]}}],"collection":[{"href":"https:\/\/diariodominicano.com\/index.php?rest_route=\/wp\/v2\/posts"}],"about":[{"href":"https:\/\/diariodominicano.com\/index.php?rest_route=\/wp\/v2\/types\/post"}],"author":[{"embeddable":true,"href":"https:\/\/diariodominicano.com\/index.php?rest_route=\/wp\/v2\/users\/3"}],"replies":[{"embeddable":true,"href":"https:\/\/diariodominicano.com\/index.php?rest_route=%2Fwp%2Fv2%2Fcomments&post=99476"}],"version-history":[{"count":0,"href":"https:\/\/diariodominicano.com\/index.php?rest_route=\/wp\/v2\/posts\/99476\/revisions"}],"wp:attachment":[{"href":"https:\/\/diariodominicano.com\/index.php?rest_route=%2Fwp%2Fv2%2Fmedia&parent=99476"}],"wp:term":[{"taxonomy":"category","embeddable":true,"href":"https:\/\/diariodominicano.com\/index.php?rest_route=%2Fwp%2Fv2%2Fcategories&post=99476"},{"taxonomy":"post_tag","embeddable":true,"href":"https:\/\/diariodominicano.com\/index.php?rest_route=%2Fwp%2Fv2%2Ftags&post=99476"}],"curies":[{"name":"wp","href":"https:\/\/api.w.org\/{rel}","templated":true}]}}