{"id":99471,"date":"2013-09-10T20:51:58","date_gmt":"2013-09-10T20:51:58","guid":{"rendered":"http:\/\/diariodominicano.ddns.net\/?p=99471"},"modified":"2013-09-10T20:51:58","modified_gmt":"2013-09-10T20:51:58","slug":"dice-sector-zonas-francas-debe-alcanzar-alianzas-para-aumentar-valor-agregado","status":"publish","type":"post","link":"https:\/\/diariodominicano.com\/?p=99471","title":{"rendered":"Dice sector zonas francas debe alcanzar alianzas para aumentar valor agregado"},"content":{"rendered":"<p><body><\/p>\n<p><img decoding=\"async\" src=\"img3\/cinta.jpg\" \/>  <\/p>\n<p><span class=\"text1noticias\">Santo Domingo, RD, 10 de Septiembre.-El ministro de Industria y Comercio, Jos\u00e9 Del Castillo Savi\u00f1\u00f3n expres\u00f3 que el sector de zonas francas, en el rengl\u00f3n de las confecciones textiles, necesita desarrollar alianzas estrat\u00e9gicas para elevar su nivel tecnol\u00f3gico y aumentar el valor agregado.<\/span><\/p>\n<p><span class=\"text1noticias\"> <\/span><\/p>\n<p><span class=\"text1noticias\">Al evaluar la inauguraci\u00f3n de la segunda f\u00e1brica de Gildan, el funcionario recalc\u00f3 que esta apertura, sumada a la ya instalada en el municipio de Guerra, se une a los esfuerzos de varias empresas textileras para lograr la integraci\u00f3n vertical que necesita la Rep\u00fablica Dominicana.<\/span><\/p>\n<p><span class=\"text1noticias\"> <\/span><\/p>\n<p><span class=\"text1noticias\">\u00abLa empresa Gildan, con esta nueva instalaci\u00f3n, reafirma su confianza en el clima de inversiones de nuestro pa\u00eds, al incorporar esta nueva f\u00e1brica de confecci\u00f3n textil, la cual aportar\u00e1 800 nuevos empleos directos.  <\/span><\/p>\n<p><span class=\"text1noticias\"> <\/span><\/p>\n<p><span class=\"text1noticias\">Saludamos la iniciativa de la empresa, pues con la  misma se evidencia la gran aceptaci\u00f3n y confianza que tiene el empresariado extranjero en el clima de inversiones que ofrece la Rep\u00fablica Dominicana, espec\u00edficamente en el sector zonas francas\u00bb, insisti\u00f3 Del Castillo Savi\u00f1\u00f3n al participar como orador invitado en la inauguraci\u00f3n de la segunda factor\u00eda de costura Gildan.<\/span><\/p>\n<p><span class=\"text1noticias\"> <\/span><\/p>\n<p><span class=\"text1noticias\">Dijo que el gobierno del presidente Danilo Medina S\u00e1nchez promueve un modelo de desarrollo, buscando insertar los productos dominicanos en la competitividad de la econom\u00eda global, lo cual solo es posible con proyectos como el que hoy se puso en marcha.<\/span><\/p>\n<p><span class=\"text1noticias\"> <\/span><\/p>\n<p><span class=\"text1noticias\">El titular del MIC declar\u00f3 que la naci\u00f3n vive un momento esperanzador, tanto por la voluntad expresa del actual gobierno, de hacer un clima de inversiones m\u00e1s atractivo, como la de di\u00e1logo y concertaci\u00f3n con el sector privado, \u00abpara enfrentar unidos los retos de un entorno econ\u00f3mico globalizado\u00bb.<\/span><\/p>\n<p><span class=\"text1noticias\"> <\/span><\/p>\n<p><span class=\"text1noticias\">Recalc\u00f3 que esta inauguraci\u00f3n confirma la voluntad compartida de enfrentar los retos de la globalizaci\u00f3n, integrando esfuerzos para aumentar competitividad. Del Castillo Savi\u00f1\u00f3n augur\u00f3 \u00e9xitos y reiter\u00f3 su disposici\u00f3n para que su desempe\u00f1o en la Rep\u00fablica Dominicana, alcance los m\u00e1s altos est\u00e1ndares.<\/span><\/p>\n<p><span class=\"text1noticias\"> <\/span><\/p>\n<p><span class=\"text1noticias\">El ministro recorri\u00f3 las instalaciones de la industria textilera, acompa\u00f1ado de una delegaci\u00f3n integrada por la directora del Consejo Nacional de Zonas Francas de Exportaciones (CNZFE), Luisa Fern\u00e1ndez Dur\u00e1n; Marcelo Puello, viceministro de Zonas Francas y Reg\u00edmenes Especiales del MIC, entre otros.<\/span><\/p>\n<\/p>\n<h6> 2013-09-10 20:51:58 <\/h6>\n<p><!--\n<link rel=\"stylesheet\" href=\"css\/bootstrap.min.css\">\n\n\n<ul class=\"pagination\">\n\t    \n\t\n\n<li >\n\t<a href='?page_no=14925'>Previous<\/a>\n\t<\/li>\n\n\n       \n    \n\n<li><a href='?page_no=1'>1<\/a><\/li>\n\n\n\n<li><a href='?page_no=2'>2<\/a><\/li>\n\n\n\n<li><a>...<\/a><\/li>\n\n\n\n<li><a href='?page_no=14924'>14924<\/a><\/li>\n\n\n\n<li><a href='?page_no=14925'>14925<\/a><\/li>\n\n\n\n<li class='active'><a>14926<\/a><\/li>\n\n\n\n<li><a href='?page_no=14927'>14927<\/a><\/li>\n\n\n\n<li><a href='?page_no=14928'>14928<\/a><\/li>\n\n\n\n<li><a>...<\/a><\/li>\n\n\n\n<li><a href='?page_no=30472'>30472<\/a><\/li>\n\n\n\n<li><a href='?page_no=30473'>30473<\/a><\/li>\n\n    \n\t\n\n<li >\n\t<a href='?page_no=14927'>Next<\/a>\n\t<\/li>\n\n\n    \n\n<li><a href='?page_no=30473'>Last &rsaquo;&rsaquo;<\/a><\/li>\n\n<\/ul>\n\n\n--><br \/>\n<\/body><\/p>\n","protected":false},"excerpt":{"rendered":"<p>Santo Domingo, RD, 10 de Septiembre.-El ministro de Industria y Comercio, Jos\u00e9 Del Castillo Savi\u00f1\u00f3n expres\u00f3 que el sector de zonas francas, en el rengl\u00f3n de las confecciones textiles, necesita desarrollar alianzas estrat\u00e9gicas para elevar su nivel tecnol\u00f3gico y aumentar el valor agregado. Al evaluar la inauguraci\u00f3n de la segunda f\u00e1brica de Gildan, el funcionario [&hellip;]<\/p>\n","protected":false},"author":3,"featured_media":0,"comment_status":"open","ping_status":"open","sticky":false,"template":"","format":"standard","meta":{"footnotes":""},"categories":[18],"tags":[],"class_list":["post-99471","post","type-post","status-publish","format-standard","hentry","category-economia"],"_links":{"self":[{"href":"https:\/\/diariodominicano.com\/index.php?rest_route=\/wp\/v2\/posts\/99471","targetHints":{"allow":["GET"]}}],"collection":[{"href":"https:\/\/diariodominicano.com\/index.php?rest_route=\/wp\/v2\/posts"}],"about":[{"href":"https:\/\/diariodominicano.com\/index.php?rest_route=\/wp\/v2\/types\/post"}],"author":[{"embeddable":true,"href":"https:\/\/diariodominicano.com\/index.php?rest_route=\/wp\/v2\/users\/3"}],"replies":[{"embeddable":true,"href":"https:\/\/diariodominicano.com\/index.php?rest_route=%2Fwp%2Fv2%2Fcomments&post=99471"}],"version-history":[{"count":0,"href":"https:\/\/diariodominicano.com\/index.php?rest_route=\/wp\/v2\/posts\/99471\/revisions"}],"wp:attachment":[{"href":"https:\/\/diariodominicano.com\/index.php?rest_route=%2Fwp%2Fv2%2Fmedia&parent=99471"}],"wp:term":[{"taxonomy":"category","embeddable":true,"href":"https:\/\/diariodominicano.com\/index.php?rest_route=%2Fwp%2Fv2%2Fcategories&post=99471"},{"taxonomy":"post_tag","embeddable":true,"href":"https:\/\/diariodominicano.com\/index.php?rest_route=%2Fwp%2Fv2%2Ftags&post=99471"}],"curies":[{"name":"wp","href":"https:\/\/api.w.org\/{rel}","templated":true}]}}