{"id":99469,"date":"2013-09-10T22:38:05","date_gmt":"2013-09-10T22:38:05","guid":{"rendered":"http:\/\/diariodominicano.ddns.net\/?p=99469"},"modified":"2013-09-10T22:38:05","modified_gmt":"2013-09-10T22:38:05","slug":"800-nuevos-puestos-directos-de-trabajo-inician-con-la-apertura-de-la-nueva-planta-de-gildan","status":"publish","type":"post","link":"https:\/\/diariodominicano.com\/?p=99469","title":{"rendered":"800 Nuevos puestos directos de trabajo inician con la apertura de la nueva planta de GILDAN&#13;"},"content":{"rendered":"<p><body><\/p>\n<p><img decoding=\"async\" src=\"img3\/cinta.jpg\" \/>  <\/p>\n<p><span class=\"text1noticias\">Santo Domingo, RD, 10 de Septiembre. -Gildan en Rep\u00fablica Dominicana anunci\u00f3  que  ha iniciado las operaciones de su nueva planta de costura ubicada en el Parque Industrial de Zona Franca de Las Am\u00e9ricas, denominada, Las Am\u00e9ricas II, en la que se fabricar\u00e1 ropa deportiva de calidad internacional, sum\u00e1ndose a la segunda planta de confecci\u00f3n en el pa\u00eds. <\/span><\/p>\n<\/p>\n<p><span class=\"text1noticias\">800  nuevos colaboradores dominicanos, se integran a la familia Gildan, la cual anunci\u00f3 recientemente, nuevas y m\u00e1s inversiones en el pa\u00eds. Asimismo, para esta nueva planta de manufactura, Gildan, fiel a su filosof\u00eda corporativa de responsabilidad social, ha generado puestos de trabajo para personas con retos especiales, promoviendo de esa manera la creaci\u00f3n de oportunidades para impactar y mejorar la calidad de vida de estos dominicanos. <\/span><\/p>\n<\/p>\n<p><span class=\"text1noticias\">Al mismo tiempo, la apertura de la nueva planta estar\u00e1 acompa\u00f1ada de la ampliaci\u00f3n de sus programas dirigidos a colaboradores y comunidad en materia de salud, educaci\u00f3n, cuidado al medioambiente y mejoramiento de la calidad de vida de los habitantes de las zonas cercanas a las nuevas operaciones.<\/span><\/p>\n<\/p>\n<p><span class=\"text1noticias\">La nueva f\u00e1brica cuenta con una sofisticada tecnolog\u00eda que garantiza el cumplimiento de los est\u00e1ndares nacionales e internacionales en materia de seguridad industrial y medioambiental. <\/span><\/p>\n<\/p>\n<p><span class=\"text1noticias\">Gildan provee en la actualidad  m\u00e1s de 2,200 de puestos de trabajo para familias dominicanas, con las plantas de las Am\u00e9ricas I y II, ratificando con la apertura de esta nueva planta su compromiso y satisfacci\u00f3n hacia la calidad de mano de obra de los dominicanos.(HG)<\/span>. <\/p>\n<\/p>\n<h6> 2013-09-10 22:38:05 <\/h6>\n<p><!--\n<link rel=\"stylesheet\" href=\"css\/bootstrap.min.css\">\n\n\n<ul class=\"pagination\">\n\t    \n\t\n\n<li >\n\t<a href='?page_no=14923'>Previous<\/a>\n\t<\/li>\n\n\n       \n    \n\n<li><a href='?page_no=1'>1<\/a><\/li>\n\n\n\n<li><a href='?page_no=2'>2<\/a><\/li>\n\n\n\n<li><a>...<\/a><\/li>\n\n\n\n<li><a href='?page_no=14922'>14922<\/a><\/li>\n\n\n\n<li><a href='?page_no=14923'>14923<\/a><\/li>\n\n\n\n<li class='active'><a>14924<\/a><\/li>\n\n\n\n<li><a href='?page_no=14925'>14925<\/a><\/li>\n\n\n\n<li><a href='?page_no=14926'>14926<\/a><\/li>\n\n\n\n<li><a>...<\/a><\/li>\n\n\n\n<li><a href='?page_no=30472'>30472<\/a><\/li>\n\n\n\n<li><a href='?page_no=30473'>30473<\/a><\/li>\n\n    \n\t\n\n<li >\n\t<a href='?page_no=14925'>Next<\/a>\n\t<\/li>\n\n\n    \n\n<li><a href='?page_no=30473'>Last &rsaquo;&rsaquo;<\/a><\/li>\n\n<\/ul>\n\n\n--><br \/>\n<\/body><\/p>\n","protected":false},"excerpt":{"rendered":"<p>Santo Domingo, RD, 10 de Septiembre. -Gildan en Rep\u00fablica Dominicana anunci\u00f3 que ha iniciado las operaciones de su nueva planta de costura ubicada en el Parque Industrial de Zona Franca de Las Am\u00e9ricas, denominada, Las Am\u00e9ricas II, en la que se fabricar\u00e1 ropa deportiva de calidad internacional, sum\u00e1ndose a la segunda planta de confecci\u00f3n en [&hellip;]<\/p>\n","protected":false},"author":3,"featured_media":0,"comment_status":"open","ping_status":"open","sticky":false,"template":"","format":"standard","meta":{"footnotes":""},"categories":[18],"tags":[],"class_list":["post-99469","post","type-post","status-publish","format-standard","hentry","category-economia"],"_links":{"self":[{"href":"https:\/\/diariodominicano.com\/index.php?rest_route=\/wp\/v2\/posts\/99469","targetHints":{"allow":["GET"]}}],"collection":[{"href":"https:\/\/diariodominicano.com\/index.php?rest_route=\/wp\/v2\/posts"}],"about":[{"href":"https:\/\/diariodominicano.com\/index.php?rest_route=\/wp\/v2\/types\/post"}],"author":[{"embeddable":true,"href":"https:\/\/diariodominicano.com\/index.php?rest_route=\/wp\/v2\/users\/3"}],"replies":[{"embeddable":true,"href":"https:\/\/diariodominicano.com\/index.php?rest_route=%2Fwp%2Fv2%2Fcomments&post=99469"}],"version-history":[{"count":0,"href":"https:\/\/diariodominicano.com\/index.php?rest_route=\/wp\/v2\/posts\/99469\/revisions"}],"wp:attachment":[{"href":"https:\/\/diariodominicano.com\/index.php?rest_route=%2Fwp%2Fv2%2Fmedia&parent=99469"}],"wp:term":[{"taxonomy":"category","embeddable":true,"href":"https:\/\/diariodominicano.com\/index.php?rest_route=%2Fwp%2Fv2%2Fcategories&post=99469"},{"taxonomy":"post_tag","embeddable":true,"href":"https:\/\/diariodominicano.com\/index.php?rest_route=%2Fwp%2Fv2%2Ftags&post=99469"}],"curies":[{"name":"wp","href":"https:\/\/api.w.org\/{rel}","templated":true}]}}