{"id":99467,"date":"2013-09-11T13:43:54","date_gmt":"2013-09-11T13:43:54","guid":{"rendered":"http:\/\/diariodominicano.ddns.net\/?p=99467"},"modified":"2013-09-11T13:43:54","modified_gmt":"2013-09-11T13:43:54","slug":"la-aird-senala-que-haiti-es-soberano-de-ir-a-otros-paises","status":"publish","type":"post","link":"https:\/\/diariodominicano.com\/?p=99467","title":{"rendered":"La AIRD se\u00f1ala que Hait\u00ed es soberano de ir a otros pa\u00edses"},"content":{"rendered":"<p><body><\/p>\n<p>Santo Domingo RD 11 septiembre.- La presidenta de la Asociaci\u00f3n de Industrias de la Rep\u00fablica Dominicana (AIRD), Ligia Bonetti, dijo ayer que a Hait\u00ed es soberano de comprar pollos a otras naciones del mundo.<\/p>\n<\/p>\n<p>\u00abHay soberan\u00eda en cada pa\u00eds para importar productos, Rep\u00fablica Dominicana tiene productos de calidad y de primera, y estamos al lado de a Hait\u00ed, tenemos facilidades log\u00edsticas\u00bb, se\u00f1al\u00f3 Bonetti, al ser entrevistada en el Palacio Nacional tras participar en una reuni\u00f3n con el ministro de la Presidencia, Gustavo Montalvo.<\/p>\n<\/p>\n<p>Diario Libre public\u00f3 que una familia haitiana estar\u00eda vendiendo pollos congelados all\u00ed desde Brasil.<\/p>\n<\/p>\n<p>Sobre la posibilidad de que Hait\u00ed aumente los aranceles a los productos nacionales, Bonetti puntualiz\u00f3 que los empresarios est\u00e1n analizando esa iniciativa.<\/p>\n<\/p>\n<\/p>\n<h6> 2013-09-11 13:43:54 <\/h6>\n<p><!--\n<link rel=\"stylesheet\" href=\"css\/bootstrap.min.css\">\n\n\n<ul class=\"pagination\">\n\t    \n\t\n\n<li >\n\t<a href='?page_no=14921'>Previous<\/a>\n\t<\/li>\n\n\n       \n    \n\n<li><a href='?page_no=1'>1<\/a><\/li>\n\n\n\n<li><a href='?page_no=2'>2<\/a><\/li>\n\n\n\n<li><a>...<\/a><\/li>\n\n\n\n<li><a href='?page_no=14920'>14920<\/a><\/li>\n\n\n\n<li><a href='?page_no=14921'>14921<\/a><\/li>\n\n\n\n<li class='active'><a>14922<\/a><\/li>\n\n\n\n<li><a href='?page_no=14923'>14923<\/a><\/li>\n\n\n\n<li><a href='?page_no=14924'>14924<\/a><\/li>\n\n\n\n<li><a>...<\/a><\/li>\n\n\n\n<li><a href='?page_no=30472'>30472<\/a><\/li>\n\n\n\n<li><a href='?page_no=30473'>30473<\/a><\/li>\n\n    \n\t\n\n<li >\n\t<a href='?page_no=14923'>Next<\/a>\n\t<\/li>\n\n\n    \n\n<li><a href='?page_no=30473'>Last &rsaquo;&rsaquo;<\/a><\/li>\n\n<\/ul>\n\n\n--><br \/>\n<\/body><\/p>\n","protected":false},"excerpt":{"rendered":"<p>Santo Domingo RD 11 septiembre.- La presidenta de la Asociaci\u00f3n de Industrias de la Rep\u00fablica Dominicana (AIRD), Ligia Bonetti, dijo ayer que a Hait\u00ed es soberano de comprar pollos a otras naciones del mundo. \u00abHay soberan\u00eda en cada pa\u00eds para importar productos, Rep\u00fablica Dominicana tiene productos de calidad y de primera, y estamos al lado [&hellip;]<\/p>\n","protected":false},"author":3,"featured_media":0,"comment_status":"open","ping_status":"open","sticky":false,"template":"","format":"standard","meta":{"footnotes":""},"categories":[18],"tags":[],"class_list":["post-99467","post","type-post","status-publish","format-standard","hentry","category-economia"],"_links":{"self":[{"href":"https:\/\/diariodominicano.com\/index.php?rest_route=\/wp\/v2\/posts\/99467","targetHints":{"allow":["GET"]}}],"collection":[{"href":"https:\/\/diariodominicano.com\/index.php?rest_route=\/wp\/v2\/posts"}],"about":[{"href":"https:\/\/diariodominicano.com\/index.php?rest_route=\/wp\/v2\/types\/post"}],"author":[{"embeddable":true,"href":"https:\/\/diariodominicano.com\/index.php?rest_route=\/wp\/v2\/users\/3"}],"replies":[{"embeddable":true,"href":"https:\/\/diariodominicano.com\/index.php?rest_route=%2Fwp%2Fv2%2Fcomments&post=99467"}],"version-history":[{"count":0,"href":"https:\/\/diariodominicano.com\/index.php?rest_route=\/wp\/v2\/posts\/99467\/revisions"}],"wp:attachment":[{"href":"https:\/\/diariodominicano.com\/index.php?rest_route=%2Fwp%2Fv2%2Fmedia&parent=99467"}],"wp:term":[{"taxonomy":"category","embeddable":true,"href":"https:\/\/diariodominicano.com\/index.php?rest_route=%2Fwp%2Fv2%2Fcategories&post=99467"},{"taxonomy":"post_tag","embeddable":true,"href":"https:\/\/diariodominicano.com\/index.php?rest_route=%2Fwp%2Fv2%2Ftags&post=99467"}],"curies":[{"name":"wp","href":"https:\/\/api.w.org\/{rel}","templated":true}]}}