{"id":99465,"date":"2013-09-11T13:50:00","date_gmt":"2013-09-11T13:50:00","guid":{"rendered":"http:\/\/diariodominicano.ddns.net\/?p=99465"},"modified":"2013-09-11T13:50:00","modified_gmt":"2013-09-11T13:50:00","slug":"el-administrador-del-banco-de-reservas-dice-que-la-venta-de-la-cartera-es-una-operacion-normal","status":"publish","type":"post","link":"https:\/\/diariodominicano.com\/?p=99465","title":{"rendered":"El administrador del Banco de Reservas dice que la venta de la cartera es una operaci\u00f3n normal"},"content":{"rendered":"<p><body><\/p>\n<p>Santo Domingo RD 11 septiembre. El administrador general del Banco de Reservas, Enrique Ram\u00edrez Paniagua, asegur\u00f3 ayer que la venta de la cartera crediticia en d\u00f3lares del banco es una operaci\u00f3n normal que realizan las entidades del sistema financiero.<\/p>\n<\/p>\n<p>Tras una reuni\u00f3n con el Presidente de la Rep\u00fablica en el Palacio Nacional, el funcionario explic\u00f3 que la medida busca desconcentrar la cartera del sector p\u00fablico en el BanReservas y diversificarla.<\/p>\n<\/p>\n<p>Las declaraciones confirman la publicaci\u00f3n de DL, que ayer dio cuenta de la operaci\u00f3n, que fue estimada en US$500 millones, y con la cual se busca mejorar la estabilidad del mercado cambiario.<\/p>\n<p><strong> <\/strong><\/p>\n<p><strong>Reacciones<\/strong><\/p>\n<\/p>\n<p>El economista del Partido Revolucionario Dominicano (PRD), Arturo Mart\u00ednez Moya, dijo que el BanReservas lo que debe hacer es reducir su pasivo en el exterior.<\/p>\n<\/p>\n<p>No obstante, indic\u00f3 que la medida mejorar\u00e1 los niveles de liquidez en d\u00f3lares de la econom\u00eda, y se\u00f1al\u00f3 que aunque el BanReservas no quiebra, por ser un banco estatal, una mala gesti\u00f3n afecta todo el sistema. \u00abEs una buena medida en el punto de vista del Banco de Reservas y una buena medida en el punto de vista financiero\u00bb, dijo.<\/p>\n<\/p>\n<p>La economista de la firma Analytica, Jacqueline Mora, coincidi\u00f3 en juzgar como buena la estrategia, que dijo es m\u00e1s expedita que la aprobaci\u00f3n en el Congreso de una emisi\u00f3n de bonos soberanos.<\/p>\n<\/p>\n<p>Explic\u00f3 que el banco, al mes de julio, ten\u00eda US$1,500 millones en pr\u00e9stamos comerciales en moneda extranjera, de los que US$1,200 millones eran al sector p\u00fablico. \u00abTodo indica que es una conversi\u00f3n de deuda p\u00fablica interna en deuda externa\u00bb, asegur\u00f3.<\/p>\n<\/p>\n<p><strong>Reservas<\/strong><\/p>\n<\/p>\n<p>En el mes de agosto, respecto a julio, las reservas brutas del Banco Central bajaron US$56 millones, para un descenso de 1.48%; las netas bajaron US$61.2 millones para 1.77% menos. En tanto, los activos brutos bajaron US$54 millones, 1.23% menos.<\/p>\n<\/p>\n<\/p>\n<h6> 2013-09-11 13:50:00 <\/h6>\n<p><!--\n<link rel=\"stylesheet\" href=\"css\/bootstrap.min.css\">\n\n\n<ul class=\"pagination\">\n\t    \n\t\n\n<li >\n\t<a href='?page_no=14919'>Previous<\/a>\n\t<\/li>\n\n\n       \n    \n\n<li><a href='?page_no=1'>1<\/a><\/li>\n\n\n\n<li><a href='?page_no=2'>2<\/a><\/li>\n\n\n\n<li><a>...<\/a><\/li>\n\n\n\n<li><a href='?page_no=14918'>14918<\/a><\/li>\n\n\n\n<li><a href='?page_no=14919'>14919<\/a><\/li>\n\n\n\n<li class='active'><a>14920<\/a><\/li>\n\n\n\n<li><a href='?page_no=14921'>14921<\/a><\/li>\n\n\n\n<li><a href='?page_no=14922'>14922<\/a><\/li>\n\n\n\n<li><a>...<\/a><\/li>\n\n\n\n<li><a href='?page_no=30472'>30472<\/a><\/li>\n\n\n\n<li><a href='?page_no=30473'>30473<\/a><\/li>\n\n    \n\t\n\n<li >\n\t<a href='?page_no=14921'>Next<\/a>\n\t<\/li>\n\n\n    \n\n<li><a href='?page_no=30473'>Last &rsaquo;&rsaquo;<\/a><\/li>\n\n<\/ul>\n\n\n--><br \/>\n<\/body><\/p>\n","protected":false},"excerpt":{"rendered":"<p>Santo Domingo RD 11 septiembre. El administrador general del Banco de Reservas, Enrique Ram\u00edrez Paniagua, asegur\u00f3 ayer que la venta de la cartera crediticia en d\u00f3lares del banco es una operaci\u00f3n normal que realizan las entidades del sistema financiero. Tras una reuni\u00f3n con el Presidente de la Rep\u00fablica en el Palacio Nacional, el funcionario explic\u00f3 [&hellip;]<\/p>\n","protected":false},"author":3,"featured_media":0,"comment_status":"open","ping_status":"open","sticky":false,"template":"","format":"standard","meta":{"footnotes":""},"categories":[18],"tags":[],"class_list":["post-99465","post","type-post","status-publish","format-standard","hentry","category-economia"],"_links":{"self":[{"href":"https:\/\/diariodominicano.com\/index.php?rest_route=\/wp\/v2\/posts\/99465","targetHints":{"allow":["GET"]}}],"collection":[{"href":"https:\/\/diariodominicano.com\/index.php?rest_route=\/wp\/v2\/posts"}],"about":[{"href":"https:\/\/diariodominicano.com\/index.php?rest_route=\/wp\/v2\/types\/post"}],"author":[{"embeddable":true,"href":"https:\/\/diariodominicano.com\/index.php?rest_route=\/wp\/v2\/users\/3"}],"replies":[{"embeddable":true,"href":"https:\/\/diariodominicano.com\/index.php?rest_route=%2Fwp%2Fv2%2Fcomments&post=99465"}],"version-history":[{"count":0,"href":"https:\/\/diariodominicano.com\/index.php?rest_route=\/wp\/v2\/posts\/99465\/revisions"}],"wp:attachment":[{"href":"https:\/\/diariodominicano.com\/index.php?rest_route=%2Fwp%2Fv2%2Fmedia&parent=99465"}],"wp:term":[{"taxonomy":"category","embeddable":true,"href":"https:\/\/diariodominicano.com\/index.php?rest_route=%2Fwp%2Fv2%2Fcategories&post=99465"},{"taxonomy":"post_tag","embeddable":true,"href":"https:\/\/diariodominicano.com\/index.php?rest_route=%2Fwp%2Fv2%2Ftags&post=99465"}],"curies":[{"name":"wp","href":"https:\/\/api.w.org\/{rel}","templated":true}]}}