{"id":99463,"date":"2013-09-11T19:42:24","date_gmt":"2013-09-11T19:42:24","guid":{"rendered":"http:\/\/diariodominicano.ddns.net\/?p=99463"},"modified":"2013-09-11T19:42:24","modified_gmt":"2013-09-11T19:42:24","slug":"inversionistas-salvadoreno-invierte-en-turismo","status":"publish","type":"post","link":"https:\/\/diariodominicano.com\/?p=99463","title":{"rendered":"&#13;Inversionistas Salvadore\u00f1o invierte en turismo"},"content":{"rendered":"<p><body><\/p>\n<p><img decoding=\"async\" src=\"img3\/plazo.jpg\" \/>  <\/p>\n<p><span class=\"text1noticias\">Santo Domingo, RD,. 11 de Septiembre.-El dinamismo de la econom\u00eda, la estabilidad pol\u00edtica, jur\u00eddica y fiscal de la Rep\u00fablica Dominicana, fueron las razones para que el Grupo Poma, de origen salvadore\u00f1o, decidiera construir un hotel de la franquicia Intercontinental en el pa\u00eds.<\/span><\/p>\n<\/p>\n<p><span class=\"text1noticias\">As\u00ed lo manifest\u00f3 Fernando Poma, vicepresidente ejecutivo de Real Hotels and Resorts, al hablar durante el acto en el que junto al presidente dominicano Danilo Medina, y al presidente del grupo Ricardo Poma, dieron el primer palazo para dejar iniciados los trabajos del Real Intercontinental Santo Domingo, en el exclusivo sector de Piantini.<\/span><\/p>\n<\/p>\n<p><span class=\"text1noticias\">\u00abReal Hotels and Resorts es muy cuidadoso para la selecci\u00f3n de los mercados en donde busca incursionar, buscamos mercados din\u00e1micos, activos econ\u00f3micamente, en crecimiento, que nos ofrezcan confianza sostenible a futuro; encontramos en Rep\u00fablica Dominicana, la estabilidad pol\u00edtica, fiscal y jur\u00eddica y un mercado abierto que apoya la inversi\u00f3n privada; estamos en el pa\u00eds para hacer negocios a largo plazo y creemos que Rep\u00fablica Dominicana cumple con estos requisitos\u00bb afirm\u00f3 Fernando Poma.<\/span><\/p>\n<\/p>\n<p><span class=\"text1noticias\">Mientras que el presidente del grupo inversor, Ricardo Poma, dijo que \u00abpara nuestro grupo empresarial, la construcci\u00f3n y pr\u00f3xima apertura de este hotel, representa la ampliaci\u00f3n de la plataforma de Intercontinental en la regi\u00f3n, con un hotel que esperamos sea insignia de la cadena Intercontinental y el centro de entretenimiento y negocios de Santo Domingo; Grupo Poma est\u00e1 en el pa\u00eds para una permanencia a largo plazo\u00bb, dijo.<\/span><\/p>\n<\/p>\n<p><span class=\"text1noticias\">Expres\u00f3 que la iniciativa tur\u00edstica generar\u00e1 alrededor de 1,000 empleos en la etapa de construcci\u00f3n y 270 puestos de trabajo directos una vez abra sus puertas.<\/span><\/p>\n<\/p>\n<p><span class=\"text1noticias\">Indic\u00f3 que el complejo est\u00e1 ubicado estrat\u00e9gicamente en el centro de la ciudad de Santo Domingo, con una estructura de 21 pisos de altura y 4 soterrados; contar\u00e1 con 227 habitaciones. Con una superficie total de 32 mil metros cuadrados y 24,600 metros cuadrados de construcci\u00f3n.<\/span><\/p>\n<\/p>\n<p><span class=\"text1noticias\">Resalta Medina crea condiciones para captar inversi\u00f3n extranjera<\/span><\/p>\n<\/p>\n<p><span class=\"text1noticias\">Mientras el ministro de Turismo, Francisco Javier Garc\u00eda, dijo que con este hotel se eleva la oferta hotelera de Santo Domingo y reconoci\u00f3 al presidente Danilo Medina por crear todas las condiciones necesarias para captar la inversi\u00f3n extranjera.<\/span><\/p>\n<\/p>\n<p><span class=\"text1noticias\">Francisco Javier Garc\u00eda, ministro de Turismo, se dirige a los presentes y refiere que con este hotel se eleva la oferta hotelera de Santo Domingo<\/span><\/p>\n<p><span class=\"text1noticias\">Dijo que esta inversi\u00f3n fue posible gracias a la ampliaci\u00f3n de los beneficios para el sector tur\u00edstico de la Ley 158-01 sobre Fomento al Desarrollo Tur\u00edstico, que incluy\u00f3 al  pol\u00edgono central de la ciudad de la capital dominicano.<\/span><\/p>\n<\/p>\n<p><span class=\"text1noticias\">Tambi\u00e9n afirm\u00f3 que esta inversi\u00f3n es un reconocimiento de que la Rep\u00fablica Dominicana es un pa\u00eds seguro para las inversiones.<\/span><\/p>\n<\/p>\n<p><span class=\"text1noticias\">Resultados positivos<\/span><\/p>\n<\/p>\n<p><span class=\"text1noticias\">Por su parte, el director  del Centro de Inversi\u00f3n y Exportaci\u00f3n de la Rep\u00fablica Dominicana (CEI-RD), Jean Alain Rodr\u00edguez, declar\u00f3 que en el caso del Hotel hay un claro ejemplo de que Rep\u00fablica Dominicana cuenta con un gobierno que trabaja en perfecta sincronizaci\u00f3n y coordinaci\u00f3n de sus instituciones, presentando soluciones descentralizadas r\u00e1pidas y din\u00e1micas, que permiten mostrar resultados positivos.<\/span><\/p>\n<\/p>\n<p><span class=\"text1noticias\">Jean Alain Rodr\u00edguez,  director  del Centro de Inversi\u00f3n y Exportaci\u00f3n (CEI-RD), indica que el Grupo Poma invierte en R.D. aproximadamente 50 millones de d\u00f3lares<\/span><\/p>\n<p><span class=\"text1noticias\">\u00abHoy, Grupo Poma invierte en Rep\u00fablica Dominicana aproximadamente 50 millones de d\u00f3lares y con la colocaci\u00f3n de esta primera piedra se inicia el levantamiento de una moderna infraestructura, en el pol\u00edgono central Santo Domingo, destinada a turismo convencional y de negocios, consolidando as\u00ed nuestra oferta hotelera\u00bb, signific\u00f3.<\/span><\/p>\n<\/p>\n<p><span class=\"text1noticias\">En el acto estuvieron adem\u00e1s, el ministro administrativo de la Presidencia, Jos\u00e9 Ram\u00f3n Peralta, \u00c1lvaro Diago, director de Operaciones para Latinoam\u00e9rica y el Caribe de InterContinental Hotels Group y  ejecutivos y funcionarios del \u00e1rea tur\u00edstica del pa\u00eds.(HG)<\/span>. <\/p>\n<h6> 2013-09-11 19:42:24 <\/h6>\n<p><!--\n<link rel=\"stylesheet\" href=\"css\/bootstrap.min.css\">\n\n\n<ul class=\"pagination\">\n\t    \n\t\n\n<li >\n\t<a href='?page_no=14918'>Previous<\/a>\n\t<\/li>\n\n\n       \n    \n\n<li><a href='?page_no=1'>1<\/a><\/li>\n\n\n\n<li><a href='?page_no=2'>2<\/a><\/li>\n\n\n\n<li><a>...<\/a><\/li>\n\n\n\n<li><a href='?page_no=14917'>14917<\/a><\/li>\n\n\n\n<li><a href='?page_no=14918'>14918<\/a><\/li>\n\n\n\n<li class='active'><a>14919<\/a><\/li>\n\n\n\n<li><a href='?page_no=14920'>14920<\/a><\/li>\n\n\n\n<li><a href='?page_no=14921'>14921<\/a><\/li>\n\n\n\n<li><a>...<\/a><\/li>\n\n\n\n<li><a href='?page_no=30472'>30472<\/a><\/li>\n\n\n\n<li><a href='?page_no=30473'>30473<\/a><\/li>\n\n    \n\t\n\n<li >\n\t<a href='?page_no=14920'>Next<\/a>\n\t<\/li>\n\n\n    \n\n<li><a href='?page_no=30473'>Last &rsaquo;&rsaquo;<\/a><\/li>\n\n<\/ul>\n\n\n--><br \/>\n<\/body><\/p>\n","protected":false},"excerpt":{"rendered":"<p>Santo Domingo, RD,. 11 de Septiembre.-El dinamismo de la econom\u00eda, la estabilidad pol\u00edtica, jur\u00eddica y fiscal de la Rep\u00fablica Dominicana, fueron las razones para que el Grupo Poma, de origen salvadore\u00f1o, decidiera construir un hotel de la franquicia Intercontinental en el pa\u00eds. As\u00ed lo manifest\u00f3 Fernando Poma, vicepresidente ejecutivo de Real Hotels and Resorts, al [&hellip;]<\/p>\n","protected":false},"author":3,"featured_media":0,"comment_status":"open","ping_status":"open","sticky":false,"template":"","format":"standard","meta":{"footnotes":""},"categories":[18],"tags":[],"class_list":["post-99463","post","type-post","status-publish","format-standard","hentry","category-economia"],"_links":{"self":[{"href":"https:\/\/diariodominicano.com\/index.php?rest_route=\/wp\/v2\/posts\/99463","targetHints":{"allow":["GET"]}}],"collection":[{"href":"https:\/\/diariodominicano.com\/index.php?rest_route=\/wp\/v2\/posts"}],"about":[{"href":"https:\/\/diariodominicano.com\/index.php?rest_route=\/wp\/v2\/types\/post"}],"author":[{"embeddable":true,"href":"https:\/\/diariodominicano.com\/index.php?rest_route=\/wp\/v2\/users\/3"}],"replies":[{"embeddable":true,"href":"https:\/\/diariodominicano.com\/index.php?rest_route=%2Fwp%2Fv2%2Fcomments&post=99463"}],"version-history":[{"count":0,"href":"https:\/\/diariodominicano.com\/index.php?rest_route=\/wp\/v2\/posts\/99463\/revisions"}],"wp:attachment":[{"href":"https:\/\/diariodominicano.com\/index.php?rest_route=%2Fwp%2Fv2%2Fmedia&parent=99463"}],"wp:term":[{"taxonomy":"category","embeddable":true,"href":"https:\/\/diariodominicano.com\/index.php?rest_route=%2Fwp%2Fv2%2Fcategories&post=99463"},{"taxonomy":"post_tag","embeddable":true,"href":"https:\/\/diariodominicano.com\/index.php?rest_route=%2Fwp%2Fv2%2Ftags&post=99463"}],"curies":[{"name":"wp","href":"https:\/\/api.w.org\/{rel}","templated":true}]}}