{"id":99461,"date":"2013-09-11T20:23:37","date_gmt":"2013-09-11T20:23:37","guid":{"rendered":"http:\/\/diariodominicano.ddns.net\/?p=99461"},"modified":"2013-09-11T20:23:37","modified_gmt":"2013-09-11T20:23:37","slug":"mitur-aclara-situacion-de-vendedores-ambulantes","status":"publish","type":"post","link":"https:\/\/diariodominicano.com\/?p=99461","title":{"rendered":"MITUR aclara situaci\u00f3n de vendedores ambulantes"},"content":{"rendered":"<p><body><\/p>\n<p><span class=\"text1noticias\">Santo Domingo, RD, 11 de Septiembre.-El Ministerio de Turismo lleva a cabo el Proyecto de Alternativa para el Ordenamiento de Venta Ambulante e Informal y de Artesanos de la Ciudad Colonial como parte del Programa de Fomento al Turismo, el cual tiene como objetivo consolidar el turismo, mejorar la calidad de la actividad comercial de la zona y contribuir con su embellecimiento.<\/span><\/p>\n<\/p>\n<p><span class=\"text1noticias\">El proyecto contempla el ordenamiento de la venta informal y ambulante que se concentra dentro del per\u00edmetro de la ejecuci\u00f3n del Programa, para lo cual se realiz\u00f3 un registro y luego un censo. Para la realizaci\u00f3n del registro, la Unidad Coordinadora del Programa (UCP) contrat\u00f3 una consultor\u00eda especializada, a partir de una licitaci\u00f3n p\u00fablica nacional, que estuvo a cargo de un riguroso levantamiento de tres meses en el que se determin\u00f3 la cantidad de buhoneros establecidos en el per\u00edmetro amurallado, especialmente en la calle El Conde, sus ubicaciones, productos que comercializan y sus jornadas durante el d\u00eda.<\/span><\/p>\n<\/p>\n<p><span class=\"text1noticias\">Con la finalidad de que ning\u00fan vendedor informal o ambulante que opere en el \u00e1mbito del estudio quedara fuera del levantamiento, se realizaron tres jornadas de censo. La primera se efectu\u00f3 el 17 de julio, donde se censo a todos los vendedores fijos y presentes en la calle El Conde y a los vendedores ambulantes. En la segunda jornada, el s\u00e1bado 20 de julio, se procedi\u00f3 a censar a los vendedores ambulantes que realizan sus actividades en la calle las Damas y en la Plaza Espa\u00f1a. El censo se complet\u00f3 con el levantamiento a los artesanos y vendedores de antig\u00fcedades, ubicados en las plazas Bartolom\u00e9 de Las Casas y Maria de Toledo, el domingo 21 de julio. En este proceso se incluy\u00f3 a todos los miembros de las seis asociaciones de comerciantes de la zona, que son: ABZCA, ASOVETOUR, ASOCONDE, la Asociaci\u00f3n de Artesanos de la Plaza y ASONARTE, y FODEARTE.<\/span><\/p>\n<\/p>\n<p><span class=\"text1noticias\">La arquitecta Maribel Villalona, Directora de la UCP, explic\u00f3 que el ordenamiento de la actividad de la venta informal y ambulante se realizar\u00e1 una vez que se concluya el proceso de an\u00e1lisis de los datos y se dise\u00f1en las posibles alternativas de ordenamiento para los buhoneros que pertenecen al comercio informal de la zona. Estas se centrar\u00e1n en el tipo de actividad que se realizan y el tipo de productos que se comercializa, seg\u00fan expuso Villalona.<\/span><\/p>\n<\/p>\n<p><span class=\"text1noticias\">Por otro lado, la antrop\u00f3loga Virginia Roca Pezzotti, Consultora en Gesti\u00f3n y Desarrollo de Turismo Cultural y consultora del Programa para este proyecto, destac\u00f3 que \u00abel proyecto es incluyente y busca integrar a los buhoneros que laboran dentro del per\u00edmetro de la Ciudad Colonial para que realicen sus actividades comerciales de forma m\u00e1s digna y efectiva\u00bb.<\/span><\/p>\n<\/p>\n<p><span class=\"text1noticias\"> <\/span><\/p>\n<\/p>\n<p><span class=\"text1noticias\">Para la ejecuci\u00f3n de este proyecto el Ministerio de Turismo ha tomado como modelo los casos de \u00e9xito de pa\u00edses como Ecuador y Panam\u00e1, los cuales lograron dinamizar el comercio y devolverle el atractivo tur\u00edstico a sus cascos hist\u00f3ricos a trav\u00e9s del ordenamiento de los vendedores informales y proyectos de infraestructura sin desnaturalizar los sitios ni desplazar a los sectores que forman parte de su din\u00e1mica econ\u00f3mica.<\/span><\/p>\n<\/p>\n<p><span class=\"text1noticias\">Es importante destacar que la implementaci\u00f3n del Programa cuenta con el apoyo del Gobierno Central, el Banco Interamericano de Desarrollo (BID) y las instituciones que forman parte del Comit\u00e9 Consultivo del Programa, que son: el Ministerio Cultura, el Ministerio de Econom\u00eda Planificaci\u00f3n y Desarrollo, el Ayuntamiento del Distrito Nacional, el Arzobispado de Santo Domingo, el Cl\u00faster Tur\u00edstico de Santo Domingo, ASONAHORES, la Asociaci\u00f3n Ciudad Ovando y la Uni\u00f3n de Juntas Vecinos. En adici\u00f3n a \u00e9stas, otras instituciones se van integrando a los trabajos por mandato del Se\u00f1or Presidente Danilo Medina, como es el caso de la CAASD, EDEESTE e INDOTEL. Esto garantiza una gesti\u00f3n participativa de calidad y transparente.<\/span><\/p>\n<\/p>\n<p><span class=\"text1noticias\">El compromiso de MITUR es trabajar en coordinaci\u00f3n con las diferentes entidades p\u00fablicas, privadas nacionales e internacionales, para devolverle a Santo Domingo una Ciudad Colonial renovada, que impulse la actividad tur\u00edstica, el comercio y la calidad de vida de sus residentes, siempre resguardando el valor cultural e hist\u00f3rico que caracteriza esta zona y sus din\u00e1micas comerciales<\/span>.<span class=\"text1noticias\">(HG)<\/span>.<\/p>\n<\/p>\n<h6> 2013-09-11 20:23:37 <\/h6>\n<p><!--\n<link rel=\"stylesheet\" href=\"css\/bootstrap.min.css\">\n\n\n<ul class=\"pagination\">\n\t    \n\t\n\n<li >\n\t<a href='?page_no=14916'>Previous<\/a>\n\t<\/li>\n\n\n       \n    \n\n<li><a href='?page_no=1'>1<\/a><\/li>\n\n\n\n<li><a href='?page_no=2'>2<\/a><\/li>\n\n\n\n<li><a>...<\/a><\/li>\n\n\n\n<li><a href='?page_no=14915'>14915<\/a><\/li>\n\n\n\n<li><a href='?page_no=14916'>14916<\/a><\/li>\n\n\n\n<li class='active'><a>14917<\/a><\/li>\n\n\n\n<li><a href='?page_no=14918'>14918<\/a><\/li>\n\n\n\n<li><a href='?page_no=14919'>14919<\/a><\/li>\n\n\n\n<li><a>...<\/a><\/li>\n\n\n\n<li><a href='?page_no=30472'>30472<\/a><\/li>\n\n\n\n<li><a href='?page_no=30473'>30473<\/a><\/li>\n\n    \n\t\n\n<li >\n\t<a href='?page_no=14918'>Next<\/a>\n\t<\/li>\n\n\n    \n\n<li><a href='?page_no=30473'>Last &rsaquo;&rsaquo;<\/a><\/li>\n\n<\/ul>\n\n\n--><br \/>\n<\/body><\/p>\n","protected":false},"excerpt":{"rendered":"<p>Santo Domingo, RD, 11 de Septiembre.-El Ministerio de Turismo lleva a cabo el Proyecto de Alternativa para el Ordenamiento de Venta Ambulante e Informal y de Artesanos de la Ciudad Colonial como parte del Programa de Fomento al Turismo, el cual tiene como objetivo consolidar el turismo, mejorar la calidad de la actividad comercial de [&hellip;]<\/p>\n","protected":false},"author":3,"featured_media":0,"comment_status":"open","ping_status":"open","sticky":false,"template":"","format":"standard","meta":{"footnotes":""},"categories":[18],"tags":[],"class_list":["post-99461","post","type-post","status-publish","format-standard","hentry","category-economia"],"_links":{"self":[{"href":"https:\/\/diariodominicano.com\/index.php?rest_route=\/wp\/v2\/posts\/99461","targetHints":{"allow":["GET"]}}],"collection":[{"href":"https:\/\/diariodominicano.com\/index.php?rest_route=\/wp\/v2\/posts"}],"about":[{"href":"https:\/\/diariodominicano.com\/index.php?rest_route=\/wp\/v2\/types\/post"}],"author":[{"embeddable":true,"href":"https:\/\/diariodominicano.com\/index.php?rest_route=\/wp\/v2\/users\/3"}],"replies":[{"embeddable":true,"href":"https:\/\/diariodominicano.com\/index.php?rest_route=%2Fwp%2Fv2%2Fcomments&post=99461"}],"version-history":[{"count":0,"href":"https:\/\/diariodominicano.com\/index.php?rest_route=\/wp\/v2\/posts\/99461\/revisions"}],"wp:attachment":[{"href":"https:\/\/diariodominicano.com\/index.php?rest_route=%2Fwp%2Fv2%2Fmedia&parent=99461"}],"wp:term":[{"taxonomy":"category","embeddable":true,"href":"https:\/\/diariodominicano.com\/index.php?rest_route=%2Fwp%2Fv2%2Fcategories&post=99461"},{"taxonomy":"post_tag","embeddable":true,"href":"https:\/\/diariodominicano.com\/index.php?rest_route=%2Fwp%2Fv2%2Ftags&post=99461"}],"curies":[{"name":"wp","href":"https:\/\/api.w.org\/{rel}","templated":true}]}}