{"id":99459,"date":"2013-09-11T21:07:55","date_gmt":"2013-09-11T21:07:55","guid":{"rendered":"http:\/\/diariodominicano.ddns.net\/?p=99459"},"modified":"2013-09-11T21:07:55","modified_gmt":"2013-09-11T21:07:55","slug":"cooperativa-nacional-de-seguros-crece-rd-113-millones-en-primas-suscritas-entre-enero-junio-2013","status":"publish","type":"post","link":"https:\/\/diariodominicano.com\/?p=99459","title":{"rendered":"Cooperativa Nacional de Seguros crece RD$ 113 millones en primas suscritas entre Enero-Junio 2013"},"content":{"rendered":"<p><body><\/p>\n<p><img decoding=\"async\" src=\"img3\/seguro.jpg\" \/>  <\/p>\n<p><span class=\"text1noticias\">Santo Domingo, RD, 11 de Septiembre.-El Presidente de la Cooperativa,  Ignacio Valenzuela resalt\u00f3 el crecimiento en el de las primas suscritas en las cuales ascendieron a RD$113 millones entre Enero-Junio 2013. <\/span><\/p>\n<\/p>\n<p><span class=\"text1noticias\">Asimismo se\u00f1alo el incremento en un 14% en el ingreso por primas cobradas, pasando a RD$129 millones en 2013, con respecto a RD$115 Millones del 2012 para satisfacci\u00f3n de sus  socios y productores en el cumplimiento del Plan Estrat\u00e9gico. <\/span><\/p>\n<\/p>\n<p><span class=\"text1noticias\">De igual manera, destac\u00f3 que los indicadores de cumplimiento, le han permitido a la instituci\u00f3n mantener su posicionamiento en el mercado, que al cierre del primer  semestre del 2013, ocupaba el doceavo (12) puesto del Ranking de las aseguradoras autorizadas por la Superintendencia de Seguros.<\/span><\/p>\n<\/p>\n<p><span class=\"text1noticias\">Ignacio Valenzuela habl\u00f3 durante la primera conferencia internacional de socios, productores e intermediarios que auspici\u00f3 la  Cooperativa Nacional de Seguros, con el tema disertado fue \u00abEl Papel de las Cooperativas de Seguros en los Mercados Mundiales. La Conferencia estuvo a cargo del Sr. Bernardo Mirando, Actuario del Grupo Larg y de la Federaci\u00f3n Internacional de las Cooperativas de Seguros (ICMIF).<\/span><\/p>\n<\/p>\n<p><span class=\"text1noticias\">De su lado, Bernardo Miranda \u00edndico que las Cooperativas de Seguros a nivel mundial Tienen una filosof\u00eda corporativa y valores distintos a otras aseguradoras comerciales y que por sus caracter\u00edsticas son de propiedad colectiva de accionistas individuales (mutuales). <\/span><\/p>\n<\/p>\n<p><span class=\"text1noticias\">Insisti\u00f3 adem\u00e1s en que la fortaleza  de las cooperativas radica en su estructura gobernada democraticamente, Distribuci\u00f3n equitativa de ganancias y p\u00e9rdidas, en el expertiz del manejo de los microseguros.<\/span><\/p>\n<\/p>\n<p><span class=\"text1noticias\">A la actividad, asistieron Presidentes de Cooperativas, Gerentes Generales, Corredores de Seguros e intermediarios, aprovechando este escenario para lanzar sus nuevos productos tales como Desempleo, Enfermedades Graves, C\u00e1ncer y Fracturas, as\u00ed como tasas competitivas en los ramos de Incendio, Autom\u00f3vil y Fianzas. Finalmente, coopseguros lanzo sus campa\u00f1as, \u00abPago de Reclamos en 15 d\u00edas y CoopSeguros en Pelota\u00bb.(HG)<\/span>.<\/p>\n<\/p>\n<h6> 2013-09-11 21:07:55 <\/h6>\n<p><!--\n<link rel=\"stylesheet\" href=\"css\/bootstrap.min.css\">\n\n\n<ul class=\"pagination\">\n\t    \n\t\n\n<li >\n\t<a href='?page_no=14914'>Previous<\/a>\n\t<\/li>\n\n\n       \n    \n\n<li><a href='?page_no=1'>1<\/a><\/li>\n\n\n\n<li><a href='?page_no=2'>2<\/a><\/li>\n\n\n\n<li><a>...<\/a><\/li>\n\n\n\n<li><a href='?page_no=14913'>14913<\/a><\/li>\n\n\n\n<li><a href='?page_no=14914'>14914<\/a><\/li>\n\n\n\n<li class='active'><a>14915<\/a><\/li>\n\n\n\n<li><a href='?page_no=14916'>14916<\/a><\/li>\n\n\n\n<li><a href='?page_no=14917'>14917<\/a><\/li>\n\n\n\n<li><a>...<\/a><\/li>\n\n\n\n<li><a href='?page_no=30472'>30472<\/a><\/li>\n\n\n\n<li><a href='?page_no=30473'>30473<\/a><\/li>\n\n    \n\t\n\n<li >\n\t<a href='?page_no=14916'>Next<\/a>\n\t<\/li>\n\n\n    \n\n<li><a href='?page_no=30473'>Last &rsaquo;&rsaquo;<\/a><\/li>\n\n<\/ul>\n\n\n--><br \/>\n<\/body><\/p>\n","protected":false},"excerpt":{"rendered":"<p>Santo Domingo, RD, 11 de Septiembre.-El Presidente de la Cooperativa, Ignacio Valenzuela resalt\u00f3 el crecimiento en el de las primas suscritas en las cuales ascendieron a RD$113 millones entre Enero-Junio 2013. Asimismo se\u00f1alo el incremento en un 14% en el ingreso por primas cobradas, pasando a RD$129 millones en 2013, con respecto a RD$115 Millones [&hellip;]<\/p>\n","protected":false},"author":3,"featured_media":0,"comment_status":"open","ping_status":"open","sticky":false,"template":"","format":"standard","meta":{"footnotes":""},"categories":[18],"tags":[],"class_list":["post-99459","post","type-post","status-publish","format-standard","hentry","category-economia"],"_links":{"self":[{"href":"https:\/\/diariodominicano.com\/index.php?rest_route=\/wp\/v2\/posts\/99459","targetHints":{"allow":["GET"]}}],"collection":[{"href":"https:\/\/diariodominicano.com\/index.php?rest_route=\/wp\/v2\/posts"}],"about":[{"href":"https:\/\/diariodominicano.com\/index.php?rest_route=\/wp\/v2\/types\/post"}],"author":[{"embeddable":true,"href":"https:\/\/diariodominicano.com\/index.php?rest_route=\/wp\/v2\/users\/3"}],"replies":[{"embeddable":true,"href":"https:\/\/diariodominicano.com\/index.php?rest_route=%2Fwp%2Fv2%2Fcomments&post=99459"}],"version-history":[{"count":0,"href":"https:\/\/diariodominicano.com\/index.php?rest_route=\/wp\/v2\/posts\/99459\/revisions"}],"wp:attachment":[{"href":"https:\/\/diariodominicano.com\/index.php?rest_route=%2Fwp%2Fv2%2Fmedia&parent=99459"}],"wp:term":[{"taxonomy":"category","embeddable":true,"href":"https:\/\/diariodominicano.com\/index.php?rest_route=%2Fwp%2Fv2%2Fcategories&post=99459"},{"taxonomy":"post_tag","embeddable":true,"href":"https:\/\/diariodominicano.com\/index.php?rest_route=%2Fwp%2Fv2%2Ftags&post=99459"}],"curies":[{"name":"wp","href":"https:\/\/api.w.org\/{rel}","templated":true}]}}