{"id":99458,"date":"2013-09-11T21:11:29","date_gmt":"2013-09-11T21:11:29","guid":{"rendered":"http:\/\/diariodominicano.ddns.net\/?p=99458"},"modified":"2013-09-11T21:11:29","modified_gmt":"2013-09-11T21:11:29","slug":"entusiasmo-y-expectativas-por-foro-china-republica-dominicana","status":"publish","type":"post","link":"https:\/\/diariodominicano.com\/?p=99458","title":{"rendered":"Entusiasmo y expectativas por Foro China-Rep\u00fablica Dominicana"},"content":{"rendered":"<p><body><\/p>\n<p><img decoding=\"async\" src=\"img3\/rosa.jpg\" \/>  <\/p>\n<p><span class=\"text1noticias\">Por Ilsa Rodriguez<\/span><\/p>\n<\/p>\n<p><span class=\"text1noticias\">Beijing, 11 sep (PL) Grandes expectativas despiertan en China y Rep\u00fablica Dominicana la celebraci\u00f3n de un foro bilateral de negocios previo a la quinta Exposici\u00f3n de productos chinos en ese pa\u00eds caribe\u00f1o, dijo hoy la representante comercial dominicana en Beijing, Rosa Ng B\u00e1ez.<\/span><\/p>\n<\/p>\n<p><span class=\"text1noticias\">La jefa de la Oficina de Desarrollo Comercial de la Rep\u00fablica Dominicana en esta capital precis\u00f3 que a Santo Domingo viajar\u00e1 en breve una delegaci\u00f3n oficial de 17 integrantes encabezada por Yu Ping, vicepresidente del Consejo chino para la Promoci\u00f3n del Comercio Internacional.<\/span><\/p>\n<\/p>\n<p><span class=\"text1noticias\">Yu fue invitado a visitar la Rep\u00fablica Dominicana por el ministro de Econom\u00eda, Planificaci\u00f3n y Desarrollo, Juan Temistocles Montas, quien visit\u00f3 China en abril pasado y ser\u00e1 atendido tambi\u00e9n por el director del Centro de Exportaci\u00f3n e Inversi\u00f3n (CEI-RD) de ese pa\u00eds, Jean Alain Rodr\u00edguez.<\/span><\/p>\n<\/p>\n<p><span class=\"text1noticias\">Ng B\u00e1ez explic\u00f3 a Prensa Latina que ese organismo es el principal promotor de las inversiones en Rep\u00fablica Dominicana, que el pasado a\u00f1o atrajo IDE (inversiones extranjeras directas) por tres mil 600 millones de d\u00f3lares, el 60 por ciento de todas las ocurridas en la regi\u00f3n del Caribe.<\/span><\/p>\n<\/p>\n<p><span class=\"text1noticias\">Ese monto signific\u00f3 40 por ciento m\u00e1s que el obtenido por la Rep\u00fablica Dominicana en 2011, puntualiz\u00f3.<\/span><\/p>\n<\/p>\n<p><span class=\"text1noticias\">Adem\u00e1s de esa delegaci\u00f3n prevista a participar en el foro, que sesionar\u00e1 el 26 de septiembre, asistir\u00e1n representantes de unas 40 empresas que mostrar\u00e1n sus mercanc\u00edas en la Feria de Productos Chinos en Rep\u00fablica Dominicana.<\/span><\/p>\n<\/p>\n<p><span class=\"text1noticias\">Esa muestra abarcar\u00e1 veh\u00edculos, ferreter\u00eda, porcelanas, textiles, telecomunicaciones, luminarias led y otras muchas.<\/span><\/p>\n<\/p>\n<p><span class=\"text1noticias\">Tambi\u00e9n confirmaron su asistencia medio centenar de empresarios chinos y de chinos de ultramar, principalmente chino-venezolanos y chino-estadounidenses, interesados en explorar el mercado de ese pa\u00eds y las posibilidades de negocios, agreg\u00f3.<\/span><\/p>\n<\/p>\n<p><span class=\"text1noticias\">La funcionaria expres\u00f3 que este encuentro oficial entre dos pa\u00edses que no mantienen relaciones diplom\u00e1ticas es fruto del trabajo realizado tanto por su oficina como su similar china en Santo Domingo, las c\u00e1maras de comercio de su pa\u00eds y el Consejo chino para la Promoci\u00f3n del Comercio Internacional.<\/span><\/p>\n<\/p>\n<p><span class=\"text1noticias\">Dijo que entre las medidas para agilizar las gestiones de los empresarios extranjeros, el gobierno de Danilo Medina puso en pr\u00e1ctica la llamada Ventanilla \u00fanica para la inversi\u00f3n, que facilita a trav\u00e9s CEI-RD realiza de forma expedita los tr\u00e1mites para cualquier esfera de inter\u00e9s comercial o de inversi\u00f3n.<\/span><\/p>\n<\/p>\n<p><span class=\"text1noticias\">Entre los proyectos bilaterales en ejecuci\u00f3n o en v\u00edas de concreci\u00f3n, la se\u00f1ora Ng B\u00e1ez cit\u00f3 la construcci\u00f3n de un central azucarero, asi como procesadoras de residuos s\u00f3lidos y de pl\u00e1sticos.<\/span><\/p>\n<\/p>\n<p><span class=\"text1noticias\">Tambi\u00e9n inform\u00f3 que dos empresas chinas se encuentran entre otras ocho finalistas de una licitaci\u00f3n para construir plantas de generaci\u00f3n el\u00e9ctrica de ciclos combinados en ese pa\u00eds, un problema que el gobierno dominicano asegur\u00f3 est\u00e1 dispuesto a solucionar.(HG)<\/span>.<\/p>\n<h6> 2013-09-11 21:11:29 <\/h6>\n<p><!--\n<link rel=\"stylesheet\" href=\"css\/bootstrap.min.css\">\n\n\n<ul class=\"pagination\">\n\t    \n\t\n\n<li >\n\t<a href='?page_no=14913'>Previous<\/a>\n\t<\/li>\n\n\n       \n    \n\n<li><a href='?page_no=1'>1<\/a><\/li>\n\n\n\n<li><a href='?page_no=2'>2<\/a><\/li>\n\n\n\n<li><a>...<\/a><\/li>\n\n\n\n<li><a href='?page_no=14912'>14912<\/a><\/li>\n\n\n\n<li><a href='?page_no=14913'>14913<\/a><\/li>\n\n\n\n<li class='active'><a>14914<\/a><\/li>\n\n\n\n<li><a href='?page_no=14915'>14915<\/a><\/li>\n\n\n\n<li><a href='?page_no=14916'>14916<\/a><\/li>\n\n\n\n<li><a>...<\/a><\/li>\n\n\n\n<li><a href='?page_no=30472'>30472<\/a><\/li>\n\n\n\n<li><a href='?page_no=30473'>30473<\/a><\/li>\n\n    \n\t\n\n<li >\n\t<a href='?page_no=14915'>Next<\/a>\n\t<\/li>\n\n\n    \n\n<li><a href='?page_no=30473'>Last &rsaquo;&rsaquo;<\/a><\/li>\n\n<\/ul>\n\n\n--><br \/>\n<\/body><\/p>\n","protected":false},"excerpt":{"rendered":"<p>Por Ilsa Rodriguez Beijing, 11 sep (PL) Grandes expectativas despiertan en China y Rep\u00fablica Dominicana la celebraci\u00f3n de un foro bilateral de negocios previo a la quinta Exposici\u00f3n de productos chinos en ese pa\u00eds caribe\u00f1o, dijo hoy la representante comercial dominicana en Beijing, Rosa Ng B\u00e1ez. La jefa de la Oficina de Desarrollo Comercial de [&hellip;]<\/p>\n","protected":false},"author":3,"featured_media":0,"comment_status":"open","ping_status":"open","sticky":false,"template":"","format":"standard","meta":{"footnotes":""},"categories":[18],"tags":[],"class_list":["post-99458","post","type-post","status-publish","format-standard","hentry","category-economia"],"_links":{"self":[{"href":"https:\/\/diariodominicano.com\/index.php?rest_route=\/wp\/v2\/posts\/99458","targetHints":{"allow":["GET"]}}],"collection":[{"href":"https:\/\/diariodominicano.com\/index.php?rest_route=\/wp\/v2\/posts"}],"about":[{"href":"https:\/\/diariodominicano.com\/index.php?rest_route=\/wp\/v2\/types\/post"}],"author":[{"embeddable":true,"href":"https:\/\/diariodominicano.com\/index.php?rest_route=\/wp\/v2\/users\/3"}],"replies":[{"embeddable":true,"href":"https:\/\/diariodominicano.com\/index.php?rest_route=%2Fwp%2Fv2%2Fcomments&post=99458"}],"version-history":[{"count":0,"href":"https:\/\/diariodominicano.com\/index.php?rest_route=\/wp\/v2\/posts\/99458\/revisions"}],"wp:attachment":[{"href":"https:\/\/diariodominicano.com\/index.php?rest_route=%2Fwp%2Fv2%2Fmedia&parent=99458"}],"wp:term":[{"taxonomy":"category","embeddable":true,"href":"https:\/\/diariodominicano.com\/index.php?rest_route=%2Fwp%2Fv2%2Fcategories&post=99458"},{"taxonomy":"post_tag","embeddable":true,"href":"https:\/\/diariodominicano.com\/index.php?rest_route=%2Fwp%2Fv2%2Ftags&post=99458"}],"curies":[{"name":"wp","href":"https:\/\/api.w.org\/{rel}","templated":true}]}}