{"id":99454,"date":"2013-09-12T12:50:10","date_gmt":"2013-09-12T12:50:10","guid":{"rendered":"http:\/\/diariodominicano.ddns.net\/?p=99454"},"modified":"2013-09-12T12:50:10","modified_gmt":"2013-09-12T12:50:10","slug":"arroceros-exigen-al-gobierno-revisar-el-tratado-del-dr-cafta-que-entro-en-vigencia-en-el-2006","status":"publish","type":"post","link":"https:\/\/diariodominicano.com\/?p=99454","title":{"rendered":"Arroceros exigen al gobierno revisar el tratado del DR-Cafta que entr\u00f3 en vigencia en el 2006"},"content":{"rendered":"<p><body><\/p>\n<p><img decoding=\"async\" src=\"img3\/siembra 12.php.html\" \/>  <\/p>\n<p>Santo Domingo RD 12 septiembre.- Los productores de arroz de la Rep\u00fablica Dominicana no est\u00e1n conformes con los resultados del tratado de libre comercio que este pa\u00eds firm\u00f3 con los Estados Unidos y Centroam\u00e9rica y que se denomina DR-CAFTA, por sus siglas en ingl\u00e9s.<\/p>\n<\/p>\n<p>Por tal motivo la Federaci\u00f3n Nacional de Productores de Arroz (FENARROZ) solicit\u00f3 al gobierno que \u00abde la manera m\u00e1s prudente posible\u00bb propicie una revisi\u00f3n de dicho tratado, el cual entr\u00f3 en vigencia en 2006.<\/p>\n<\/p>\n<p> A su juicio, dicho acuerdo se desarrolla bajo un marco de desigualdad que perjudica la competitividad de los sectores productivos dominicanos<\/p>\n<\/p>\n<p> Iv\u00e1n Ti\u00f3 Pimentel, presidente de la entidad, durante el Almuerzo Anual de Fenarroz, al que asistieron el ministro de Agricultura, Luis Ram\u00f3n Rodr\u00edguez, y otros funcionarios, sostuvo que \u00abes inaceptable\u00bb la continuidad del DR-CAFTA bajo las actuales condiciones.<\/p>\n<\/p>\n<p>Aleg\u00f3 que Estados Unidos ha sido \u00abferoz\u00bb con Rep\u00fablica Dominicana y sus dem\u00e1s socios comerciales, afectando directamente el desarrollo y sostenibilidad de la mayor\u00eda de los sectores dominicanos involucrados en la producci\u00f3n.<\/p>\n<\/p>\n<p>El Ministro de Agricultura, en un discurso posterior al de Ti\u00f3 Pimentel, explic\u00f3 a los productores de arroz que el DR-Cafta es muy dif\u00edcil de cambiar, pues se trata de un acuerdo de 22 cap\u00edtulos, que trata sobre transparencia y fue discutido por todos los participantes.<\/p>\n<\/p>\n<p>Refiri\u00f3 que como consecuencia del tratado, el pa\u00eds tuvo que aprobar una Ley de Contrataciones P\u00fablicas, erradicaci\u00f3n del trabajo infantil y trata sobre las ventajas que tiene el sector de zonas francas. \u00abLo que tenemos que hacer es ser m\u00e1s eficientes, reduciendo costos para ser m\u00e1s competitivos\u00bb, apunt\u00f3.<\/p>\n<\/p>\n<p>El DR-CAFTA (Dominican Republic-Central America Free Trade Agreement, en ingl\u00e9s), o TLC (Tratado de Libre Comercio entre Rep\u00fablica Dominicana, Centroam\u00e9rica y Estados Unidos de Am\u00e9rica, en castellano) fue creado con el alegado prop\u00f3sito de crear una zona de libre comercio entre los pa\u00edses firmantes.<\/p>\n<\/p>\n<p>Busca hacer permanente los beneficios para el 80% de productos centroamericanos que brinda la Iniciativa de la Cuenca del Caribe (ICC), abarcando un volumen comercial de treinta mil millones de d\u00f3lares. Est\u00e1 compuesto por veintid\u00f3s cap\u00edtulos, divididos cada uno en art\u00edculos.<\/p>\n<\/p>\n<p>La negociaci\u00f3n, firma y ratificaci\u00f3n del tratado se realiz\u00f3 en condiciones diferenciadas, amold\u00e1ndose a las caracter\u00edsticas y contexto pol\u00edtico y social de cada Estado parte; el proceso se inici\u00f3 en 2003 para todos los pa\u00edses a excepci\u00f3n de Rep\u00fablica Dominicana, concret\u00e1ndose la adopci\u00f3n del texto para todos los pa\u00edses involucrados, en 2004.<\/p>\n<\/p>\n<p>Entre\u00f3 en vigor en distintas fechas para cada pa\u00eds a partir de 2006.<\/p>\n<h6> 2013-09-12 12:50:10 <\/h6>\n<p><!--\n<link rel=\"stylesheet\" href=\"css\/bootstrap.min.css\">\n\n\n<ul class=\"pagination\">\n\t    \n\t\n\n<li >\n\t<a href='?page_no=14909'>Previous<\/a>\n\t<\/li>\n\n\n       \n    \n\n<li><a href='?page_no=1'>1<\/a><\/li>\n\n\n\n<li><a href='?page_no=2'>2<\/a><\/li>\n\n\n\n<li><a>...<\/a><\/li>\n\n\n\n<li><a href='?page_no=14908'>14908<\/a><\/li>\n\n\n\n<li><a href='?page_no=14909'>14909<\/a><\/li>\n\n\n\n<li class='active'><a>14910<\/a><\/li>\n\n\n\n<li><a href='?page_no=14911'>14911<\/a><\/li>\n\n\n\n<li><a href='?page_no=14912'>14912<\/a><\/li>\n\n\n\n<li><a>...<\/a><\/li>\n\n\n\n<li><a href='?page_no=30472'>30472<\/a><\/li>\n\n\n\n<li><a href='?page_no=30473'>30473<\/a><\/li>\n\n    \n\t\n\n<li >\n\t<a href='?page_no=14911'>Next<\/a>\n\t<\/li>\n\n\n    \n\n<li><a href='?page_no=30473'>Last &rsaquo;&rsaquo;<\/a><\/li>\n\n<\/ul>\n\n\n--><br \/>\n<\/body><\/p>\n","protected":false},"excerpt":{"rendered":"<p>Santo Domingo RD 12 septiembre.- Los productores de arroz de la Rep\u00fablica Dominicana no est\u00e1n conformes con los resultados del tratado de libre comercio que este pa\u00eds firm\u00f3 con los Estados Unidos y Centroam\u00e9rica y que se denomina DR-CAFTA, por sus siglas en ingl\u00e9s. Por tal motivo la Federaci\u00f3n Nacional de Productores de Arroz (FENARROZ) [&hellip;]<\/p>\n","protected":false},"author":3,"featured_media":0,"comment_status":"open","ping_status":"open","sticky":false,"template":"","format":"standard","meta":{"footnotes":""},"categories":[18],"tags":[],"class_list":["post-99454","post","type-post","status-publish","format-standard","hentry","category-economia"],"_links":{"self":[{"href":"https:\/\/diariodominicano.com\/index.php?rest_route=\/wp\/v2\/posts\/99454","targetHints":{"allow":["GET"]}}],"collection":[{"href":"https:\/\/diariodominicano.com\/index.php?rest_route=\/wp\/v2\/posts"}],"about":[{"href":"https:\/\/diariodominicano.com\/index.php?rest_route=\/wp\/v2\/types\/post"}],"author":[{"embeddable":true,"href":"https:\/\/diariodominicano.com\/index.php?rest_route=\/wp\/v2\/users\/3"}],"replies":[{"embeddable":true,"href":"https:\/\/diariodominicano.com\/index.php?rest_route=%2Fwp%2Fv2%2Fcomments&post=99454"}],"version-history":[{"count":0,"href":"https:\/\/diariodominicano.com\/index.php?rest_route=\/wp\/v2\/posts\/99454\/revisions"}],"wp:attachment":[{"href":"https:\/\/diariodominicano.com\/index.php?rest_route=%2Fwp%2Fv2%2Fmedia&parent=99454"}],"wp:term":[{"taxonomy":"category","embeddable":true,"href":"https:\/\/diariodominicano.com\/index.php?rest_route=%2Fwp%2Fv2%2Fcategories&post=99454"},{"taxonomy":"post_tag","embeddable":true,"href":"https:\/\/diariodominicano.com\/index.php?rest_route=%2Fwp%2Fv2%2Ftags&post=99454"}],"curies":[{"name":"wp","href":"https:\/\/api.w.org\/{rel}","templated":true}]}}