{"id":99452,"date":"2013-09-12T14:16:13","date_gmt":"2013-09-12T14:16:13","guid":{"rendered":"http:\/\/diariodominicano.ddns.net\/?p=99452"},"modified":"2013-09-12T14:16:13","modified_gmt":"2013-09-12T14:16:13","slug":"senado-da-entrada-a-proyecto-barrick","status":"publish","type":"post","link":"https:\/\/diariodominicano.com\/?p=99452","title":{"rendered":"Senado da entrada a proyecto Barrick"},"content":{"rendered":"<p><body><\/p>\n<p>Santo Domingo RD 12 septiembre.- El Congreso Nacional escogi\u00f3 ayer a los miembros de la comisi\u00f3n bicameral que conocer\u00e1 la modificaci\u00f3n al contrato con la empresa minera Barrick Gold, que le envi\u00f3 el Poder Ejecutivo.<\/p>\n<\/p>\n<p>Por el Senado fueron escogidos, la vicepresidenta Cristina Lizardo, quien la presidir\u00e1. Adem\u00e1s,  F\u00e9lix V\u00e1squez, senador de la provincia S\u00e1nchez Ramirez, donde se encuentra la mina; y el vocero del PLD, Jos\u00e9 Maria Sosa. Tambien Francis Vargas, Felix Nova, Rafael Calder\u00f3n y Prims Pujals.<\/p>\n<\/p>\n<p>Por la C\u00e1mara de Diputados seleccion\u00f3 a Alejandro Jerez y a Cristian Parades, diputados de  S\u00e1nchez Ram\u00edrez. El primero ser\u00e1 el vicepresidente de la comisi\u00f3n.  Tambi\u00e9n Carlos Gabriel Garc\u00eda, Marino Hern\u00e1ndez, Jos\u00e9 Fabi\u00e1n, Ricardo Contreras, Noris Medina, Mar\u00eda Luisa Guzm\u00e1n y Marino Collante. <\/p>\n<\/p>\n<p>El pasado martes los presidentes del Senado y de la C\u00e1mara de Diputados recibieron el proyecto de enmienda del contrato firmado entre el Estado dominicano y la empresa minera Barrick Gold.<\/p>\n<\/p>\n<p>En un breve acto en el despacho del presidente del Senado, Reinaldo Pared P\u00e9rez, \u00e9ste se comprometi\u00f3 a someterlo a discusi\u00f3n bicameral.<\/p>\n<\/p>\n<p>El presidente del Senado recibi\u00f3 el proyecto del ministro de la Presidencia, Gustavo Montalvo, quien estuvo acompa\u00f1ado del ministro de Econom\u00eda, Tem\u00edstocles Montas; el consultor jur\u00eddico del Poder Ejecutivo, C\u00e9sar Pina Toribio; y el director de Impuestos Internos, Guarocuya F\u00e9lix.<\/p>\n<\/p>\n<p>Pared P\u00e9rez aclar\u00f3 que este convenio  \u00abno ser\u00e1 sancochado, y sin sancocharlo se le dar\u00e1 un tratamiento \u00e1gil para que de una vez y por todas puedan aprobarse estas enmiendas y que el Estado dominicano pueda beneficiarse en los t\u00e9rminos que han sido acordados\u00bb.<\/p>\n<\/p>\n<p>Pared P\u00e9rez dijo que el conocimiento y aprobaci\u00f3n de las enmiendas no pasar\u00e1 de dos semanas. <\/p>\n<h6> 2013-09-12 14:16:13 <\/h6>\n<p><!--\n<link rel=\"stylesheet\" href=\"css\/bootstrap.min.css\">\n\n\n<ul class=\"pagination\">\n\t    \n\t\n\n<li >\n\t<a href='?page_no=14908'>Previous<\/a>\n\t<\/li>\n\n\n       \n    \n\n<li><a href='?page_no=1'>1<\/a><\/li>\n\n\n\n<li><a href='?page_no=2'>2<\/a><\/li>\n\n\n\n<li><a>...<\/a><\/li>\n\n\n\n<li><a href='?page_no=14907'>14907<\/a><\/li>\n\n\n\n<li><a href='?page_no=14908'>14908<\/a><\/li>\n\n\n\n<li class='active'><a>14909<\/a><\/li>\n\n\n\n<li><a href='?page_no=14910'>14910<\/a><\/li>\n\n\n\n<li><a href='?page_no=14911'>14911<\/a><\/li>\n\n\n\n<li><a>...<\/a><\/li>\n\n\n\n<li><a href='?page_no=30472'>30472<\/a><\/li>\n\n\n\n<li><a href='?page_no=30473'>30473<\/a><\/li>\n\n    \n\t\n\n<li >\n\t<a href='?page_no=14910'>Next<\/a>\n\t<\/li>\n\n\n    \n\n<li><a href='?page_no=30473'>Last &rsaquo;&rsaquo;<\/a><\/li>\n\n<\/ul>\n\n\n--><br \/>\n<\/body><\/p>\n","protected":false},"excerpt":{"rendered":"<p>Santo Domingo RD 12 septiembre.- El Congreso Nacional escogi\u00f3 ayer a los miembros de la comisi\u00f3n bicameral que conocer\u00e1 la modificaci\u00f3n al contrato con la empresa minera Barrick Gold, que le envi\u00f3 el Poder Ejecutivo. Por el Senado fueron escogidos, la vicepresidenta Cristina Lizardo, quien la presidir\u00e1. Adem\u00e1s, F\u00e9lix V\u00e1squez, senador de la provincia S\u00e1nchez [&hellip;]<\/p>\n","protected":false},"author":3,"featured_media":0,"comment_status":"open","ping_status":"open","sticky":false,"template":"","format":"standard","meta":{"footnotes":""},"categories":[18],"tags":[],"class_list":["post-99452","post","type-post","status-publish","format-standard","hentry","category-economia"],"_links":{"self":[{"href":"https:\/\/diariodominicano.com\/index.php?rest_route=\/wp\/v2\/posts\/99452","targetHints":{"allow":["GET"]}}],"collection":[{"href":"https:\/\/diariodominicano.com\/index.php?rest_route=\/wp\/v2\/posts"}],"about":[{"href":"https:\/\/diariodominicano.com\/index.php?rest_route=\/wp\/v2\/types\/post"}],"author":[{"embeddable":true,"href":"https:\/\/diariodominicano.com\/index.php?rest_route=\/wp\/v2\/users\/3"}],"replies":[{"embeddable":true,"href":"https:\/\/diariodominicano.com\/index.php?rest_route=%2Fwp%2Fv2%2Fcomments&post=99452"}],"version-history":[{"count":0,"href":"https:\/\/diariodominicano.com\/index.php?rest_route=\/wp\/v2\/posts\/99452\/revisions"}],"wp:attachment":[{"href":"https:\/\/diariodominicano.com\/index.php?rest_route=%2Fwp%2Fv2%2Fmedia&parent=99452"}],"wp:term":[{"taxonomy":"category","embeddable":true,"href":"https:\/\/diariodominicano.com\/index.php?rest_route=%2Fwp%2Fv2%2Fcategories&post=99452"},{"taxonomy":"post_tag","embeddable":true,"href":"https:\/\/diariodominicano.com\/index.php?rest_route=%2Fwp%2Fv2%2Ftags&post=99452"}],"curies":[{"name":"wp","href":"https:\/\/api.w.org\/{rel}","templated":true}]}}