{"id":99448,"date":"2013-09-12T18:30:20","date_gmt":"2013-09-12T18:30:20","guid":{"rendered":"http:\/\/diariodominicano.ddns.net\/?p=99448"},"modified":"2013-09-12T18:30:20","modified_gmt":"2013-09-12T18:30:20","slug":"ministro-de-economia-disertara-en-la-uapa","status":"publish","type":"post","link":"https:\/\/diariodominicano.com\/?p=99448","title":{"rendered":"Ministro de Econom\u00eda disertar\u00e1 en la UAPA"},"content":{"rendered":"<p><body><\/p>\n<p><img decoding=\"async\" src=\"img3\/temoenUapa.jpg\" \/>  <\/p>\n<\/p>\n<p><span class=\"text1noticias\">SANTIAGO.- \u00b4\u00b4Estrategia Nacional de Desarrollo 2030: Retos y Oportunidades de la Econom\u00eda Dominicana\u00b4\u00b4\u00b4, ser\u00e1 el titulo de la conferencia magistral que dictar\u00e1  Tem\u00edstocles Montas, el s\u00e1bado 14 de septiembre a las 10:00 de la ma\u00f1ana en el Edificio Arte y Cultura de  la Universidad Abierta para Adultos (UAPA).<\/span><\/p>\n<\/p>\n<p><span class=\"text1noticias\">El  ministro de Econom\u00eda, Planificaci\u00f3n  y Desarrollo, abordar\u00e1 el tema referido, ante una gran asistencia de participantes de diferentes carreras que guardan relaci\u00f3n con asuntos de reservas y progreso de la Naci\u00f3n.<\/span><\/p>\n<\/p>\n<p><span class=\"text1noticias\">La actividad coordinada es  por las escuelas de Negocios, Ciencias Jur\u00eddicas  y el Departamento de Extensi\u00f3n de la academia, la cual inicia con el ingeniero Montas, una serie de conferencias magistrales dirigidas a todos sus participantes y p\u00fablico en general, con profesionales autorizados en la materia.<\/span><\/p>\n<\/p>\n<p><span class=\"text1noticias\">La doctora Luz Rosa Estrella y Martha Toribio, coordinadora de la disertaci\u00f3n que se efectuar\u00e1 en el Sal\u00f3n Principal de la casa de altos estudios, explicaron que los futuros profesionales tienen gran expectativas con el orador invitado, dada la trayectoria acad\u00e9mica y de servidor p\u00fablico que posee.<\/span><\/p>\n<\/p>\n<p><span class=\"text1noticias\">El ingeniero Montas, tiene formaci\u00f3n Econom\u00eda y un Doctorado en Ingenier\u00eda Industrial en la Universidad Polit\u00e9cnica de Madrid, Espa\u00f1a, adem\u00e1s posee una alta Especializaci\u00f3n en Pl\u00e1sticos, realizada en el Instituto de Pl\u00e1sticos y Caucho de Madrid,<\/span><\/p>\n<\/p>\n<p><span class=\"text1noticias\">Tambi\u00e9n,  posee estudios y experiencias en Econom\u00eda Internacional y Comercio Finanzas Internacionales en la Universidad de Barcelona, Espa\u00f1a; siendo un conferencista por excelencia, destacando sus importantes disertaciones en escenarios como la C\u00e1mara de Comercio Brit\u00e1nica, el Fondo Monetario Internacional (FMI), el Banco Mundial (BM), as\u00ed como los Bancos de Inversi\u00f3n Morgan Stanley, entre otros como sostiene su hoja de vida publicada por la web wipedia.<\/span><\/p>\n<\/p>\n<p><span class=\"text1noticias\">\u00b4\u00b4Estrategia Nacional de Desarrollo 2030: Retos y Oportunidades de la Econom\u00eda Dominicana\u00b4\u00b4 ser\u00e1 la primera ponencia de esa \u00edndole, del funcionario en la ciudad de Santiago.<\/span><\/p>\n<h6> 2013-09-12 18:30:20 <\/h6>\n<p><!--\n<link rel=\"stylesheet\" href=\"css\/bootstrap.min.css\">\n\n\n<ul class=\"pagination\">\n\t    \n\t\n\n<li >\n\t<a href='?page_no=14904'>Previous<\/a>\n\t<\/li>\n\n\n       \n    \n\n<li><a href='?page_no=1'>1<\/a><\/li>\n\n\n\n<li><a href='?page_no=2'>2<\/a><\/li>\n\n\n\n<li><a>...<\/a><\/li>\n\n\n\n<li><a href='?page_no=14903'>14903<\/a><\/li>\n\n\n\n<li><a href='?page_no=14904'>14904<\/a><\/li>\n\n\n\n<li class='active'><a>14905<\/a><\/li>\n\n\n\n<li><a href='?page_no=14906'>14906<\/a><\/li>\n\n\n\n<li><a href='?page_no=14907'>14907<\/a><\/li>\n\n\n\n<li><a>...<\/a><\/li>\n\n\n\n<li><a href='?page_no=30472'>30472<\/a><\/li>\n\n\n\n<li><a href='?page_no=30473'>30473<\/a><\/li>\n\n    \n\t\n\n<li >\n\t<a href='?page_no=14906'>Next<\/a>\n\t<\/li>\n\n\n    \n\n<li><a href='?page_no=30473'>Last &rsaquo;&rsaquo;<\/a><\/li>\n\n<\/ul>\n\n\n--><br \/>\n<\/body><\/p>\n","protected":false},"excerpt":{"rendered":"<p>SANTIAGO.- \u00b4\u00b4Estrategia Nacional de Desarrollo 2030: Retos y Oportunidades de la Econom\u00eda Dominicana\u00b4\u00b4\u00b4, ser\u00e1 el titulo de la conferencia magistral que dictar\u00e1 Tem\u00edstocles Montas, el s\u00e1bado 14 de septiembre a las 10:00 de la ma\u00f1ana en el Edificio Arte y Cultura de la Universidad Abierta para Adultos (UAPA). El ministro de Econom\u00eda, Planificaci\u00f3n y Desarrollo, [&hellip;]<\/p>\n","protected":false},"author":3,"featured_media":0,"comment_status":"open","ping_status":"open","sticky":false,"template":"","format":"standard","meta":{"footnotes":""},"categories":[18],"tags":[],"class_list":["post-99448","post","type-post","status-publish","format-standard","hentry","category-economia"],"_links":{"self":[{"href":"https:\/\/diariodominicano.com\/index.php?rest_route=\/wp\/v2\/posts\/99448","targetHints":{"allow":["GET"]}}],"collection":[{"href":"https:\/\/diariodominicano.com\/index.php?rest_route=\/wp\/v2\/posts"}],"about":[{"href":"https:\/\/diariodominicano.com\/index.php?rest_route=\/wp\/v2\/types\/post"}],"author":[{"embeddable":true,"href":"https:\/\/diariodominicano.com\/index.php?rest_route=\/wp\/v2\/users\/3"}],"replies":[{"embeddable":true,"href":"https:\/\/diariodominicano.com\/index.php?rest_route=%2Fwp%2Fv2%2Fcomments&post=99448"}],"version-history":[{"count":0,"href":"https:\/\/diariodominicano.com\/index.php?rest_route=\/wp\/v2\/posts\/99448\/revisions"}],"wp:attachment":[{"href":"https:\/\/diariodominicano.com\/index.php?rest_route=%2Fwp%2Fv2%2Fmedia&parent=99448"}],"wp:term":[{"taxonomy":"category","embeddable":true,"href":"https:\/\/diariodominicano.com\/index.php?rest_route=%2Fwp%2Fv2%2Fcategories&post=99448"},{"taxonomy":"post_tag","embeddable":true,"href":"https:\/\/diariodominicano.com\/index.php?rest_route=%2Fwp%2Fv2%2Ftags&post=99448"}],"curies":[{"name":"wp","href":"https:\/\/api.w.org\/{rel}","templated":true}]}}