{"id":99446,"date":"2013-09-12T19:03:56","date_gmt":"2013-09-12T19:03:56","guid":{"rendered":"http:\/\/diariodominicano.ddns.net\/?p=99446"},"modified":"2013-09-12T19:03:56","modified_gmt":"2013-09-12T19:03:56","slug":"la-junta-monetaria-conocera-proyecto-conversion-de-las-asociaciones-de-ahorros-y-prestamos","status":"publish","type":"post","link":"https:\/\/diariodominicano.com\/?p=99446","title":{"rendered":"La Junta Monetaria conocer\u00e1 proyecto conversi\u00f3n de las Asociaciones de Ahorros y Pr\u00e9stamos"},"content":{"rendered":"<p><body><\/p>\n<p><img decoding=\"async\" src=\"img3\/asociaciones.jpg\" \/>  <\/p>\n<p><span class=\"text1noticias\">Santo Domingo, RD, 12 de Septiembre.-El Gobernador del Banco Central, H\u00e9ctor Valdez Albizu anunci\u00f3 que la Junta Monetaria conocer\u00e1 en las pr\u00f3ximas semanas, para su consideraci\u00f3n, ponderaci\u00f3n y aprobaci\u00f3n de su publicaci\u00f3n para fines de consulta de los sectores interesados, el proyecto de conversi\u00f3n de las Asociaciones de Ahorros y Pr\u00e9stamos en una de las figuras accionarias establecidas en la Ley Monetaria y Financiera, esto es, banco M\u00faltiple, banco de ahorro y cr\u00e9dito o corporaci\u00f3n de cr\u00e9dito, con lo cual se estar\u00eda dando cumplimiento a las disposiciones establecidas en la parte in fine del art\u00edculo 75 de la Ley.<\/span><\/p>\n<\/p>\n<p><span class=\"text1noticias\">Valdez Albizu hizo el anuncio durante una reuni\u00f3n con los ejecutivos de la Liga Dominicana de Ahorros y Pr\u00e9stamos realizada en el Banco Central.<\/span><\/p>\n<\/p>\n<p><span class=\"text1noticias\">Explic\u00f3 que la conversi\u00f3n permitir\u00e1 a las Asociaciones  de Ahorros y Pr\u00e9stamos ampliar su oferta de productos financieros al p\u00fablico, lo que se traducir\u00e1 en mayores beneficios para los clientes y representa un fortalecimiento del sector financiero nacional.<\/span><\/p>\n<\/p>\n<p><span class=\"text1noticias\">En el encuentro se pas\u00f3 balance al desempe\u00f1o de las asociaciones de ahorros y pr\u00e9stamos, el crecimiento del cr\u00e9dito privado, los niveles de liquidez de la econom\u00eda y las medidas que se han tomado recientemente para contribuir a la estabilidad del d\u00f3lar.<\/span><\/p>\n<\/p>\n<p><span class=\"text1noticias\">Asistieron Francisco Melo, Presidente de la Liga de Asociaciones, Freddy A. Reyes y Julio Escoto Santana, representantes de la Asociaci\u00f3n La Nacional, Hip\u00f3lito Herrera y Gustavo Ariza, por la Asociaci\u00f3n Popular, Jos\u00e9 Santiago y Rafael Genao, por la Asociaci\u00f3n Cibao, Jos\u00e9 Francisco Deschamps, por la Asociaci\u00f3n La Vega Real, y Jos\u00e9 Melo, por la Asociaci\u00f3n Romana.<\/span><\/p>\n<\/p>\n<p><span class=\"text1noticias\">Por el Banco Central, acompa\u00f1aron al Gobernador la Vicegobernadora Clarissa de la Rocha de Torres, el Gerente Ervin Novas, el Subgerente General Frank Monta\u00f1o y el Director del Departamento de Regulaci\u00f3n Financiera, Ram\u00f3n Rosario.(HG)<\/span>.<\/p>\n<h6> 2013-09-12 19:03:56 <\/h6>\n<p><!--\n<link rel=\"stylesheet\" href=\"css\/bootstrap.min.css\">\n\n\n<ul class=\"pagination\">\n\t    \n\t\n\n<li >\n\t<a href='?page_no=14902'>Previous<\/a>\n\t<\/li>\n\n\n       \n    \n\n<li><a href='?page_no=1'>1<\/a><\/li>\n\n\n\n<li><a href='?page_no=2'>2<\/a><\/li>\n\n\n\n<li><a>...<\/a><\/li>\n\n\n\n<li><a href='?page_no=14901'>14901<\/a><\/li>\n\n\n\n<li><a href='?page_no=14902'>14902<\/a><\/li>\n\n\n\n<li class='active'><a>14903<\/a><\/li>\n\n\n\n<li><a href='?page_no=14904'>14904<\/a><\/li>\n\n\n\n<li><a href='?page_no=14905'>14905<\/a><\/li>\n\n\n\n<li><a>...<\/a><\/li>\n\n\n\n<li><a href='?page_no=30472'>30472<\/a><\/li>\n\n\n\n<li><a href='?page_no=30473'>30473<\/a><\/li>\n\n    \n\t\n\n<li >\n\t<a href='?page_no=14904'>Next<\/a>\n\t<\/li>\n\n\n    \n\n<li><a href='?page_no=30473'>Last &rsaquo;&rsaquo;<\/a><\/li>\n\n<\/ul>\n\n\n--><br \/>\n<\/body><\/p>\n","protected":false},"excerpt":{"rendered":"<p>Santo Domingo, RD, 12 de Septiembre.-El Gobernador del Banco Central, H\u00e9ctor Valdez Albizu anunci\u00f3 que la Junta Monetaria conocer\u00e1 en las pr\u00f3ximas semanas, para su consideraci\u00f3n, ponderaci\u00f3n y aprobaci\u00f3n de su publicaci\u00f3n para fines de consulta de los sectores interesados, el proyecto de conversi\u00f3n de las Asociaciones de Ahorros y Pr\u00e9stamos en una de las [&hellip;]<\/p>\n","protected":false},"author":3,"featured_media":0,"comment_status":"open","ping_status":"open","sticky":false,"template":"","format":"standard","meta":{"footnotes":""},"categories":[18],"tags":[],"class_list":["post-99446","post","type-post","status-publish","format-standard","hentry","category-economia"],"_links":{"self":[{"href":"https:\/\/diariodominicano.com\/index.php?rest_route=\/wp\/v2\/posts\/99446","targetHints":{"allow":["GET"]}}],"collection":[{"href":"https:\/\/diariodominicano.com\/index.php?rest_route=\/wp\/v2\/posts"}],"about":[{"href":"https:\/\/diariodominicano.com\/index.php?rest_route=\/wp\/v2\/types\/post"}],"author":[{"embeddable":true,"href":"https:\/\/diariodominicano.com\/index.php?rest_route=\/wp\/v2\/users\/3"}],"replies":[{"embeddable":true,"href":"https:\/\/diariodominicano.com\/index.php?rest_route=%2Fwp%2Fv2%2Fcomments&post=99446"}],"version-history":[{"count":0,"href":"https:\/\/diariodominicano.com\/index.php?rest_route=\/wp\/v2\/posts\/99446\/revisions"}],"wp:attachment":[{"href":"https:\/\/diariodominicano.com\/index.php?rest_route=%2Fwp%2Fv2%2Fmedia&parent=99446"}],"wp:term":[{"taxonomy":"category","embeddable":true,"href":"https:\/\/diariodominicano.com\/index.php?rest_route=%2Fwp%2Fv2%2Fcategories&post=99446"},{"taxonomy":"post_tag","embeddable":true,"href":"https:\/\/diariodominicano.com\/index.php?rest_route=%2Fwp%2Fv2%2Ftags&post=99446"}],"curies":[{"name":"wp","href":"https:\/\/api.w.org\/{rel}","templated":true}]}}