{"id":99445,"date":"2013-09-12T19:49:54","date_gmt":"2013-09-12T19:49:54","guid":{"rendered":"http:\/\/diariodominicano.ddns.net\/?p=99445"},"modified":"2013-09-12T19:49:54","modified_gmt":"2013-09-12T19:49:54","slug":"inversionistas-confian-en-desarrollo-de-republica-dominicana","status":"publish","type":"post","link":"https:\/\/diariodominicano.com\/?p=99445","title":{"rendered":"Inversionistas conf\u00edan en desarrollo de Rep\u00fablica Dominicana"},"content":{"rendered":"<p><body><\/p>\n<p><img decoding=\"async\" src=\"img3\/walter.jpg\" \/>  <\/p>\n<p><span class=\"text1noticias\">Juan Dolio, San Pedro de Macor\u00eds, 12 de Septiembre.-La apertura del parque de diversiones Los Delfines Water &amp; Entertainment, y el pr\u00f3ximo inicio de un club de playa y hotel, expresa la confianza de los inversores en el pa\u00eds.<\/span><\/p>\n<\/p>\n<p><span class=\"text1noticias\">As\u00ed lo expuso el presidente del parque de Diversiones, Hakan Senaltan, en el acto inaugural, encabezado por el presidente Danilo Medina.<\/span><\/p>\n<\/p>\n<p><span class=\"text1noticias\">El parque fue creado para reunir a la familia, en torno a una propuesta de diversi\u00f3n sana.<\/span><\/p>\n<\/p>\n<p><span class=\"text1noticias\">Hakan Senaltan indic\u00f3 que la primera etapa del proyecto tur\u00edstico, fue construida con una inversi\u00f3n de 13 millones de d\u00f3lares, que al mismo tiempo permitir\u00e1 dinamizar la econom\u00eda de la regi\u00f3n Este y del pa\u00eds.<\/span><\/p>\n<\/p>\n<p><span class=\"text1noticias\">\u00abActualmente trabajan 128 empleados, que fueron capacitados para ofrecer un servicio de calidad  a los visitantes\u00bb, expres\u00f3.<\/span><\/p>\n<\/p>\n<p><span class=\"text1noticias\">Parque de entretenimiento m\u00e1s grande del Caribe<\/span><\/p>\n<\/p>\n<p><span class=\"text1noticias\">Indic\u00f3 que se trata del parque de entretenimiento m\u00e1s grande del Caribe, con unas instalaciones de m\u00e1s de 65 mil metros cuadrados, frente al Mar Caribe.<\/span><\/p>\n<\/p>\n<p><span class=\"text1noticias\">Vista del Parque Acu\u00e1tico Los Delfines en Juan Dolio, construido con una inversi\u00f3n de 13 millones de d\u00f3lares<\/span><\/p>\n<p><span class=\"text1noticias\">La iniciativa consta de dos etapas y consta de 44 mil metros cuadrados de terreno.<\/span><\/p>\n<\/p>\n<p><span class=\"text1noticias\">Dijo que hace tres a\u00f1os, al llegar al pa\u00eds, su grupo corporativo hizo el estudio de mercado, que les indic\u00f3 que Juan Dolio era el lugar ideal, por su cercan\u00eda con Santo Domingo, Bayahibe, La Romana, Hig\u00fcey, B\u00e1varo y Punta Cana.<\/span><\/p>\n<\/p>\n<p><span class=\"text1noticias\">Aporte importante<\/span><\/p>\n<\/p>\n<p><span class=\"text1noticias\">Mientras el ministro de Turismo, Francisco Javier Garc\u00eda dijo que se trata de  un aporte importante para la oferta complementaria del turismo dominicano.<\/span><\/p>\n<\/p>\n<p><span class=\"text1noticias\">Francisco Javier Garc\u00eda, ministro de Turismo, resalt\u00f3 que este gran proyecto promueve el turismo de familia<\/span><\/p>\n<p><span class=\"text1noticias\">Resalt\u00f3 que el Gobierno est\u00e1 ejecutando la mayor cantidad de obras simult\u00e1neas que se han desarrollado en el Este del pa\u00eds, en toda la historia.<\/span><\/p>\n<\/p>\n<p><span class=\"text1noticias\">Expuso que las instrucciones del presidente Danilo Medina son ofrecer el mayor respaldo, facilidades y acelerar los procesos para posibilitar los proyectos que dinamizan la econom\u00eda y atraen inversiones.<\/span><\/p>\n<\/p>\n<p><span class=\"text1noticias\">Al felicitar  a los promotores del proyecto, indic\u00f3 que con el mismo se contribuye a fomentar el turismo de familia.<\/span><\/p>\n<\/p>\n<p><span class=\"text1noticias\">El Presidente Medina hizo el corte de la cinta y culmin\u00f3 el acto con un recorrido por las instalaciones del parque de diversiones.(HG)<\/span>.<\/p>\n<\/p>\n<h6> 2013-09-12 19:49:54 <\/h6>\n<p><!--\n<link rel=\"stylesheet\" href=\"css\/bootstrap.min.css\">\n\n\n<ul class=\"pagination\">\n\t    \n\t\n\n<li >\n\t<a href='?page_no=14901'>Previous<\/a>\n\t<\/li>\n\n\n       \n    \n\n<li><a href='?page_no=1'>1<\/a><\/li>\n\n\n\n<li><a href='?page_no=2'>2<\/a><\/li>\n\n\n\n<li><a>...<\/a><\/li>\n\n\n\n<li><a href='?page_no=14900'>14900<\/a><\/li>\n\n\n\n<li><a href='?page_no=14901'>14901<\/a><\/li>\n\n\n\n<li class='active'><a>14902<\/a><\/li>\n\n\n\n<li><a href='?page_no=14903'>14903<\/a><\/li>\n\n\n\n<li><a href='?page_no=14904'>14904<\/a><\/li>\n\n\n\n<li><a>...<\/a><\/li>\n\n\n\n<li><a href='?page_no=30472'>30472<\/a><\/li>\n\n\n\n<li><a href='?page_no=30473'>30473<\/a><\/li>\n\n    \n\t\n\n<li >\n\t<a href='?page_no=14903'>Next<\/a>\n\t<\/li>\n\n\n    \n\n<li><a href='?page_no=30473'>Last &rsaquo;&rsaquo;<\/a><\/li>\n\n<\/ul>\n\n\n--><br \/>\n<\/body><\/p>\n","protected":false},"excerpt":{"rendered":"<p>Juan Dolio, San Pedro de Macor\u00eds, 12 de Septiembre.-La apertura del parque de diversiones Los Delfines Water &amp; Entertainment, y el pr\u00f3ximo inicio de un club de playa y hotel, expresa la confianza de los inversores en el pa\u00eds. As\u00ed lo expuso el presidente del parque de Diversiones, Hakan Senaltan, en el acto inaugural, encabezado [&hellip;]<\/p>\n","protected":false},"author":3,"featured_media":0,"comment_status":"open","ping_status":"open","sticky":false,"template":"","format":"standard","meta":{"footnotes":""},"categories":[18],"tags":[],"class_list":["post-99445","post","type-post","status-publish","format-standard","hentry","category-economia"],"_links":{"self":[{"href":"https:\/\/diariodominicano.com\/index.php?rest_route=\/wp\/v2\/posts\/99445","targetHints":{"allow":["GET"]}}],"collection":[{"href":"https:\/\/diariodominicano.com\/index.php?rest_route=\/wp\/v2\/posts"}],"about":[{"href":"https:\/\/diariodominicano.com\/index.php?rest_route=\/wp\/v2\/types\/post"}],"author":[{"embeddable":true,"href":"https:\/\/diariodominicano.com\/index.php?rest_route=\/wp\/v2\/users\/3"}],"replies":[{"embeddable":true,"href":"https:\/\/diariodominicano.com\/index.php?rest_route=%2Fwp%2Fv2%2Fcomments&post=99445"}],"version-history":[{"count":0,"href":"https:\/\/diariodominicano.com\/index.php?rest_route=\/wp\/v2\/posts\/99445\/revisions"}],"wp:attachment":[{"href":"https:\/\/diariodominicano.com\/index.php?rest_route=%2Fwp%2Fv2%2Fmedia&parent=99445"}],"wp:term":[{"taxonomy":"category","embeddable":true,"href":"https:\/\/diariodominicano.com\/index.php?rest_route=%2Fwp%2Fv2%2Fcategories&post=99445"},{"taxonomy":"post_tag","embeddable":true,"href":"https:\/\/diariodominicano.com\/index.php?rest_route=%2Fwp%2Fv2%2Ftags&post=99445"}],"curies":[{"name":"wp","href":"https:\/\/api.w.org\/{rel}","templated":true}]}}