{"id":99444,"date":"2013-09-12T19:54:39","date_gmt":"2013-09-12T19:54:39","guid":{"rendered":"http:\/\/diariodominicano.ddns.net\/?p=99444"},"modified":"2013-09-12T19:54:39","modified_gmt":"2013-09-12T19:54:39","slug":"serulle-resalta-creatividad-e-innovacion-del-empresariado-de-santiago","status":"publish","type":"post","link":"https:\/\/diariodominicano.com\/?p=99444","title":{"rendered":"Serulle resalta creatividad e innovaci\u00f3n del empresariado de Santiago"},"content":{"rendered":"<p><body><\/p>\n<p><img decoding=\"async\" src=\"img3\/serulle.jpg\" \/>  <\/p>\n<p><span class=\"text1noticias\">Santiago, RD, 12 de Septiembre.-El Alcalde Municipal de Santiago resalt\u00f3 las iniciativas de creatividad e innovaci\u00f3n del sector empresarial de esta ciudad al pronunciar las palabras de bienvenidas de la vig\u00e9simo-sexta- versi\u00f3n de Expo-Cibao, con la presencia de la vice-presidenta de la Rep\u00fablica, doctora Margarita Cede\u00f1o de Fern\u00e1ndez, en los terrenos de la Barranquita.<\/span><\/p>\n<p><span class=\"text1noticias\"> <\/span><\/p>\n<p><span class=\"text1noticias\">\u00abEl pueblo de Santiago se complace con esta manifestaci\u00f3n de progreso y avance en el \u00e1mbito de la producci\u00f3n y cifra sus esperanzas en que el futuro de nuestra zona y del pa\u00eds descansa en la acogida a la innovaci\u00f3n, que se transforma en un caudal de prosperidad para el empresariado y para cada uno de los habitantes de nuestro municipio\u00bb, subray\u00f3 el doctor Gilberto Serulle.<\/span><\/p>\n<p><span class=\"text1noticias\"> <\/span><\/p>\n<p><span class=\"text1noticias\">Indic\u00f3 que Expo-Cibao es una oportunidad de integrar la creatividad de los emprendedores en el desarrollo de proyectos que se divulgan a la colectividad y es una invitaci\u00f3n a que s\u00ed se puede llevar a cabo  grandes iniciativas como otras de mediano y a\u00fan de menor alcance, pero que redundan en el bienestar de las mayor\u00edas.<\/span><\/p>\n<p><span class=\"text1noticias\"> <\/span><\/p>\n<p><span class=\"text1noticias\">Asimismo, el Alcalde Gilberto Serulle manifest\u00f3 que con este evento, se pone de manifiesto el inter\u00e9s del empresariado por cumplir con su rol social de manera responsable.<\/span><\/p>\n<p><span class=\"text1noticias\">En ese sentido, el Alcalde Gilberto Serulle dijo que eventos de esta naturaleza buscan la integraci\u00f3n del colectivo social en un proceso de validaci\u00f3n de sus resultados, el cual no puede estar ajeno a los eventos que en el \u00e1mbito de las actuales teor\u00edas econ\u00f3micas reclaman una labor de cara a la responsabilidad social del empresariado.<\/span><\/p>\n<p><span class=\"text1noticias\"> <\/span><\/p>\n<p><span class=\"text1noticias\">Durante su discurso, el Alcalde Municipal anunci\u00f3 que Santiago es el primer municipio de la Rep\u00fablica Dominicana en disponer del Fondo Fiduciario de Santiago (FONFIDES), que traer\u00e1 seguridad jur\u00eddica legal, fortaleciendo la confianza y credibilidad de los due\u00f1os de capitales para invertir en alianza con el gobierno local.<\/span><\/p>\n<p><span class=\"text1noticias\"> <\/span><\/p>\n<p><span class=\"text1noticias\">El doctor Gilberto Serulle dijo que su gesti\u00f3n desde la Alcald\u00eda local, se ha encaminado fundamentalmente, a resolver los  m\u00e1s urgentes y graves problemas relacionados con la pobreza, de manera de sentar las bases para una inversi\u00f3n m\u00e1s confiable.<\/span><\/p>\n<p><span class=\"text1noticias\"> <\/span><\/p>\n<p><span class=\"text1noticias\">\u00abEntendemos que en el contexto urbano contribuye a estos fines el saneamiento del h\u00e1bitat.  Llevar esperanza a la gente, al tiempo que se eleva su dignidad como persona, es la base para el progreso y la inclusi\u00f3n social\u00bb, expres\u00f3 el doctor Gilberto Serulle en su discurso inaugural de Expo-Cibao.<\/span><\/p>\n<p><span class=\"text1noticias\"> <\/span><\/p>\n<p><span class=\"text1noticias\">En el evento, tambi\u00e9n pronunciaron discursos, la vice-presidenta de la Rep\u00fablica, Doctora Margarita Cede\u00f1o de Fern\u00e1ndez, quien elogi\u00f3 el evento por su dinamismo econ\u00f3mico y las oportunidades de negocios y de compras para el p\u00fablico, el licenciado Aquiles Berm\u00fadez, orador invitado y la licenciada Mar\u00eda Victoria Menicucci, presidenta de la C\u00e1mara de Comercio y Producci\u00f3n de Santiago.<\/span><\/p>\n<p><span class=\"text1noticias\"> <\/span><\/p>\n<p><span class=\"text1noticias\">La bendici\u00f3n estuvo a cargo de monse\u00f1or Ram\u00f3n Benito de la Rosa y Carpio, arzobispo metropolitano de esta ciudad.<\/span><\/p>\n<p><span class=\"text1noticias\"> <\/span><\/p>\n<p><span class=\"text1noticias\">Durante la actividad, la directiva de la C\u00e1mara de Comercio y Producci\u00f3n de Santiago entreg\u00f3 un pergamino de reconocimiento al rector de la Pontificia Universidad Cat\u00f3lica Madre y Maestra (PUCMM), monse\u00f1or Agripino N\u00fa\u00f1ez Collado.<\/span><\/p>\n<p><span class=\"text1noticias\"> <\/span><\/p>\n<p><span class=\"text1noticias\">Un grupo de j\u00f3venes escenific\u00f3 el grito de la libertad de Independencia de la Rep\u00fablica Dominicana del a\u00f1o 1844, imitando a los patricios Juan Pablo Duarte, S\u00e1nchez y Mella.(HG)<\/span>.<\/p>\n<\/p>\n<h6> 2013-09-12 19:54:39 <\/h6>\n<p><!--\n<link rel=\"stylesheet\" href=\"css\/bootstrap.min.css\">\n\n\n<ul class=\"pagination\">\n\t    \n\t\n\n<li >\n\t<a href='?page_no=14900'>Previous<\/a>\n\t<\/li>\n\n\n       \n    \n\n<li><a href='?page_no=1'>1<\/a><\/li>\n\n\n\n<li><a href='?page_no=2'>2<\/a><\/li>\n\n\n\n<li><a>...<\/a><\/li>\n\n\n\n<li><a href='?page_no=14899'>14899<\/a><\/li>\n\n\n\n<li><a href='?page_no=14900'>14900<\/a><\/li>\n\n\n\n<li class='active'><a>14901<\/a><\/li>\n\n\n\n<li><a href='?page_no=14902'>14902<\/a><\/li>\n\n\n\n<li><a href='?page_no=14903'>14903<\/a><\/li>\n\n\n\n<li><a>...<\/a><\/li>\n\n\n\n<li><a href='?page_no=30472'>30472<\/a><\/li>\n\n\n\n<li><a href='?page_no=30473'>30473<\/a><\/li>\n\n    \n\t\n\n<li >\n\t<a href='?page_no=14902'>Next<\/a>\n\t<\/li>\n\n\n    \n\n<li><a href='?page_no=30473'>Last &rsaquo;&rsaquo;<\/a><\/li>\n\n<\/ul>\n\n\n--><br \/>\n<\/body><\/p>\n","protected":false},"excerpt":{"rendered":"<p>Santiago, RD, 12 de Septiembre.-El Alcalde Municipal de Santiago resalt\u00f3 las iniciativas de creatividad e innovaci\u00f3n del sector empresarial de esta ciudad al pronunciar las palabras de bienvenidas de la vig\u00e9simo-sexta- versi\u00f3n de Expo-Cibao, con la presencia de la vice-presidenta de la Rep\u00fablica, doctora Margarita Cede\u00f1o de Fern\u00e1ndez, en los terrenos de la Barranquita. \u00abEl [&hellip;]<\/p>\n","protected":false},"author":3,"featured_media":0,"comment_status":"open","ping_status":"open","sticky":false,"template":"","format":"standard","meta":{"footnotes":""},"categories":[18],"tags":[],"class_list":["post-99444","post","type-post","status-publish","format-standard","hentry","category-economia"],"_links":{"self":[{"href":"https:\/\/diariodominicano.com\/index.php?rest_route=\/wp\/v2\/posts\/99444","targetHints":{"allow":["GET"]}}],"collection":[{"href":"https:\/\/diariodominicano.com\/index.php?rest_route=\/wp\/v2\/posts"}],"about":[{"href":"https:\/\/diariodominicano.com\/index.php?rest_route=\/wp\/v2\/types\/post"}],"author":[{"embeddable":true,"href":"https:\/\/diariodominicano.com\/index.php?rest_route=\/wp\/v2\/users\/3"}],"replies":[{"embeddable":true,"href":"https:\/\/diariodominicano.com\/index.php?rest_route=%2Fwp%2Fv2%2Fcomments&post=99444"}],"version-history":[{"count":0,"href":"https:\/\/diariodominicano.com\/index.php?rest_route=\/wp\/v2\/posts\/99444\/revisions"}],"wp:attachment":[{"href":"https:\/\/diariodominicano.com\/index.php?rest_route=%2Fwp%2Fv2%2Fmedia&parent=99444"}],"wp:term":[{"taxonomy":"category","embeddable":true,"href":"https:\/\/diariodominicano.com\/index.php?rest_route=%2Fwp%2Fv2%2Fcategories&post=99444"},{"taxonomy":"post_tag","embeddable":true,"href":"https:\/\/diariodominicano.com\/index.php?rest_route=%2Fwp%2Fv2%2Ftags&post=99444"}],"curies":[{"name":"wp","href":"https:\/\/api.w.org\/{rel}","templated":true}]}}