{"id":99439,"date":"2013-09-12T20:56:50","date_gmt":"2013-09-12T20:56:50","guid":{"rendered":"http:\/\/diariodominicano.ddns.net\/?p=99439"},"modified":"2013-09-12T20:56:50","modified_gmt":"2013-09-12T20:56:50","slug":"ventura-camejo-denuncia-sectores-privilegiados-tratan-de-boicotear-ley-salarios","status":"publish","type":"post","link":"https:\/\/diariodominicano.com\/?p=99439","title":{"rendered":"&#13;Ventura Camejo denuncia \u00absectores privilegiados\u00bb tratan de boicotear Ley Salarios"},"content":{"rendered":"<p><body><\/p>\n<\/p>\n<p>Santo Domingo, RD, 12 de septiembre.- El ministro de Administraci\u00f3n P\u00fablica, licenciado Ram\u00f3n Ventura Camejo, denunci\u00f3 que algunos sectores \u00abprivilegiados\u00bb, opuestos a la aplicaci\u00f3n de la Ley General de Salarios para el Sector P\u00fablico, tratan de obstaculizar esa normativa incoando un Recurso de Inconstitucionalidad ante el Tribunal Constitucional (TC).<\/p>\n<\/p>\n<p>Ventura Camejo se\u00f1al\u00f3 que esas son informaciones con las que cuenta el Poder Ejecutivo. La ley de Salarios est\u00e1 marcada con el n\u00famero 105-13.<\/p>\n<\/p>\n<p>El ministro indic\u00f3 que \u00abhay sectores que est\u00e1n torpedeando la implementaci\u00f3n de la Ley de Salarios, porque afecta privilegios cuyos beneficiarios estar\u00edan tramando de recurrir a una supuesta inconstitucionalidad de la legislaci\u00f3n\u00bb.<\/p>\n<\/p>\n<p>\u00abEsto ser\u00eda una ofensa a las leg\u00edtimas aspiraciones del pueblo dominicano\u00bb, precis\u00f3 el funcionario.<\/p>\n<\/p>\n<p>Record\u00f3 que la Constituci\u00f3n de la Rep\u00fablica establece en su art\u00edculo 144, que ser\u00e1 la Ley la que determinar\u00e1 el salario de todo el Estado Dominicano y que el Congreso cumpli\u00f3 con ese mandato.<\/p>\n<\/p>\n<p>\u00abPara la Rep\u00fablica Dominicana, es un hecho trascendente el que se haya  aprobado la Ley General de Salarios para el Sector P\u00fablico, porque \u00e9sta va a transparentar los salarios en el Estado, en virtud de que establece una jerarqu\u00eda salarial importante en este proceso de racionalizaci\u00f3n de la administraci\u00f3n p\u00fablica y tiene un gran alcance social, porque reducir\u00e1 la inequidad salarial\u00bb, destac\u00f3.<\/p>\n<\/p>\n<p>El m\u00e1ximo representante del Ministerio de Administraci\u00f3n P\u00fablica (MAP), revel\u00f3 que ya fue elaborado un borrador para el  Reglamento de Aplicaci\u00f3n de la Ley, en el cual ser\u00e1 incluido un elemento nuevo: La definici\u00f3n de cu\u00e1l debe ser el salario m\u00ednimo indispensable para los empleados p\u00fablicos de menor nivel.<\/p>\n<\/p>\n<p>\u00abDe este punto no se est\u00e1 hablando mucho, pero es muy importante, porque se trata de garantizar que los empleados p\u00fablicos que menos ganan tengan el poder adquisitivo necesario para tener acceso a la canasta b\u00e1sica\u00bb, indic\u00f3 Ventura Camejo.<\/p>\n<\/p>\n<h6> 2013-09-12 20:56:50 <\/h6>\n<p><!--\n<link rel=\"stylesheet\" href=\"css\/bootstrap.min.css\">\n\n\n<ul class=\"pagination\">\n\t    \n\t\n\n<li >\n\t<a href='?page_no=14897'>Previous<\/a>\n\t<\/li>\n\n\n       \n    \n\n<li><a href='?page_no=1'>1<\/a><\/li>\n\n\n\n<li><a href='?page_no=2'>2<\/a><\/li>\n\n\n\n<li><a>...<\/a><\/li>\n\n\n\n<li><a href='?page_no=14896'>14896<\/a><\/li>\n\n\n\n<li><a href='?page_no=14897'>14897<\/a><\/li>\n\n\n\n<li class='active'><a>14898<\/a><\/li>\n\n\n\n<li><a href='?page_no=14899'>14899<\/a><\/li>\n\n\n\n<li><a href='?page_no=14900'>14900<\/a><\/li>\n\n\n\n<li><a>...<\/a><\/li>\n\n\n\n<li><a href='?page_no=30472'>30472<\/a><\/li>\n\n\n\n<li><a href='?page_no=30473'>30473<\/a><\/li>\n\n    \n\t\n\n<li >\n\t<a href='?page_no=14899'>Next<\/a>\n\t<\/li>\n\n\n    \n\n<li><a href='?page_no=30473'>Last &rsaquo;&rsaquo;<\/a><\/li>\n\n<\/ul>\n\n\n--><br \/>\n<\/body><\/p>\n","protected":false},"excerpt":{"rendered":"<p>Santo Domingo, RD, 12 de septiembre.- El ministro de Administraci\u00f3n P\u00fablica, licenciado Ram\u00f3n Ventura Camejo, denunci\u00f3 que algunos sectores \u00abprivilegiados\u00bb, opuestos a la aplicaci\u00f3n de la Ley General de Salarios para el Sector P\u00fablico, tratan de obstaculizar esa normativa incoando un Recurso de Inconstitucionalidad ante el Tribunal Constitucional (TC). Ventura Camejo se\u00f1al\u00f3 que esas son [&hellip;]<\/p>\n","protected":false},"author":3,"featured_media":0,"comment_status":"open","ping_status":"open","sticky":false,"template":"","format":"standard","meta":{"footnotes":""},"categories":[18],"tags":[],"class_list":["post-99439","post","type-post","status-publish","format-standard","hentry","category-economia"],"_links":{"self":[{"href":"https:\/\/diariodominicano.com\/index.php?rest_route=\/wp\/v2\/posts\/99439","targetHints":{"allow":["GET"]}}],"collection":[{"href":"https:\/\/diariodominicano.com\/index.php?rest_route=\/wp\/v2\/posts"}],"about":[{"href":"https:\/\/diariodominicano.com\/index.php?rest_route=\/wp\/v2\/types\/post"}],"author":[{"embeddable":true,"href":"https:\/\/diariodominicano.com\/index.php?rest_route=\/wp\/v2\/users\/3"}],"replies":[{"embeddable":true,"href":"https:\/\/diariodominicano.com\/index.php?rest_route=%2Fwp%2Fv2%2Fcomments&post=99439"}],"version-history":[{"count":0,"href":"https:\/\/diariodominicano.com\/index.php?rest_route=\/wp\/v2\/posts\/99439\/revisions"}],"wp:attachment":[{"href":"https:\/\/diariodominicano.com\/index.php?rest_route=%2Fwp%2Fv2%2Fmedia&parent=99439"}],"wp:term":[{"taxonomy":"category","embeddable":true,"href":"https:\/\/diariodominicano.com\/index.php?rest_route=%2Fwp%2Fv2%2Fcategories&post=99439"},{"taxonomy":"post_tag","embeddable":true,"href":"https:\/\/diariodominicano.com\/index.php?rest_route=%2Fwp%2Fv2%2Ftags&post=99439"}],"curies":[{"name":"wp","href":"https:\/\/api.w.org\/{rel}","templated":true}]}}