{"id":99362,"date":"2013-09-19T22:12:29","date_gmt":"2013-09-19T22:12:29","guid":{"rendered":"http:\/\/diariodominicano.ddns.net\/?p=99362"},"modified":"2013-09-19T22:12:29","modified_gmt":"2013-09-19T22:12:29","slug":"presidente-de-panama-resalta-avances-para-rd-convertirse-en-hub-del-caribe","status":"publish","type":"post","link":"https:\/\/diariodominicano.com\/?p=99362","title":{"rendered":"Presidente de Panam\u00e1 resalta avances para RD convertirse en Hub del Caribe"},"content":{"rendered":"<p><body><\/p>\n<p><img decoding=\"async\" src=\"img3\/martinelli.jpg\" \/>  <\/p>\n<p><span class=\"text1noticias\">Ciudad De Panam\u00e1, Panam\u00e1, 18 de Septiembre.-El presidente de Panam\u00e1 Ricardo Martinelli resalt\u00f3 los avances de Rep\u00fablica Dominicana para convertirse en el centro de operaci\u00f3n o conexi\u00f3n \u00abhub\u00bb del Caribe, para distribuir hacia la regi\u00f3n y el mundo todo lo relacionado con el comercio de transporte a\u00e9reo y mar\u00edtimo, entre otras actividades de alto impacto econ\u00f3mico.<\/span><\/p>\n<\/p>\n<p><span class=\"text1noticias\">El mandatario paname\u00f1o expuso sus consideraciones  durante un encuentro que sostuvo con miembros de la delegaci\u00f3n dominicana integrada por instituciones p\u00fablicas y privadas,  que participa en Expo Log\u00edstica Panam\u00e1 2013, como parte de las iniciativas y esfuerzos del presidente Danilo Medina de impulsar el turismo hacia Rep\u00fablica Dominicana.<\/span><\/p>\n<\/p>\n<p><span class=\"text1noticias\">El licenciado Ar\u00edstides Fern\u00e1ndez Zucco, Secretario de Estado, Director Ejecutivo del Departamento Aeroportuario, que coordina la integraci\u00f3n y participaci\u00f3n de la misi\u00f3n dominicana,  ponder\u00f3 el inter\u00e9s mostrado por el Presidente Martinelli, sobre Rep\u00fablica Dominicana, visit\u00f3 el stand de exhibici\u00f3n y promoci\u00f3n de las ventajas competitivas del pa\u00eds,  para alcanzar las metas que se ha propuesto el presidente Medina y ratific\u00f3 su inter\u00e9s de colaboraci\u00f3n con la naci\u00f3n caribe\u00f1a.<\/span><\/p>\n<\/p>\n<p><span class=\"text1noticias\">\u00abNuestra participaci\u00f3n conjunta ha sido brillante, y se destacan los aportes  valiosos del Centro de Exportaci\u00f3n e Inversi\u00f3n de Rep\u00fablica Dominicana, encabezado por su Director Ejecutivo, secretario de Estado Jean Alain Rodr\u00edguez, y del ingeniero Ram\u00f3n Rivas, Director Ejecutivo de Autoridad Portuaria Dominicana, como instituciones del Estado dominicano\u00bb,  resalt\u00f3 Fern\u00e1ndez Zucco.<\/span><\/p>\n<\/p>\n<p><span class=\"text1noticias\">Dijo que ha sido valiosa la participaci\u00f3n del sector privado y se refiri\u00f3 al Puerto Multimodal Caucedo y al Centro Log\u00edstica de clase mundial que se construye en esa \u00e1rea.<\/span><\/p>\n<\/p>\n<p><span class=\"text1noticias\">El Presidente Martinelli,  en el encuentro con la delegaci\u00f3n dominicana estuvo acompa\u00f1ado, por el doctor Rub\u00e9n Berrocal,  Secretario Nacional de la Secretar\u00eda Nacional de Ciencias, Tecnolog\u00eda e Innovaci\u00f3n de Panam\u00e1, anfitriona del evento,   ministros y altos funcionarios paname\u00f1os vinculados a los temas de la exposici\u00f3n internacional en su 7ma. versi\u00f3n. Adem\u00e1s,  el se\u00f1or Enrique Iglesias, quien participa en una jornada paralela de naciones iberoamericanas  que trabajan en temas de log\u00edstica y tecnolog\u00eda para el transporte a\u00e9reo y mar\u00edtimo  a nivel internacional.<\/span><\/p>\n<\/p>\n<p><span class=\"text1noticias\">El Presidente de la Rep\u00fablica de Panam\u00e1, en su di\u00e1logo con la representaci\u00f3n dominicana, ponder\u00f3 el desarrollo sostenido de su pa\u00eds en materia de transporte a\u00e9reo y de transporte mar\u00edtimo, indicando que ocupan en cuarto lugar a nivel mundial en el primer rengl\u00f3n, y el s\u00e9ptimo en lo referente al comercio mar\u00edtimo.<\/span><\/p>\n<\/p>\n<p><span class=\"text1noticias\">El embajador de Rep\u00fablica Dominicana, en Panam\u00e1, y altos funcionarios diplom\u00e1ticos de esta sede participan directamente, junta a la delegaci\u00f3n dominicana, en la organizaci\u00f3n y representaci\u00f3n nacional en Expo Log\u00edstica Panam\u00e1, que se inici\u00f3 en la ma\u00f1ana de ayer  jueves y termina este s\u00e1bado.<\/span><\/p>\n<\/p>\n<p><span class=\"text1noticias\">Fern\u00e1ndez Zucco dijo que en pa\u00eds, con esta participaci\u00f3n, ha dado un significativo pase de avance  en la direcci\u00f3n correcta para alcanzar la meta propuesta por el presidente Danilo Medina y su pol\u00edtica de expansi\u00f3n econ\u00f3mica.(HG)<\/span>.<\/p>\n<h6> 2013-09-19 22:12:29 <\/h6>\n<p><!--\n<link rel=\"stylesheet\" href=\"css\/bootstrap.min.css\">\n\n\n<ul class=\"pagination\">\n\t    \n\t\n\n<li >\n\t<a href='?page_no=14827'>Previous<\/a>\n\t<\/li>\n\n\n       \n    \n\n<li><a href='?page_no=1'>1<\/a><\/li>\n\n\n\n<li><a href='?page_no=2'>2<\/a><\/li>\n\n\n\n<li><a>...<\/a><\/li>\n\n\n\n<li><a href='?page_no=14826'>14826<\/a><\/li>\n\n\n\n<li><a href='?page_no=14827'>14827<\/a><\/li>\n\n\n\n<li class='active'><a>14828<\/a><\/li>\n\n\n\n<li><a href='?page_no=14829'>14829<\/a><\/li>\n\n\n\n<li><a href='?page_no=14830'>14830<\/a><\/li>\n\n\n\n<li><a>...<\/a><\/li>\n\n\n\n<li><a href='?page_no=30472'>30472<\/a><\/li>\n\n\n\n<li><a href='?page_no=30473'>30473<\/a><\/li>\n\n    \n\t\n\n<li >\n\t<a href='?page_no=14829'>Next<\/a>\n\t<\/li>\n\n\n    \n\n<li><a href='?page_no=30473'>Last &rsaquo;&rsaquo;<\/a><\/li>\n\n<\/ul>\n\n\n--><br \/>\n<\/body><\/p>\n","protected":false},"excerpt":{"rendered":"<p>Ciudad De Panam\u00e1, Panam\u00e1, 18 de Septiembre.-El presidente de Panam\u00e1 Ricardo Martinelli resalt\u00f3 los avances de Rep\u00fablica Dominicana para convertirse en el centro de operaci\u00f3n o conexi\u00f3n \u00abhub\u00bb del Caribe, para distribuir hacia la regi\u00f3n y el mundo todo lo relacionado con el comercio de transporte a\u00e9reo y mar\u00edtimo, entre otras actividades de alto impacto [&hellip;]<\/p>\n","protected":false},"author":3,"featured_media":0,"comment_status":"open","ping_status":"open","sticky":false,"template":"","format":"standard","meta":{"footnotes":""},"categories":[18],"tags":[],"class_list":["post-99362","post","type-post","status-publish","format-standard","hentry","category-economia"],"_links":{"self":[{"href":"https:\/\/diariodominicano.com\/index.php?rest_route=\/wp\/v2\/posts\/99362","targetHints":{"allow":["GET"]}}],"collection":[{"href":"https:\/\/diariodominicano.com\/index.php?rest_route=\/wp\/v2\/posts"}],"about":[{"href":"https:\/\/diariodominicano.com\/index.php?rest_route=\/wp\/v2\/types\/post"}],"author":[{"embeddable":true,"href":"https:\/\/diariodominicano.com\/index.php?rest_route=\/wp\/v2\/users\/3"}],"replies":[{"embeddable":true,"href":"https:\/\/diariodominicano.com\/index.php?rest_route=%2Fwp%2Fv2%2Fcomments&post=99362"}],"version-history":[{"count":0,"href":"https:\/\/diariodominicano.com\/index.php?rest_route=\/wp\/v2\/posts\/99362\/revisions"}],"wp:attachment":[{"href":"https:\/\/diariodominicano.com\/index.php?rest_route=%2Fwp%2Fv2%2Fmedia&parent=99362"}],"wp:term":[{"taxonomy":"category","embeddable":true,"href":"https:\/\/diariodominicano.com\/index.php?rest_route=%2Fwp%2Fv2%2Fcategories&post=99362"},{"taxonomy":"post_tag","embeddable":true,"href":"https:\/\/diariodominicano.com\/index.php?rest_route=%2Fwp%2Fv2%2Ftags&post=99362"}],"curies":[{"name":"wp","href":"https:\/\/api.w.org\/{rel}","templated":true}]}}