{"id":99355,"date":"2013-09-20T19:27:57","date_gmt":"2013-09-20T19:27:57","guid":{"rendered":"http:\/\/diariodominicano.ddns.net\/?p=99355"},"modified":"2013-09-20T19:27:57","modified_gmt":"2013-09-20T19:27:57","slug":"ministro-de-agricultura-afirma-que-transformaran-la-actividad-agropecuaria-de-la-zona-de-jarabacoa","status":"publish","type":"post","link":"https:\/\/diariodominicano.com\/?p=99355","title":{"rendered":"&#13;Ministro de Agricultura afirma que transformar\u00e1n la actividad agropecuaria de la zona de Jarabacoa&#13;"},"content":{"rendered":"<p><body><\/p>\n<\/p>\n<\/p>\n<p>Jarabacoa, RD, 20 de septiembre.- El Ministro de Agricultura, Luis Ram\u00f3n Rodr\u00edguez entreg\u00f3 aqu\u00ed 75 nuevos kil\u00f3metros de caminos productivos, los que asegura transformar\u00e1n totalmente la actividades agropecuarias de las comunidades beneficiadas.<\/p>\n<\/p>\n<p>Rodr\u00edguez dijo que los caminos rehabilitados permitir\u00e1n a los productores de Buena Vista, donde se realiz\u00f3 el acto de entrega, y zonas aleda\u00f1as, sacar su producci\u00f3n a los mercados y aumentar la rentabilidad de sus cultivos<\/p>\n<\/p>\n<p>Expuso que con la reparaci\u00f3n de los caminos vecinales, el presidente Danilo Medina est\u00e1 rendimiento el campo dominicano y enfrentando la pobreza que por a\u00f1os  ha padecido la zona rural del pa\u00eds. <\/p>\n<\/p>\n<p>\u00abContinuaremos realizando la reparaci\u00f3n de los caminos en las zonas agropecuarias, con la finalidad de que los productores puedan tener facilidades para comercializar con sus productos\u00bb, manifest\u00f3.<\/p>\n<\/p>\n<p>Tras se\u00f1alar el potencial de la zona visitada para la producci\u00f3n en invernadero, el ministro Rodr\u00edguez record\u00f3 su compromiso de trabajar aspectos fundamentales de la agropecuaria, como el desarrollo de la peque\u00f1a y mediana agroindustria.<\/p>\n<\/p>\n<p>Dijo que con la nueva entrega, suman 2 mil 750 los kil\u00f3metros de caminos vecinales reparados, superando con 950 la meta trazada por el presidente Medina para su primer a\u00f1o de gobierno, de reparar mil 800 kil\u00f3metros.<\/p>\n<\/p>\n<p>Inform\u00f3 que en la actualidad, otros 400 kil\u00f3metros de caminos se encuentran en proceso de rehabilitaci\u00f3n en diferentes zonas del pa\u00eds, y que para el pr\u00f3ximo a\u00f1o 2014, la meta es entregar tres mil kil\u00f3metros.<\/p>\n<\/p>\n<p>\u00abCon la visi\u00f3n del presidente Medina, de incrementar las agroexportaciones, nosotros debemos crear las facilidades para que los furgones transiten con seguridad y los productores comercialicen con rubros que antes se perd\u00edan en el campo por falta de caminos\u00bb, manifest\u00f3 el ministro de Agricultura.<\/p>\n<\/p>\n<p>Anunci\u00f3 mayores inversiones para el campo a partir del primer trimestre del 2014, por lo que llam\u00f3 a los productores a tener fe y confianza en las autoridades del sector  agr\u00edcola nacional \u00abque est\u00e1 y continuar\u00e1 trabajando por el bienestar de los productores y productoras de todo el pa\u00eds\u00bb.<\/p>\n<\/p>\n<p>Entre las comunidades favorecidas  con la reparaci\u00f3n de sus caminos vecinales se encuentran  Los Dajaos, El Dulce Naranjo, Angostura, Mata Caf\u00e9, Tierra Colorada, Arrocho Ancho, Distrito Buena Vista, la Llanura, Piedra Blanca, Limonal, Piedra Blanca Abajo y La Joya.<\/p>\n<\/p>\n<p>En el acto de inauguraci\u00f3n de los caminos vecinales  hablo adem\u00e1s el Ing. Manuel N\u00fa\u00f1ez, director de Caminos del Ministerio de Agricultura, quien resalt\u00f3 la pol\u00edtica de trabajo que  viene ejecutando  esa direcci\u00f3n en  las diferentes regiones del pa\u00eds.<\/p>\n<\/p>\n<p>En el acto, Rodr\u00edguez estuvo acompa\u00f1ado del viceministro de Producci\u00f3n, Luis Yang\u00fcela; el director del Consejo Dominicano del Caf\u00e9 (Codocaf\u00e9), Jos\u00e9 Ferm\u00edn N\u00fa\u00f1ez; el Director Regional Norcentral, Pedro Flete; el director de Caminos Vecinales, Manuel N\u00fa\u00f1ez, entre otros funcionarios.<\/p>\n<\/p>\n<p>RECONOCIMIENTO<\/p>\n<\/p>\n<p>Varias instituciones  entregaron placas de reconocimiento al ministro Luis Ram\u00f3n Rodr\u00edguez por  su trabajo en beneficio de los campesinos de las zonas.<\/p>\n<\/p>\n<p>Entre  estas organizaciones se encuentran la Junta Distrital de Buena Vista, la Asociaci\u00f3n de productores San Ram\u00f3n de Manabao y la Junta Distrital de Manabao.<\/p>\n<\/p>\n<p>Tras el acto de reconocimiento, el ministro Rodr\u00edguez agradeci\u00f3 el gesto, y se  comprometi\u00f3 a seguir trabajando por el bienestar de los hombres y las mujeres del campo.<\/p>\n<\/p>\n<h6> 2013-09-20 19:27:57 <\/h6>\n<p><!--\n<link rel=\"stylesheet\" href=\"css\/bootstrap.min.css\">\n\n\n<ul class=\"pagination\">\n\t    \n\t\n\n<li >\n\t<a href='?page_no=14820'>Previous<\/a>\n\t<\/li>\n\n\n       \n    \n\n<li><a href='?page_no=1'>1<\/a><\/li>\n\n\n\n<li><a href='?page_no=2'>2<\/a><\/li>\n\n\n\n<li><a>...<\/a><\/li>\n\n\n\n<li><a href='?page_no=14819'>14819<\/a><\/li>\n\n\n\n<li><a href='?page_no=14820'>14820<\/a><\/li>\n\n\n\n<li class='active'><a>14821<\/a><\/li>\n\n\n\n<li><a href='?page_no=14822'>14822<\/a><\/li>\n\n\n\n<li><a href='?page_no=14823'>14823<\/a><\/li>\n\n\n\n<li><a>...<\/a><\/li>\n\n\n\n<li><a href='?page_no=30472'>30472<\/a><\/li>\n\n\n\n<li><a href='?page_no=30473'>30473<\/a><\/li>\n\n    \n\t\n\n<li >\n\t<a href='?page_no=14822'>Next<\/a>\n\t<\/li>\n\n\n    \n\n<li><a href='?page_no=30473'>Last &rsaquo;&rsaquo;<\/a><\/li>\n\n<\/ul>\n\n\n--><br \/>\n<\/body><\/p>\n","protected":false},"excerpt":{"rendered":"<p>Jarabacoa, RD, 20 de septiembre.- El Ministro de Agricultura, Luis Ram\u00f3n Rodr\u00edguez entreg\u00f3 aqu\u00ed 75 nuevos kil\u00f3metros de caminos productivos, los que asegura transformar\u00e1n totalmente la actividades agropecuarias de las comunidades beneficiadas. Rodr\u00edguez dijo que los caminos rehabilitados permitir\u00e1n a los productores de Buena Vista, donde se realiz\u00f3 el acto de entrega, y zonas aleda\u00f1as, [&hellip;]<\/p>\n","protected":false},"author":3,"featured_media":0,"comment_status":"open","ping_status":"open","sticky":false,"template":"","format":"standard","meta":{"footnotes":""},"categories":[18],"tags":[],"class_list":["post-99355","post","type-post","status-publish","format-standard","hentry","category-economia"],"_links":{"self":[{"href":"https:\/\/diariodominicano.com\/index.php?rest_route=\/wp\/v2\/posts\/99355","targetHints":{"allow":["GET"]}}],"collection":[{"href":"https:\/\/diariodominicano.com\/index.php?rest_route=\/wp\/v2\/posts"}],"about":[{"href":"https:\/\/diariodominicano.com\/index.php?rest_route=\/wp\/v2\/types\/post"}],"author":[{"embeddable":true,"href":"https:\/\/diariodominicano.com\/index.php?rest_route=\/wp\/v2\/users\/3"}],"replies":[{"embeddable":true,"href":"https:\/\/diariodominicano.com\/index.php?rest_route=%2Fwp%2Fv2%2Fcomments&post=99355"}],"version-history":[{"count":0,"href":"https:\/\/diariodominicano.com\/index.php?rest_route=\/wp\/v2\/posts\/99355\/revisions"}],"wp:attachment":[{"href":"https:\/\/diariodominicano.com\/index.php?rest_route=%2Fwp%2Fv2%2Fmedia&parent=99355"}],"wp:term":[{"taxonomy":"category","embeddable":true,"href":"https:\/\/diariodominicano.com\/index.php?rest_route=%2Fwp%2Fv2%2Fcategories&post=99355"},{"taxonomy":"post_tag","embeddable":true,"href":"https:\/\/diariodominicano.com\/index.php?rest_route=%2Fwp%2Fv2%2Ftags&post=99355"}],"curies":[{"name":"wp","href":"https:\/\/api.w.org\/{rel}","templated":true}]}}