{"id":99350,"date":"2013-09-21T19:41:41","date_gmt":"2013-09-21T19:41:41","guid":{"rendered":"http:\/\/diariodominicano.ddns.net\/?p=99350"},"modified":"2013-09-21T19:41:41","modified_gmt":"2013-09-21T19:41:41","slug":"rd-se-potencializara-como-destino-de-sendero","status":"publish","type":"post","link":"https:\/\/diariodominicano.com\/?p=99350","title":{"rendered":"RD se potencializar\u00e1 como destino de sendero"},"content":{"rendered":"<p><body><\/p>\n<p><img decoding=\"async\" src=\"http:\/\/localhost:8080\/economia\/img3\/javier.JPG\" \/>  <\/p>\n<p><span class=\"text1noticias\">B\u00e1varo, La Altagracia, RD, 21 de Septiembre.- El Ministro de Turismo, Francisco Javier Garc\u00eda anunci\u00f3 que esa instituci\u00f3n estar\u00e1 firmando un acuerdo en los pr\u00f3ximos d\u00edas, con la Asociaci\u00f3n Francesa de Senderismo, con el fin de atraer alrededor de dos millones turistas desde Europa, seguidores de este segmento.<\/span><\/p>\n<\/p>\n<p><span class=\"text1noticias\">El ministro hizo el anuncio durante el inicio de la XVII Exposici\u00f3n Comercial Anual de ASONAHORES, celebrado en el Centro de Convenciones del Complejo Barcel\u00f3, en B\u00e1varo, dedicado este ano al Banco Popular.<\/span><\/p>\n<\/p>\n<p><span class=\"text1noticias\">\u00abDurante la celebraci\u00f3n de la Feria Top Resa, en Paris, tenemos previsto la firma de un acuerdo con la Federaci\u00f3n Francesa de Senderismo, quien van a realizar un estudio, para determinar aquellos lugares donde se pueden desarrollar este tipo de turismo\u00bb, explico Garc\u00eda.<\/span><\/p>\n<\/p>\n<p><span class=\"text1noticias\">Declar\u00f3 que de formalizarse este acuerdo el pa\u00eds tendr\u00e1 la oportunidad de  atraer unos dos millones de turistas aficionados al senderismo, solo desde Europa, ya que Republica Dominicana cuenta con innumerables recursos para desarrollar el senderismo, en especial por la gran cantidad de parques y a\u00e9reas protegidas.<\/span><\/p>\n<\/p>\n<p><span class=\"text1noticias\">Destac\u00f3 que el turismo lleva un buen ritmo en el presente a\u00f1o, donde mercados tradicionales que hab\u00eda experimentado descenso en los dos \u00faltimos anos, como el caso de Alemania, tuvo un repunte de un 30 por ciento en el mes de agosto y en el acumulado del 2013 es de un 14 por ciento.<\/span><\/p>\n<\/p>\n<p><span class=\"text1noticias\">En otro orden, Francisco Javier afirm\u00f3 que en materia de turismo, en la Republica Dominicana  se ha avanzado bastante, porque se est\u00e1 tomando conciencia de que el sector debe ir de la mano con los recursos naturales y hoy en d\u00eda los inversionistas hacen aportes significativos.<\/span><\/p>\n<\/p>\n<p><span class=\"text1noticias\">\u00a8Este es un pa\u00eds que cada d\u00eda tenemos m\u00e1s conciencia de lo que son los recursos naturales, somos un pa\u00eds con grandes  potencialidades y una muestra de eso es el repunte que tenemos, de los Estados Unidos, principal destino emisor de turistas hacia la Republica Dominicana\u00a8, dijo.(HG)<\/span>.<\/p>\n<h6> 2013-09-21 19:41:41 <\/h6>\n<p><!--\n<link rel=\"stylesheet\" href=\"css\/bootstrap.min.css\">\n\n\n<ul class=\"pagination\">\n\t    \n\t\n\n<li >\n\t<a href='?page_no=14816'>Previous<\/a>\n\t<\/li>\n\n\n       \n    \n\n<li><a href='?page_no=1'>1<\/a><\/li>\n\n\n\n<li><a href='?page_no=2'>2<\/a><\/li>\n\n\n\n<li><a>...<\/a><\/li>\n\n\n\n<li><a href='?page_no=14815'>14815<\/a><\/li>\n\n\n\n<li><a href='?page_no=14816'>14816<\/a><\/li>\n\n\n\n<li class='active'><a>14817<\/a><\/li>\n\n\n\n<li><a href='?page_no=14818'>14818<\/a><\/li>\n\n\n\n<li><a href='?page_no=14819'>14819<\/a><\/li>\n\n\n\n<li><a>...<\/a><\/li>\n\n\n\n<li><a href='?page_no=30472'>30472<\/a><\/li>\n\n\n\n<li><a href='?page_no=30473'>30473<\/a><\/li>\n\n    \n\t\n\n<li >\n\t<a href='?page_no=14818'>Next<\/a>\n\t<\/li>\n\n\n    \n\n<li><a href='?page_no=30473'>Last &rsaquo;&rsaquo;<\/a><\/li>\n\n<\/ul>\n\n\n--><br \/>\n<\/body><\/p>\n","protected":false},"excerpt":{"rendered":"<p>B\u00e1varo, La Altagracia, RD, 21 de Septiembre.- El Ministro de Turismo, Francisco Javier Garc\u00eda anunci\u00f3 que esa instituci\u00f3n estar\u00e1 firmando un acuerdo en los pr\u00f3ximos d\u00edas, con la Asociaci\u00f3n Francesa de Senderismo, con el fin de atraer alrededor de dos millones turistas desde Europa, seguidores de este segmento. El ministro hizo el anuncio durante el [&hellip;]<\/p>\n","protected":false},"author":3,"featured_media":0,"comment_status":"open","ping_status":"open","sticky":false,"template":"","format":"standard","meta":{"footnotes":""},"categories":[18],"tags":[],"class_list":["post-99350","post","type-post","status-publish","format-standard","hentry","category-economia"],"_links":{"self":[{"href":"https:\/\/diariodominicano.com\/index.php?rest_route=\/wp\/v2\/posts\/99350","targetHints":{"allow":["GET"]}}],"collection":[{"href":"https:\/\/diariodominicano.com\/index.php?rest_route=\/wp\/v2\/posts"}],"about":[{"href":"https:\/\/diariodominicano.com\/index.php?rest_route=\/wp\/v2\/types\/post"}],"author":[{"embeddable":true,"href":"https:\/\/diariodominicano.com\/index.php?rest_route=\/wp\/v2\/users\/3"}],"replies":[{"embeddable":true,"href":"https:\/\/diariodominicano.com\/index.php?rest_route=%2Fwp%2Fv2%2Fcomments&post=99350"}],"version-history":[{"count":0,"href":"https:\/\/diariodominicano.com\/index.php?rest_route=\/wp\/v2\/posts\/99350\/revisions"}],"wp:attachment":[{"href":"https:\/\/diariodominicano.com\/index.php?rest_route=%2Fwp%2Fv2%2Fmedia&parent=99350"}],"wp:term":[{"taxonomy":"category","embeddable":true,"href":"https:\/\/diariodominicano.com\/index.php?rest_route=%2Fwp%2Fv2%2Fcategories&post=99350"},{"taxonomy":"post_tag","embeddable":true,"href":"https:\/\/diariodominicano.com\/index.php?rest_route=%2Fwp%2Fv2%2Ftags&post=99350"}],"curies":[{"name":"wp","href":"https:\/\/api.w.org\/{rel}","templated":true}]}}