{"id":99346,"date":"2013-09-22T13:22:00","date_gmt":"2013-09-22T13:22:00","guid":{"rendered":"http:\/\/diariodominicano.ddns.net\/?p=99346"},"modified":"2013-09-22T13:22:00","modified_gmt":"2013-09-22T13:22:00","slug":"rd-afianza-su-liderazgo-mundial-en-exportaciones-de-productos-organicos","status":"publish","type":"post","link":"https:\/\/diariodominicano.com\/?p=99346","title":{"rendered":"RD afianza su liderazgo mundial en exportaciones de productos org\u00e1nicos"},"content":{"rendered":"<p><body><\/p>\n<p><img decoding=\"async\" src=\"img3\/platano.jpg\" \/>  <\/p>\n<p><span class=\"text1noticias\">Santo Domingo, RD, 22 de Septiembre.-Rep\u00fablica Dominicana registra en los \u00faltimos seis a\u00f1os un incremento sostenido de un 30 por ciento en la producci\u00f3n de alimentos org\u00e1nicos, con lo que se afianza como l\u00edder mundial en la comercializaci\u00f3n de esos rubros.<\/span><\/p>\n<\/p>\n<p><span class=\"text1noticias\">Actualmente, el pa\u00eds es el mayor exportador de banano org\u00e1nico hacia los todos los mercados internacionales, especialmente la Uni\u00f3n Europea (UE) y los Estados Unidos (EEUU), principales compradores de la fruta dominicana.<\/span><\/p>\n<\/p>\n<p><span class=\"text1noticias\">El ministro de Agricultura, Luis Ram\u00f3n Rodr\u00edguez, atribuy\u00f3 ese auge al esfuerzo conjunto del gobierno y los productores para mejorar la organizaci\u00f3n del sector bananero, especialmente el acceso al financiamiento y el desarrollo de mejores pr\u00e1cticas agr\u00edcolas.<\/span><\/p>\n<\/p>\n<p><span class=\"text1noticias\">Dijo que adem\u00e1s del banano, Rep\u00fablica Dominicana tambi\u00e9n es l\u00edder mundial en exportaci\u00f3n de cacao y caf\u00e9 org\u00e1nico, as\u00ed como en otros 11 rubros agr\u00edcolas.<\/span><\/p>\n<\/p>\n<p><span class=\"text1noticias\">\u00abLa producci\u00f3n org\u00e1nica es un elemento importante para mantener la inocuidad de los alimentos y garantizar la salud de la poblaci\u00f3n\u00bb, expres\u00f3 el funcionario.<\/span><\/p>\n<\/p>\n<p><span class=\"text1noticias\">El incremento de la producci\u00f3n de rubros org\u00e1nicos sali\u00f3 a relucir en un reciente monitoreo realizado por la instituci\u00f3n del agro, el que se\u00f1ala que el pa\u00eds cuenta con 2 millones 368 mil tareas certificadas como productoras de estos cultivos.<\/span><\/p>\n<\/p>\n<p><span class=\"text1noticias\">El ministro Rodr\u00edguez record\u00f3 que en Agricultura existen 23 mil 360 productores registrados, que se dedican a la producci\u00f3n org\u00e1nica, y generan m\u00e1s de 200 millones de pesos en divisas.<\/span><\/p>\n<\/p>\n<p><span class=\"text1noticias\">El informe se\u00f1ala a la regi\u00f3n Sur entre las principales productoras de alimentos org\u00e1nicos, donde se cultiva caf\u00e9, cacao y mango; tambi\u00e9n el Cibao, con cacao, caf\u00e9, limones, coco, aguacate; el Noroeste, con banano y caf\u00e9, mientras que en el Norte se produce caf\u00e9, limones, aguacate, noni, naranja y vegetales.<\/span><\/p>\n<\/p>\n<p><span class=\"text1noticias\">Otro aporte importante de la producci\u00f3n org\u00e1nica a la econom\u00eda nacional se refleja en el ahorro de m\u00e1s de 70 millones de d\u00f3lares que se destinar\u00edan para la  compra de fertilizantes qu\u00edmicos, ya que estos cultivos utilizan abonos org\u00e1nicos de producci\u00f3n local.(HG)<\/span>.<\/p>\n<h6> 2013-09-22 13:22:00 <\/h6>\n<p><!--\n<link rel=\"stylesheet\" href=\"css\/bootstrap.min.css\">\n\n\n<ul class=\"pagination\">\n\t    \n\t\n\n<li >\n\t<a href='?page_no=14812'>Previous<\/a>\n\t<\/li>\n\n\n       \n    \n\n<li><a href='?page_no=1'>1<\/a><\/li>\n\n\n\n<li><a href='?page_no=2'>2<\/a><\/li>\n\n\n\n<li><a>...<\/a><\/li>\n\n\n\n<li><a href='?page_no=14811'>14811<\/a><\/li>\n\n\n\n<li><a href='?page_no=14812'>14812<\/a><\/li>\n\n\n\n<li class='active'><a>14813<\/a><\/li>\n\n\n\n<li><a href='?page_no=14814'>14814<\/a><\/li>\n\n\n\n<li><a href='?page_no=14815'>14815<\/a><\/li>\n\n\n\n<li><a>...<\/a><\/li>\n\n\n\n<li><a href='?page_no=30472'>30472<\/a><\/li>\n\n\n\n<li><a href='?page_no=30473'>30473<\/a><\/li>\n\n    \n\t\n\n<li >\n\t<a href='?page_no=14814'>Next<\/a>\n\t<\/li>\n\n\n    \n\n<li><a href='?page_no=30473'>Last &rsaquo;&rsaquo;<\/a><\/li>\n\n<\/ul>\n\n\n--><br \/>\n<\/body><\/p>\n","protected":false},"excerpt":{"rendered":"<p>Santo Domingo, RD, 22 de Septiembre.-Rep\u00fablica Dominicana registra en los \u00faltimos seis a\u00f1os un incremento sostenido de un 30 por ciento en la producci\u00f3n de alimentos org\u00e1nicos, con lo que se afianza como l\u00edder mundial en la comercializaci\u00f3n de esos rubros. Actualmente, el pa\u00eds es el mayor exportador de banano org\u00e1nico hacia los todos los [&hellip;]<\/p>\n","protected":false},"author":3,"featured_media":0,"comment_status":"open","ping_status":"open","sticky":false,"template":"","format":"standard","meta":{"footnotes":""},"categories":[18],"tags":[],"class_list":["post-99346","post","type-post","status-publish","format-standard","hentry","category-economia"],"_links":{"self":[{"href":"https:\/\/diariodominicano.com\/index.php?rest_route=\/wp\/v2\/posts\/99346","targetHints":{"allow":["GET"]}}],"collection":[{"href":"https:\/\/diariodominicano.com\/index.php?rest_route=\/wp\/v2\/posts"}],"about":[{"href":"https:\/\/diariodominicano.com\/index.php?rest_route=\/wp\/v2\/types\/post"}],"author":[{"embeddable":true,"href":"https:\/\/diariodominicano.com\/index.php?rest_route=\/wp\/v2\/users\/3"}],"replies":[{"embeddable":true,"href":"https:\/\/diariodominicano.com\/index.php?rest_route=%2Fwp%2Fv2%2Fcomments&post=99346"}],"version-history":[{"count":0,"href":"https:\/\/diariodominicano.com\/index.php?rest_route=\/wp\/v2\/posts\/99346\/revisions"}],"wp:attachment":[{"href":"https:\/\/diariodominicano.com\/index.php?rest_route=%2Fwp%2Fv2%2Fmedia&parent=99346"}],"wp:term":[{"taxonomy":"category","embeddable":true,"href":"https:\/\/diariodominicano.com\/index.php?rest_route=%2Fwp%2Fv2%2Fcategories&post=99346"},{"taxonomy":"post_tag","embeddable":true,"href":"https:\/\/diariodominicano.com\/index.php?rest_route=%2Fwp%2Fv2%2Ftags&post=99346"}],"curies":[{"name":"wp","href":"https:\/\/api.w.org\/{rel}","templated":true}]}}