{"id":99345,"date":"2013-09-22T13:29:01","date_gmt":"2013-09-22T13:29:01","guid":{"rendered":"http:\/\/diariodominicano.ddns.net\/?p=99345"},"modified":"2013-09-22T13:29:01","modified_gmt":"2013-09-22T13:29:01","slug":"presidente-danilo-medina-asiste-a-la-inauguracion-de-central-energetica-quisqueya","status":"publish","type":"post","link":"https:\/\/diariodominicano.com\/?p=99345","title":{"rendered":"Presidente Danilo Medina asiste a la inauguraci\u00f3n de Central Energ\u00e9tica Quisqueya"},"content":{"rendered":"<p><body><\/p>\n<p><img decoding=\"async\" src=\"img3\/mesa.jpg\" \/><br \/><img decoding=\"async\" src=\"img3\/rocha.jpg\" \/><br \/><img decoding=\"async\" src=\"img3\/pichardo.jpg\" \/>  <\/p>\n<p><span class=\"text1noticias\">Por Henry Guti\u00e9rrez<\/span><\/p>\n<\/p>\n<p><span class=\"text1noticias\">San Pedro de Macor\u00eds, RD, 22 de Septiembre.-El presidente Danilo Medina asiste a la inauguraci\u00f3n de Central Energ\u00e9tica Quisqueya.<\/span><\/p>\n<\/p>\n<p><span class=\"text1noticias\">La Central Energ\u00e9tica est\u00e1 ubicada en el municipio de Quisqueya, San Pedro de Macor\u00eds y es la Central Energ\u00e9tica m\u00e1s grande del pa\u00eds, con una inversi\u00f3n tanto de Barrick Publo Viejo como de EGEHaina de RD$29,000,000,000.<\/span><\/p>\n<\/p>\n<p><span class=\"text1noticias\">Esto representa el 27% del total de inversi\u00f3n en energ\u00eda de los \u00faltimos 13 a\u00f1os, la m\u00e1s grande realizada en el sector el\u00e9ctrico de RD, de igual forma,  constituye en la m\u00e1s clara manifestaci\u00f3n del compromiso y la confianza que estas dos empresas mantienen con la RD y su gobierno.<\/span><\/p>\n<\/p>\n<p><span class=\"text1noticias\">Manuel Rocha, presidente de Barrick Pueblo Vejo, dijo que  es un d\u00eda de gran celebraci\u00f3n. \u00abSomos testigos de la puesta en marcha de la Central Energ\u00e9tica\u00bb, agreg\u00f3. <\/span><\/p>\n<\/p>\n<p><span class=\"text1noticias\">Rocha ponder\u00f3 que la Planta Quisqueya est\u00e1 compuesta por la planta de Barrick Pueblo Viejo y la de EGEHAINA.<\/span><\/p>\n<\/p>\n<p><span class=\"text1noticias\">\u00abEstamos seguros que este magn\u00edfico complejo ser\u00e1 s\u00edmbolo de orgullo para la Rep\u00fablica Dominicana\u00bb, aduj\u00f3, Rocha.<\/span><\/p>\n<\/p>\n<p><span class=\"text1noticias\">Destac\u00f3 que ayudar\u00e1 a sentar las bases del desarrollo de una plataforma energ\u00e9tica con los m\u00e1s altos est\u00e1ndares de seguridad y tecnolog\u00eda. <\/span><\/p>\n<\/p>\n<p><span class=\"text1noticias\">Cuenta con una l\u00ednea de transmisi\u00f3n construida para proveer la energ\u00eda que usar\u00e1 la operaci\u00f3n minera en Pueblo Viejo.<\/span><\/p>\n<\/p>\n<p><span class=\"text1noticias\">Mientras que, Edgar Pichardo, presidente EGEHAINA, asegur\u00f3 que con la entrada en funcionamiento  de esta nueva planta los dominicanos tenemos motivo para sentirnos jubilosos, \u00abpues hoy alcanzamos un hito trascendental para el sector el\u00e9ctrico\u00bb, la cual la calific\u00f3 como el complejo energ\u00e9tico m\u00e1s grande en la historia de la Rep\u00fablica Dominicana.<\/span><\/p>\n<\/p>\n<p><span class=\"text1noticias\">Seg\u00fan Pichardo aumentar\u00e1 la confiabilidad en el suministro de energ\u00eda y reducir\u00e1 su costo en el mercado de ocasi\u00f3n, ya abastecer\u00e1n el 20% de la demanda m\u00e1xima del pa\u00eds, y el 30% de la demanda base.<\/span><\/p>\n<\/p>\n<p><span class=\"text1noticias\">As\u00ed tambi\u00e9n, estas plantas contribuir\u00e1n a reducir en m\u00e1s de 20% el precio promedio actual del mercado mayorista de electricidad, conocido como spot\u00bb.<\/span><\/p>\n<\/p>\n<p><span class=\"text1noticias\">El ejecutivo de EgeHaina aprovech\u00f3 la oportunidad para anunciar que estan evaluando junto al Gobierno otros proyectos de suma importancia de cara al futuro.<\/span><\/p>\n<\/p>\n<p><span class=\"text1noticias\">Rub\u00e9n Bichara, vicepresidente ejecutivo de la Coorporaci\u00f3n Dominicana de Empresas Electricas Estatales-CDEEE-, indic\u00f3 que el cambio de matriz e incremento en la oferta de generaci\u00f3n son la base para la soluci\u00f3n del problema el\u00e9ctrico, y que cciones conjuntas del sector privado y p\u00fablico constituyen la garant\u00eda de esta tarea.<\/span><\/p>\n<\/p>\n<p><span class=\"text1noticias\">Bichara resalt\u00f3 que que las empresas distribuidoras de energ\u00eda en el \u00faltimo a?o han aumentado en un 7.1% en el per\u00edodo de gesti\u00f3n agosto 2012-julio 2013 se registr\u00f3 un incremento de un 15% de clientes cobrados.<\/span><\/p>\n<\/p>\n<p><span class=\"text1noticias\">El funcionario En lo que  va de gesti\u00f3n se han pagado a los generadores privados US$2,708.4 MM.<\/span><\/p>\n<\/p>\n<p><span class=\"text1noticias\">Sobre la licitaci\u00f3n para construicci\u00f3n  dos plantas de carb\u00f3n propiedad del Estado dominicano iniciaron en Mayo del presente a\u00f1o, con una una capacidad de 300 mv cada una.<\/span><\/p>\n<\/p>\n<p><span class=\"text1noticias\">Precis\u00f3 que un total de seis empresas precalificaron en el proceso de licitaci\u00f3n. Estas empresas trabajan en la preparaci\u00f3n de ofertas.<\/span><\/p>\n<\/p>\n<p><span class=\"text1noticias\">Indic\u00f3 que en el marco del cambio de matriz siguen las labores para consolidar un contrato de gas a precio competitivos.<\/span><\/p>\n<\/p>\n<p><span class=\"text1noticias\">\u00abPresidente Medina, inversionistas extranjeros, empresarios locales y funcionarios: no tengo dudas que la materializaci\u00f3n de el Plan Integral para la soluci\u00f3n del problema el\u00e9ctrico, nos llevar\u00e1 de un estado de emergencia a un estado preventivo, se\u00f1al\u00f3 Bichara.<\/span><\/p>\n<\/p>\n<p><span class=\"text1noticias\">Presidente DaniloMedina realiz\u00f3 el encendido inaugural de la Central Quisqueya para dejar formalmente inaugurada.<\/span><\/p>\n<\/p>\n<p><span class=\"text1noticias\">Durante el recorrido, Eddy G\u00f3mez, gerente de Operaciones de Quisqueya, explic\u00f3 funcionamiento del sistema al Ejecutivo.<\/span><\/p>\n<\/p>\n<p><span class=\"text1noticias\">Con las notas del Himno Nacional inici\u00f3 formalmente el acto, adem\u00e1s el Monse\u00f1or Francisco Ozoria Acosta, obispo de San Pedro de Macor\u00eds, bendijo la obra.<\/span><\/p>\n<\/p>\n<p><span class=\"text1noticias\">La nueva planta ofrecer\u00e1 servicio de energ\u00eda al Ejercito Nacional.<\/span><\/p>\n<\/p>\n<p><span class=\"text1noticias\">La informaci\u00f3n la ofreci\u00f3 la Direcci\u00f3n de Prensa de la Presidencia, a trav\u00e9s de la cuenta de twiter del mandatario.(HG)<\/span>.<\/p>\n<\/p>\n<h6> 2013-09-22 13:29:01 <\/h6>\n<p><!--\n<link rel=\"stylesheet\" href=\"css\/bootstrap.min.css\">\n\n\n<ul class=\"pagination\">\n\t    \n\t\n\n<li >\n\t<a href='?page_no=14811'>Previous<\/a>\n\t<\/li>\n\n\n       \n    \n\n<li><a href='?page_no=1'>1<\/a><\/li>\n\n\n\n<li><a href='?page_no=2'>2<\/a><\/li>\n\n\n\n<li><a>...<\/a><\/li>\n\n\n\n<li><a href='?page_no=14810'>14810<\/a><\/li>\n\n\n\n<li><a href='?page_no=14811'>14811<\/a><\/li>\n\n\n\n<li class='active'><a>14812<\/a><\/li>\n\n\n\n<li><a href='?page_no=14813'>14813<\/a><\/li>\n\n\n\n<li><a href='?page_no=14814'>14814<\/a><\/li>\n\n\n\n<li><a>...<\/a><\/li>\n\n\n\n<li><a href='?page_no=30472'>30472<\/a><\/li>\n\n\n\n<li><a href='?page_no=30473'>30473<\/a><\/li>\n\n    \n\t\n\n<li >\n\t<a href='?page_no=14813'>Next<\/a>\n\t<\/li>\n\n\n    \n\n<li><a href='?page_no=30473'>Last &rsaquo;&rsaquo;<\/a><\/li>\n\n<\/ul>\n\n\n--><br \/>\n<\/body><\/p>\n","protected":false},"excerpt":{"rendered":"<p>Por Henry Guti\u00e9rrez San Pedro de Macor\u00eds, RD, 22 de Septiembre.-El presidente Danilo Medina asiste a la inauguraci\u00f3n de Central Energ\u00e9tica Quisqueya. La Central Energ\u00e9tica est\u00e1 ubicada en el municipio de Quisqueya, San Pedro de Macor\u00eds y es la Central Energ\u00e9tica m\u00e1s grande del pa\u00eds, con una inversi\u00f3n tanto de Barrick Publo Viejo como de [&hellip;]<\/p>\n","protected":false},"author":3,"featured_media":0,"comment_status":"open","ping_status":"open","sticky":false,"template":"","format":"standard","meta":{"footnotes":""},"categories":[18],"tags":[],"class_list":["post-99345","post","type-post","status-publish","format-standard","hentry","category-economia"],"_links":{"self":[{"href":"https:\/\/diariodominicano.com\/index.php?rest_route=\/wp\/v2\/posts\/99345","targetHints":{"allow":["GET"]}}],"collection":[{"href":"https:\/\/diariodominicano.com\/index.php?rest_route=\/wp\/v2\/posts"}],"about":[{"href":"https:\/\/diariodominicano.com\/index.php?rest_route=\/wp\/v2\/types\/post"}],"author":[{"embeddable":true,"href":"https:\/\/diariodominicano.com\/index.php?rest_route=\/wp\/v2\/users\/3"}],"replies":[{"embeddable":true,"href":"https:\/\/diariodominicano.com\/index.php?rest_route=%2Fwp%2Fv2%2Fcomments&post=99345"}],"version-history":[{"count":0,"href":"https:\/\/diariodominicano.com\/index.php?rest_route=\/wp\/v2\/posts\/99345\/revisions"}],"wp:attachment":[{"href":"https:\/\/diariodominicano.com\/index.php?rest_route=%2Fwp%2Fv2%2Fmedia&parent=99345"}],"wp:term":[{"taxonomy":"category","embeddable":true,"href":"https:\/\/diariodominicano.com\/index.php?rest_route=%2Fwp%2Fv2%2Fcategories&post=99345"},{"taxonomy":"post_tag","embeddable":true,"href":"https:\/\/diariodominicano.com\/index.php?rest_route=%2Fwp%2Fv2%2Ftags&post=99345"}],"curies":[{"name":"wp","href":"https:\/\/api.w.org\/{rel}","templated":true}]}}