{"id":99343,"date":"2013-09-22T16:40:03","date_gmt":"2013-09-22T16:40:03","guid":{"rendered":"http:\/\/diariodominicano.ddns.net\/?p=99343"},"modified":"2013-09-22T16:40:03","modified_gmt":"2013-09-22T16:40:03","slug":"edesur-ejecuta-plan-piloto-de-recuperacion-de-perdidas-de-energia","status":"publish","type":"post","link":"https:\/\/diariodominicano.com\/?p=99343","title":{"rendered":"EDESUR ejecuta plan piloto  de recuperaci\u00f3n de p\u00e9rdidas de energ\u00eda"},"content":{"rendered":"<p><body><\/p>\n<p><img decoding=\"async\" src=\"img3\/edesur.jpg\" \/>  <\/p>\n<p><span class=\"text1noticias\">San Crist\u00f3bal, RD, 22 de Septiembre.-La empresa Edesur Dominicana ejecuta un plan piloto en dos circuitos de recuperaci\u00f3n integral de p\u00e9rdidas de energ\u00eda en San Crist\u00f3bal y el Distrito Nacional que le ha permitido reducir las p\u00e9rdidas en un 5% en los primeros dos meses y medio.<\/span><\/p>\n<\/p>\n<p><span class=\"text1noticias\">Este plan integral busca enfocar las acciones de reducci\u00f3n de p\u00e9rdidas en los circuitos donde mayor energ\u00eda se entrega y se producen las mayores p\u00e9rdidas, dijo la empresa estatal en una informaci\u00f3n servida v\u00eda su direcci\u00f3n de Comunicaci\u00f3n.<\/span><\/p>\n<\/p>\n<p><span class=\"text1noticias\">Los datos fueron ofrecidos en un encuentro regional realizado en San Crist\u00f3bal en el que estuvieron m\u00e1s de 50 dirigentes empresariales, del comercio, deportivas, juntas de vecinos, de iglesias y otras organizaciones y personalidades. Fue propiciado por la Corporaci\u00f3n Dominicana de Empresas El\u00e9ctricas Estatales y Edesur Dominicana.<\/span><\/p>\n<\/p>\n<p><span class=\"text1noticias\">Los conferencistas del forofueron los ingenieros Cristino S\u00e1nchez, director de Gesti\u00f3n de Energ\u00eda, sobre Avances y desaf\u00edos en la implementaci\u00f3n de estrategias para la reducci\u00f3n de las p\u00e9rdidas;y Manuel de Jes\u00fas Rodr\u00edguez, director Comercial, sobre Las prioridades que afronta la empresa para lograr su viabilidad financiera y la confiabilidad que reclaman sus clientes.<\/span><\/p>\n<\/p>\n<p><span class=\"text1noticias\">Asimismo, Jhonny Cabrera, quien trat\u00f3 el tema Aportes de la reforma del sector El\u00e9ctrico (avances y retos); Kerbin M\u00e9ndez, Situaci\u00f3n Actual de la Generaci\u00f3n; y Ram\u00f3n Moya, sobre Situaci\u00f3n actual de la distribuci\u00f3n.<\/span><\/p>\n<\/p>\n<p><span class=\"text1noticias\">La actividad fue realizada para crear un espacio de di\u00e1logo entre el sector el\u00e9ctrico y la ciudadan\u00eda en orden a concitar un mayor apoyo de los y las consumidores a la sostenibilidad financiera del sector.<\/span><\/p>\n<\/p>\n<p><span class=\"text1noticias\">Entre los que asistieron estuvieron el gobernador de San Crist\u00f3bal, licenciado Julio C\u00e9sar D\u00edaz,los diputados Leivin Guerrero y Josefina Tam\u00e1rez y varios alcaldes, entre otras personalidades.<\/span><\/p>\n<\/p>\n<p><span class=\"text1noticias\">Por cada circuito<\/span><\/p>\n<\/p>\n<p><span class=\"text1noticias\">De acuerdo con la informaci\u00f3n, \u00abeste plan tiene un responsable por cada circuito, que vela por la energ\u00eda que se compra y la que se vende desde todos los \u00e1mbitos y traza las pautas hasta lograr la recuperaci\u00f3n\u00bb.<\/span><\/p>\n<\/p>\n<p><span class=\"text1noticias\">Edesur Dominicana dijo que el planaugura mucho \u00e9xito si, como hasta ahora, se mantiene  el apoyo y la continuidad.<\/span><\/p>\n<\/p>\n<p><span class=\"text1noticias\">En su opini\u00f3n, no se debe permitir que se pierda alrededor del 30%, equivalente a aproximadamente 101 gigas de energ\u00eda m\u00f3vil.<\/span><\/p>\n<\/p>\n<p><span class=\"text1noticias\">La provincia San Crist\u00f3bal consume junto a la parte del Distrito Nacional del \u00e1rea de concesi\u00f3n de Edesur Dominicana, alrededor del 80% de toda la electricidad servida en la regi\u00f3n Sur, mientras las perdidas en conjunto sobrepasan el 75%.<\/span><\/p>\n<\/p>\n<p><span class=\"text1noticias\">La informaci\u00f3n destaca que el problema de las p\u00e9rdidas no t\u00e9cnicas tambi\u00e9n lo vivieron los vecinos del Caribe y Centroam\u00e9rica y pudieron resolverlo.<\/span><\/p>\n<\/p>\n<p><span class=\"text1noticias\">\u00abEstamos seguros que tambi\u00e9n vamos a lograr esa meta\u00bb de superar el problema de las p\u00e9rdidas no t\u00e9cnicas, precis\u00f3.<\/span><\/p>\n<\/p>\n<p><span class=\"text1noticias\">La telemedici\u00f3n<\/span><\/p>\n<\/p>\n<p><span class=\"text1noticias\">Edesur Dominicana, agrega la nota, tambi\u00e9n aplica la telemedici\u00f3n a m\u00e1s de 82,000 clientes en su etapa inicial, con tal de reducir las p\u00e9rdidas.<\/span><\/p>\n<\/p>\n<p><span class=\"text1noticias\">\u00abLos avances (con la telemedici\u00f3n) han permitido que los medidores marquen la energ\u00eda que recibe el cliente y env\u00eda informaci\u00f3n a distancia, o sea, que televigila, telecontrola desde un centro, lo que permite reducir el nivel de p\u00e9rdidas y el fraudeen forma constante y continua.<\/span><\/p>\n<\/p>\n<p><span class=\"text1noticias\">Seg\u00fan la empresa comercializadora de electricidad, hubo el caso de un cliente que reside en una torre, el cual hac\u00eda el fraude apagando el medidor todas las noches y se le detect\u00f3 con la red de telemedicion.<\/span><\/p>\n<\/p>\n<p><span class=\"text1noticias\">Adelant\u00f3 que de la cantidad de 82,000 clientes a los que se les telemide el servicio para 2014 \u00abesperemos que adicionar unos 120 mil y nuestras proyecciones es que para fin del 2013 tendremos m\u00e1s de 100,000 clientes telemedidos.<\/span><\/p>\n<\/p>\n<p><span class=\"text1noticias\">Agreg\u00f3 que de esa forma ser\u00e1 reducido el subsidio al sector el\u00e9ctrico, la duraci\u00f3n y la frecuencia de las interrupciones.<\/span><\/p>\n<\/p>\n<p><span class=\"text1noticias\">El reto<\/span><\/p>\n<\/p>\n<p><span class=\"text1noticias\">\u00abEl reto es mejorar la calidad del servicio, una energ\u00eda que garantice buen voltaje y buena frecuencia, de manera que los artefactos el\u00e9ctricos no se les da\u00f1en. Esto es, una calidad en el producto que vendemos y tambi\u00e9n en el trato al cliente\u00bb, dijo Edesur Dominicana.<\/span><\/p>\n<\/p>\n<p><span class=\"text1noticias\">No obstante, la empresa estatal destac\u00f3 que ninguna de las variables del servicio de electricidad ser\u00eda alcanzable sin superar los niveles de p\u00e9rdida.<\/span><\/p>\n<\/p>\n<p><span class=\"text1noticias\">El mensaje es, prosigui\u00f3, que si no pagamos la energ\u00eda la situaci\u00f3n se nos hace m\u00e1s cr\u00edtica  porque la brecha que tenemos es de un 30%, que es el margen de perdida.<\/span><\/p>\n<\/p>\n<p><span class=\"text1noticias\">Seg\u00fan la informaci\u00f3n, la empresa dispone de una red para el cobro en todas las provincias de su \u00e1rea de concesi\u00f3n integrada por 1,040 puntos.<\/span><\/p>\n<\/p>\n<p><span class=\"text1noticias\">Los lugares para que los clientes paguen el servicio tienen diferentes caracter\u00edsticas: 45 son  puntos expreso, 22 oficinas comerciales, 545 oficinas de bancos y 428 estafetas comerciales.<\/span><\/p>\n<\/p>\n<p><span class=\"text1noticias\">\u00abEs decir, tenemos bastante lugares donde los ciudadanos pueden ir a cumplir con el pago de la energ\u00eda\u00bb, agreg\u00f3.<\/span><\/p>\n<p><span class=\"text1noticias\">Edesur Dominicana tiene en su \u00e1rea de concesi\u00f3n la mitad de la Capital (desde la avenida M\u00e1ximo G\u00f3mez) y las provincias del Sur, con m\u00e1s de 700 mil familias. De esas familias solo han sido contratadas 570 mil, de las que, a su vez, apenas pagan unas 466 mil.<\/span><\/p>\n<\/p>\n<p><span class=\"text1noticias\">\u00abComo vemos, tenemos una brecha enorme entre la cantidad de familias que recibe el servicio de electricidad y la que finalmente lo pagan\u00bb, destac\u00f3.(HG)<\/span>.<\/p>\n<\/p>\n<h6> 2013-09-22 16:40:03 <\/h6>\n<p><!--\n<link rel=\"stylesheet\" href=\"css\/bootstrap.min.css\">\n\n\n<ul class=\"pagination\">\n\t    \n\t\n\n<li >\n\t<a href='?page_no=14809'>Previous<\/a>\n\t<\/li>\n\n\n       \n    \n\n<li><a href='?page_no=1'>1<\/a><\/li>\n\n\n\n<li><a href='?page_no=2'>2<\/a><\/li>\n\n\n\n<li><a>...<\/a><\/li>\n\n\n\n<li><a href='?page_no=14808'>14808<\/a><\/li>\n\n\n\n<li><a href='?page_no=14809'>14809<\/a><\/li>\n\n\n\n<li class='active'><a>14810<\/a><\/li>\n\n\n\n<li><a href='?page_no=14811'>14811<\/a><\/li>\n\n\n\n<li><a href='?page_no=14812'>14812<\/a><\/li>\n\n\n\n<li><a>...<\/a><\/li>\n\n\n\n<li><a href='?page_no=30472'>30472<\/a><\/li>\n\n\n\n<li><a href='?page_no=30473'>30473<\/a><\/li>\n\n    \n\t\n\n<li >\n\t<a href='?page_no=14811'>Next<\/a>\n\t<\/li>\n\n\n    \n\n<li><a href='?page_no=30473'>Last &rsaquo;&rsaquo;<\/a><\/li>\n\n<\/ul>\n\n\n--><br \/>\n<\/body><\/p>\n","protected":false},"excerpt":{"rendered":"<p>San Crist\u00f3bal, RD, 22 de Septiembre.-La empresa Edesur Dominicana ejecuta un plan piloto en dos circuitos de recuperaci\u00f3n integral de p\u00e9rdidas de energ\u00eda en San Crist\u00f3bal y el Distrito Nacional que le ha permitido reducir las p\u00e9rdidas en un 5% en los primeros dos meses y medio. Este plan integral busca enfocar las acciones de [&hellip;]<\/p>\n","protected":false},"author":3,"featured_media":0,"comment_status":"open","ping_status":"open","sticky":false,"template":"","format":"standard","meta":{"footnotes":""},"categories":[18],"tags":[],"class_list":["post-99343","post","type-post","status-publish","format-standard","hentry","category-economia"],"_links":{"self":[{"href":"https:\/\/diariodominicano.com\/index.php?rest_route=\/wp\/v2\/posts\/99343","targetHints":{"allow":["GET"]}}],"collection":[{"href":"https:\/\/diariodominicano.com\/index.php?rest_route=\/wp\/v2\/posts"}],"about":[{"href":"https:\/\/diariodominicano.com\/index.php?rest_route=\/wp\/v2\/types\/post"}],"author":[{"embeddable":true,"href":"https:\/\/diariodominicano.com\/index.php?rest_route=\/wp\/v2\/users\/3"}],"replies":[{"embeddable":true,"href":"https:\/\/diariodominicano.com\/index.php?rest_route=%2Fwp%2Fv2%2Fcomments&post=99343"}],"version-history":[{"count":0,"href":"https:\/\/diariodominicano.com\/index.php?rest_route=\/wp\/v2\/posts\/99343\/revisions"}],"wp:attachment":[{"href":"https:\/\/diariodominicano.com\/index.php?rest_route=%2Fwp%2Fv2%2Fmedia&parent=99343"}],"wp:term":[{"taxonomy":"category","embeddable":true,"href":"https:\/\/diariodominicano.com\/index.php?rest_route=%2Fwp%2Fv2%2Fcategories&post=99343"},{"taxonomy":"post_tag","embeddable":true,"href":"https:\/\/diariodominicano.com\/index.php?rest_route=%2Fwp%2Fv2%2Ftags&post=99343"}],"curies":[{"name":"wp","href":"https:\/\/api.w.org\/{rel}","templated":true}]}}