{"id":99340,"date":"2013-09-23T04:25:43","date_gmt":"2013-09-23T04:25:43","guid":{"rendered":"http:\/\/diariodominicano.ddns.net\/?p=99340"},"modified":"2013-09-23T04:25:43","modified_gmt":"2013-09-23T04:25:43","slug":"ex-presidente-fernandez-ve-con-optimismo-el-futuro-de-la-humanidad","status":"publish","type":"post","link":"https:\/\/diariodominicano.com\/?p=99340","title":{"rendered":"Ex presidente Fern\u00e1ndez ve con optimismo el futuro de la humanidad"},"content":{"rendered":"<p><body><\/p>\n<p><img decoding=\"async\" src=\"img3\/Uapaestudiantes.jpg\" \/><br \/><img decoding=\"async\" src=\"img3\/obamacharlaleonel.jpg\" \/>  <\/p>\n<p><span class=\"text1noticias\">SANTIAGO, 22 de Septiembre.- El ex presidente de la Rep\u00fablica, Leonel Fern\u00e1ndez, afirm\u00f3 este domingo que ve con mucho optimismo el futuro del pa\u00eds y el resto de la humanidad,  debido principalmente a \u00abla gran revoluci\u00f3n\u00bb que  se est\u00e1 produciendo en el \u00e1mbito de la  innovaci\u00f3n tecnol\u00f3gica  y el acceso al conocimiento.<\/span><\/p>\n<\/p>\n<p><span class=\"text1noticias\">Fern\u00e1ndez, quien adem\u00e1s es presidente del Partido de Liberaci\u00f3n Dominicana (PLD) y de la Fundaci\u00f3n Democracia y Desarrollo (Funglode), hizo el pronunciamiento en el marco de una conferencia magistral que dict\u00f3 en la sede de la Universidad Abierta para Adultos (UAPA), en esta ciudad de Santiago, en la que abord\u00f3 el tema de la \u00abVolatilidad de los mercados de futuros y su incidencia en los productos derivados del comercio internacional\u00bb. Fue invitado por las autoridades de la alta casa de estudios.<\/span><\/p>\n<\/p>\n<p><span class=\"text1noticias\">El ex jefe de Estado dijo que producto de esa transformaci\u00f3n tecnol\u00f3gica, dentro de pocos a\u00f1os la sociedad ser\u00e1 muy diferente a la actual.<\/span><\/p>\n<\/p>\n<p><span class=\"text1noticias\">En ese sentido,  exhort\u00f3 a los estudiantes y profesionales a seguir prepar\u00e1ndose en todo lo relacionado con la innovaci\u00f3n tecnol\u00f3gica y acceso al conocimiento, a los fines de que puedan insertarse con \u00e9xito en la sociedad del futuro.<\/span><\/p>\n<\/p>\n<p><span class=\"text1noticias\">De igual manera, el ex gobernante elogi\u00f3 a la UAPA, a la que defini\u00f3 como pionera  en educaci\u00f3n a distancia utilizando, precisamente, los avances en innovaci\u00f3n tecnol\u00f3gica.<\/span><\/p>\n<\/p>\n<p><strong><span class=\"text1noticias\">Sobre la especulaci\u00f3n<\/span><\/strong><\/p>\n<\/p>\n<p><span class=\"text1noticias\">Tras explicar las diferentes causas de la volatilidad que experimentan los precios del petr\u00f3leo y los alimentos, Fern\u00e1ndez dijo que fue preocupado por esa situaci\u00f3n que en la postrimer\u00eda de su \u00faltimo mandato gubernamental someti\u00f3 ante la Asamblea General de la Organizaci\u00f3n Naciones Unidas (ONU) un proyecto de resoluci\u00f3n solicitando una regulaci\u00f3n de alcance general para las actividades financieras, iniciativa que fue aprobada con el voto de 135 pa\u00edses, incluyendo los del G-20.<\/span><\/p>\n<\/p>\n<p><span class=\"text1noticias\">\u00abCuatro trillones de d\u00f3lares circulan en la econom\u00eda mundial a trav\u00e9s de un clic de un mouse\u00bb, indic\u00f3 el ex presidente Fern\u00e1ndez, al referirse al comercio electr\u00f3nico, que es una las principales v\u00edas de especulaci\u00f3n con los precios.<\/span><\/p>\n<\/p>\n<p><span class=\"text1noticias\">Sostuvo que como resultado de ese proyecto de la Rep\u00fablica Dominicana, ya el mundo entero admite que la especulaci\u00f3n es la principal causa de la inestabilidad en los precios, principalmente de los mercados a futuro, hecho que perjudica principalmente a las econom\u00edas m\u00e1s d\u00e9biles.<\/span><\/p>\n<\/p>\n<p><span class=\"text1noticias\">Al abundar en ese aspecto, Fern\u00e1ndez afirm\u00f3 que con la resoluci\u00f3n aprobada por la ONU, a iniciativa suya, la Rep\u00fablica Dominicana le hizo un gran servicio a la humanidad.<\/span><\/p>\n<\/p>\n<p><span class=\"text1noticias\">Inform\u00f3 que a ra\u00edz de esa iniciativa, en el Congreso de los Estados Unidos est\u00e1 en proceso de aprobaci\u00f3n una normativa para las actividades financieras, mientras que en Suiza se discuten las Normas de Basilea III, que regir\u00e1n para todos los pa\u00edses del mundo.<\/span><\/p>\n<\/p>\n<p><span class=\"text1noticias\">El ex gobernante revel\u00f3, sin embargo que el proceso de discusi\u00f3n est\u00e1 resultando sumamente dif\u00edcil, en vista de que el mercado financiero, acostumbrado a obtener grandes ganancias mediante la especulaci\u00f3n, se resiste a ser regulado.<\/span><\/p>\n<\/p>\n<p><strong><span class=\"text1noticias\">La actividad  <\/span><\/strong><\/p>\n<\/p>\n<p><span class=\"text1noticias\">La conferencia magistral del ex presidente Fern\u00e1ndez se produjo en el marco de las actividades finales de un Diplomado en Gesti\u00f3n Financiera impartido por la UAPA, en el que participaron decenas de profesionales de diferentes carreras.<\/span><\/p>\n<\/p>\n<p><span class=\"text1noticias\">Las palabras de introducci\u00f3n fueron pronunciadas por Yudiris de la Cruz y Joel Rodr\u00edguez, ambos participantes en el Diplomado, en tanto que la doctora Miriam Mena, vice-rectora de la instituci\u00f3n acad\u00e9mica, ley\u00f3 las semblanzas del ex presidente Fern\u00e1ndez.<\/span><\/p>\n<\/p>\n<p><span class=\"text1noticias\">De su lado, el rector de la UAPA, doctor \u00c1ngel Hern\u00e1ndez, pronunci\u00f3 las palabras de bienvenida, en las que resalt\u00f3 la importancia de que una figura de la categor\u00eda de Leonel Fern\u00e1ndez sacara tiempo para conversar con profesionales y los estudiantes sobre uno de los temas que m\u00e1s preocupan a la humanidad, gesto que agradeci\u00f3.<\/span><\/p>\n<\/p>\n<p><span class=\"text1noticias\">La ponencia del ex mandatario fue seguida de una secci\u00f3n de preguntas y repuesta, en la que varios de los participantes en el Diplomado expusieron inquietudes que fueron respondidas por Fern\u00e1ndez.<\/span><\/p>\n<\/p>\n<p><span class=\"text1noticias\">En la actividad tambi\u00e9n participaron los senadores Jos\u00e9 Rafael Vargas y Sonia Mateo Espinosa, representantes de las provincias Espaillat y Dajab\u00f3n, respectivamente, as\u00ed como varias personalidades de la regi\u00f3n.<\/span><\/p>\n<\/p>\n<p><span class=\"text1noticias\">Al t\u00e9rmino de la actividad, los participantes en el Diplomado en Gesti\u00f3n Financiera, conjuntamente con el rector de la Universidad, entregaron una placa de reconocimiento al ex presidente Fern\u00e1ndez por los m\u00faltiples aportes que hizo al pa\u00eds, tanto desde el gobierno como a trav\u00e9s de Funglode.  <\/span><\/p>\n<\/p>\n<\/p>\n<h6> 2013-09-23 04:25:43 <\/h6>\n<p><!--\n<link rel=\"stylesheet\" href=\"css\/bootstrap.min.css\">\n\n\n<ul class=\"pagination\">\n\t    \n\t\n\n<li >\n\t<a href='?page_no=14807'>Previous<\/a>\n\t<\/li>\n\n\n       \n    \n\n<li><a href='?page_no=1'>1<\/a><\/li>\n\n\n\n<li><a href='?page_no=2'>2<\/a><\/li>\n\n\n\n<li><a>...<\/a><\/li>\n\n\n\n<li><a href='?page_no=14806'>14806<\/a><\/li>\n\n\n\n<li><a href='?page_no=14807'>14807<\/a><\/li>\n\n\n\n<li class='active'><a>14808<\/a><\/li>\n\n\n\n<li><a href='?page_no=14809'>14809<\/a><\/li>\n\n\n\n<li><a href='?page_no=14810'>14810<\/a><\/li>\n\n\n\n<li><a>...<\/a><\/li>\n\n\n\n<li><a href='?page_no=30472'>30472<\/a><\/li>\n\n\n\n<li><a href='?page_no=30473'>30473<\/a><\/li>\n\n    \n\t\n\n<li >\n\t<a href='?page_no=14809'>Next<\/a>\n\t<\/li>\n\n\n    \n\n<li><a href='?page_no=30473'>Last &rsaquo;&rsaquo;<\/a><\/li>\n\n<\/ul>\n\n\n--><br \/>\n<\/body><\/p>\n","protected":false},"excerpt":{"rendered":"<p>SANTIAGO, 22 de Septiembre.- El ex presidente de la Rep\u00fablica, Leonel Fern\u00e1ndez, afirm\u00f3 este domingo que ve con mucho optimismo el futuro del pa\u00eds y el resto de la humanidad, debido principalmente a \u00abla gran revoluci\u00f3n\u00bb que se est\u00e1 produciendo en el \u00e1mbito de la innovaci\u00f3n tecnol\u00f3gica y el acceso al conocimiento. Fern\u00e1ndez, quien adem\u00e1s [&hellip;]<\/p>\n","protected":false},"author":3,"featured_media":0,"comment_status":"open","ping_status":"open","sticky":false,"template":"","format":"standard","meta":{"footnotes":""},"categories":[18],"tags":[],"class_list":["post-99340","post","type-post","status-publish","format-standard","hentry","category-economia"],"_links":{"self":[{"href":"https:\/\/diariodominicano.com\/index.php?rest_route=\/wp\/v2\/posts\/99340","targetHints":{"allow":["GET"]}}],"collection":[{"href":"https:\/\/diariodominicano.com\/index.php?rest_route=\/wp\/v2\/posts"}],"about":[{"href":"https:\/\/diariodominicano.com\/index.php?rest_route=\/wp\/v2\/types\/post"}],"author":[{"embeddable":true,"href":"https:\/\/diariodominicano.com\/index.php?rest_route=\/wp\/v2\/users\/3"}],"replies":[{"embeddable":true,"href":"https:\/\/diariodominicano.com\/index.php?rest_route=%2Fwp%2Fv2%2Fcomments&post=99340"}],"version-history":[{"count":0,"href":"https:\/\/diariodominicano.com\/index.php?rest_route=\/wp\/v2\/posts\/99340\/revisions"}],"wp:attachment":[{"href":"https:\/\/diariodominicano.com\/index.php?rest_route=%2Fwp%2Fv2%2Fmedia&parent=99340"}],"wp:term":[{"taxonomy":"category","embeddable":true,"href":"https:\/\/diariodominicano.com\/index.php?rest_route=%2Fwp%2Fv2%2Fcategories&post=99340"},{"taxonomy":"post_tag","embeddable":true,"href":"https:\/\/diariodominicano.com\/index.php?rest_route=%2Fwp%2Fv2%2Ftags&post=99340"}],"curies":[{"name":"wp","href":"https:\/\/api.w.org\/{rel}","templated":true}]}}