{"id":99339,"date":"2013-09-23T14:13:43","date_gmt":"2013-09-23T14:13:43","guid":{"rendered":"http:\/\/diariodominicano.ddns.net\/?p=99339"},"modified":"2013-09-23T14:13:43","modified_gmt":"2013-09-23T14:13:43","slug":"gol-inicia-hub-en-rd-con-vuelos-directos-a-mexico-es-una-de-las-lineas-aereas-mas-importantes-de-america-latina","status":"publish","type":"post","link":"https:\/\/diariodominicano.com\/?p=99339","title":{"rendered":"Gol inicia \u00abhub\u00bb en RD con vuelos directos a M\u00e9xico; es una de las l\u00edneas a\u00e9reas m\u00e1s importantes de Am\u00e9rica Latina."},"content":{"rendered":"<p><body><\/p>\n<p><img decoding=\"async\" src=\"img3\/vuelo 23.jpeg\" \/>  <\/p>\n<p>Santo Domingo RD 23 septiembre.- El anuncio de la entrada al mercado dominicano de la aerol\u00ednea brasile\u00f1a Gol ha generado expectativas favorecedoras sobre los efectos que generar\u00e1 esa compa\u00f1\u00eda en la competitividad de los servicios aeron\u00e1uticos en Rep\u00fablica Dominicana.<\/p>\n<\/p>\n<p>La aerol\u00ednea pretende establecer en el pa\u00eds su centro de operaciones o \u00abhub\u00bb, aprovechando la ubicaci\u00f3n estrat\u00e9gica de la isla para ampliar significativamente su conectividad con ciudades de Estados Unidos y el Caribe.<\/p>\n<\/p>\n<p>El director del Instituto Dominicano de Aviaci\u00f3n Civil (IDAC), Alejandro Herrera, dijo que esa entidad est\u00e1 trabajando para que la l\u00ednea a\u00e9rea inicie sus operaciones en el pa\u00eds a finales de octubre y confirm\u00f3 la oferta de un vuelo semanal a M\u00e9xico, que ser\u00eda el \u00fanico que conecta directamente con ese destino desde el pa\u00eds.<\/p>\n<\/p>\n<p>Los problemas de la deuda de Gol, que superaba US$1.6 billones hasta el tercer trimestre del 2012 sin contar el \u00faltimo trimestre del 2012 en el que perdi\u00f3 522 millones m\u00e1s, ha creado la incertidumbre de por qu\u00e9 la aerol\u00ednea  quiere enfrascarse en un \u00abhub\u00bb fuera de Brasil, que muchos consideran una locura. Al parecer Santo Domingo podr\u00eda ser la \u00faltima oportunidad de la firma, que llega al pa\u00eds en momentos en que el mercado brasile\u00f1o estaba rezagado y sobresaturado de aerol\u00edneas, que crearon una feroz guerra de precios y demasiada capacidad que excedi\u00f3 la demanda, por lo que existe el reto de acortar vuelos y reducir el n\u00famero de aeronaves.<\/p>\n<\/p>\n<p>El viceministro de Turismo, Radham\u00e9s Mart\u00ednez Aponte, destac\u00f3 que Rep\u00fablica Dominicana ofrece ventajas competitiva importantes para atraer nuevas aerol\u00edneas, pues cuenta con una pol\u00edtica aeron\u00e1utica que privilegia al sector tur\u00edstico, contrario al caso de otros pa\u00edses que para proteger sus aerol\u00edneas nacionales impiden el desarrollo de la aviaci\u00f3n comercial.<\/p>\n<\/p>\n<p>Cuando el plan de Gol de establecer un \u00abhub\u00bb en el pa\u00eds fue anunciado, el presidente de la aerol\u00ednea de capital brasile\u00f1o, Constantino de Oliveira Junior, estim\u00f3 que la firma movilizar\u00eda un mill\u00f3n de pasajeros al a\u00f1o.<\/p>\n<\/p>\n<p>La empresa ha evaluado las ventajas del pa\u00eds como la estabilidad pol\u00edtica, el potencial como mercado a\u00e9reo m\u00e1s grande del Caribe, la ubicaci\u00f3n geogr\u00e1fica, as\u00ed como un aeropuerto con capacidad para conexiones r\u00e1pidas, al estilo Panam\u00e1, y que no requiere visa de tr\u00e1nsito y en pocos casos visa de estad\u00eda corta.  <\/p>\n<\/p>\n<p>Esa posibilidad de conectar sin visa es una de las principales ventajas que ofrece el pa\u00eds como hub, que lo diferencia del que ha creado Jetblue en San Juan, Puerto Rico, con igual facilidad de conectividad en cuanto a ubicaci\u00f3n geogr\u00e1fica se refiere.<\/p>\n<\/p>\n<p>La expectativa con la llegada de Gol al pa\u00eds es que no solo abaratar\u00e1 el costo de los vuelos hacia ciertos destinos al eliminar escalas, sino que crear\u00e1 competencia en el mercado.<\/p>\n<\/p>\n<p>Actualmente, los  precios de los vuelos de Gol hacia Miami, desde una misma ciudad de origen, pueden ser hasta la mitad de los que ofrece otra de las aerol\u00edneas considerada una de las m\u00e1s baratas.<\/p>\n<\/p>\n<p>Un foro de usuarios de servicios de aviaci\u00f3n expone la experiencia de un consumidor que despu\u00e9s de haber comprado boletos de Gol ha recibido una oferta de 10% de descuento de otra aerol\u00ednea, de la que es usuario regular, lo que podr\u00eda advertir sobre una posible guerra de precios.<\/p>\n<\/p>\n<p>El establecimiento de la aerol\u00ednea en el pa\u00eds podr\u00eda incluso favorecer la industria hotelera, porque muchos pasajeros toman vuelos con escala que parten al d\u00eda siguiente, por lo que necesitan pernoctar.<\/p>\n<\/p>\n<p>EL ATRACTIVO DEL MERCADO DOMINICANO <\/p>\n<p>El viceministro de Turismo, Radham\u00e9s Mart\u00ednez Aponte, al confirmar las intenciones de la aerol\u00ednea brasile\u00f1a Gol de establecerse en suelo dominicano, refiri\u00f3 que la colombiana Avianca tambi\u00e9n est\u00e1 interesada en operar desde Rep\u00fablica Dominicana y asegur\u00f3 que el pa\u00eds est\u00e1 abierto a cualquier l\u00ednea a\u00e9rea que quiera instalarse.<\/p>\n<\/p>\n<p>Asimismo, una versi\u00f3n que sale desde Brasil y que a\u00fan no ha podido ser confirmada refiere que la l\u00ednea a\u00e9rea Delta est\u00e1 ofreciendo US$650 millones por un 18% de gol, adicional al 3% que posee en la actualidad.<\/p>\n<h6> 2013-09-23 14:13:43 <\/h6>\n<p><!--\n<link rel=\"stylesheet\" href=\"css\/bootstrap.min.css\">\n\n\n<ul class=\"pagination\">\n\t    \n\t\n\n<li >\n\t<a href='?page_no=14806'>Previous<\/a>\n\t<\/li>\n\n\n       \n    \n\n<li><a href='?page_no=1'>1<\/a><\/li>\n\n\n\n<li><a href='?page_no=2'>2<\/a><\/li>\n\n\n\n<li><a>...<\/a><\/li>\n\n\n\n<li><a href='?page_no=14805'>14805<\/a><\/li>\n\n\n\n<li><a href='?page_no=14806'>14806<\/a><\/li>\n\n\n\n<li class='active'><a>14807<\/a><\/li>\n\n\n\n<li><a href='?page_no=14808'>14808<\/a><\/li>\n\n\n\n<li><a href='?page_no=14809'>14809<\/a><\/li>\n\n\n\n<li><a>...<\/a><\/li>\n\n\n\n<li><a href='?page_no=30472'>30472<\/a><\/li>\n\n\n\n<li><a href='?page_no=30473'>30473<\/a><\/li>\n\n    \n\t\n\n<li >\n\t<a href='?page_no=14808'>Next<\/a>\n\t<\/li>\n\n\n    \n\n<li><a href='?page_no=30473'>Last &rsaquo;&rsaquo;<\/a><\/li>\n\n<\/ul>\n\n\n--><br \/>\n<\/body><\/p>\n","protected":false},"excerpt":{"rendered":"<p>Santo Domingo RD 23 septiembre.- El anuncio de la entrada al mercado dominicano de la aerol\u00ednea brasile\u00f1a Gol ha generado expectativas favorecedoras sobre los efectos que generar\u00e1 esa compa\u00f1\u00eda en la competitividad de los servicios aeron\u00e1uticos en Rep\u00fablica Dominicana. La aerol\u00ednea pretende establecer en el pa\u00eds su centro de operaciones o \u00abhub\u00bb, aprovechando la ubicaci\u00f3n [&hellip;]<\/p>\n","protected":false},"author":3,"featured_media":0,"comment_status":"open","ping_status":"open","sticky":false,"template":"","format":"standard","meta":{"footnotes":""},"categories":[18],"tags":[],"class_list":["post-99339","post","type-post","status-publish","format-standard","hentry","category-economia"],"_links":{"self":[{"href":"https:\/\/diariodominicano.com\/index.php?rest_route=\/wp\/v2\/posts\/99339","targetHints":{"allow":["GET"]}}],"collection":[{"href":"https:\/\/diariodominicano.com\/index.php?rest_route=\/wp\/v2\/posts"}],"about":[{"href":"https:\/\/diariodominicano.com\/index.php?rest_route=\/wp\/v2\/types\/post"}],"author":[{"embeddable":true,"href":"https:\/\/diariodominicano.com\/index.php?rest_route=\/wp\/v2\/users\/3"}],"replies":[{"embeddable":true,"href":"https:\/\/diariodominicano.com\/index.php?rest_route=%2Fwp%2Fv2%2Fcomments&post=99339"}],"version-history":[{"count":0,"href":"https:\/\/diariodominicano.com\/index.php?rest_route=\/wp\/v2\/posts\/99339\/revisions"}],"wp:attachment":[{"href":"https:\/\/diariodominicano.com\/index.php?rest_route=%2Fwp%2Fv2%2Fmedia&parent=99339"}],"wp:term":[{"taxonomy":"category","embeddable":true,"href":"https:\/\/diariodominicano.com\/index.php?rest_route=%2Fwp%2Fv2%2Fcategories&post=99339"},{"taxonomy":"post_tag","embeddable":true,"href":"https:\/\/diariodominicano.com\/index.php?rest_route=%2Fwp%2Fv2%2Ftags&post=99339"}],"curies":[{"name":"wp","href":"https:\/\/api.w.org\/{rel}","templated":true}]}}