{"id":99338,"date":"2013-09-23T14:33:49","date_gmt":"2013-09-23T14:33:49","guid":{"rendered":"http:\/\/diariodominicano.ddns.net\/?p=99338"},"modified":"2013-09-23T14:33:49","modified_gmt":"2013-09-23T14:33:49","slug":"aeih-pide-al-presidente-danilo-medina-encarar-el-transporte","status":"publish","type":"post","link":"https:\/\/diariodominicano.com\/?p=99338","title":{"rendered":"AEIH pide al presidente Danilo Medina encarar el transporte"},"content":{"rendered":"<p><body><\/p>\n<p><img decoding=\"async\" src=\"img3\/carros 23.jpeg\" \/>  <\/p>\n<p>Santo Domingo RD 23 septiembre.- El transporte p\u00fablico de pasajeros y de carga ocupa la agenda de los industriales, quienes consideran que lleg\u00f3 la hora de solucionar el caos que afecta no s\u00f3lo la productividad del pa\u00eds, sino tambi\u00e9n el medio ambiente.<\/p>\n<\/p>\n<p>La Asociaci\u00f3n de Empresas Industriales de Herrera y Provincia Santo Domingo (AEIH) consider\u00f3 que ya resulta insopoable el esquema \u00abcorrupto y arrabalizante\u00bb del transporte colectivo del pa\u00eds, un atentado contra la productividad y la dignidad de los agentes econ\u00f3micos.<\/p>\n<\/p>\n<p>Por esa raz\u00f3n, el presidente de la organizaci\u00f3n empresarial, V\u00edctor Castro, inst\u00f3 al presidente Danilo Medina a aprovechar la alta popularidad de que goza para encarar definitivamente ese problema, que es transversal a la delincuencia callejera, la competitividad, el alto gasto de bolsillo de los ciudadanos, el derroche de combustibles y la contaminaci\u00f3n.<\/p>\n<\/p>\n<p>A juicio de Castro, vale la pena que Medina asuma el costo pol\u00edtico de ordenar el servicio de transporte, empezando por un sistema transparente de licitaci\u00f3n de rutas que propicie la competencia sana, garantice  la inversi\u00f3n ordenada, decente y un servicio eficiente.<\/p>\n<\/p>\n<p>\u00abEl transporte p\u00fablico es una de nuestras peores cartas de presentaci\u00f3n como pa\u00eds, es la s\u00edntesis de un desorden monumental, de la falta de voluntad pol\u00edtica, de la impotencia y de la imposici\u00f3n de grupos mafiosos que usan el chantaje para mantener la ley de la selva en nuestras calles\u00bb, sostuvo el presidente de la AEIH.<\/p>\n<\/p>\n<p>Manifest\u00f3 que el costo econ\u00f3mico y emocional representado en el mal servicio del transporte colectivo, especialmente en las ciudades, es inmedible, por lo que se\u00f1al\u00f3 que una reforma en esa \u00e1rea proyectar\u00eda un nuevo pa\u00eds y una sensaci\u00f3n de orden que impactar\u00eda positivamente en las dem\u00e1s actividades de la econom\u00eda.<\/p>\n<\/p>\n<p>\u00abEl presidente Medina se casar\u00eda con la gloria y tendr\u00eda a todo el pa\u00eds alineado en su favor si arriesga su capital pol\u00edtico y enfrenta con valent\u00eda la mafia que prevalece en el transporte, para la cual no existen leyes\u00bb, sentenci\u00f3 Castro.<\/p>\n<\/p>\n<p>El dirigente empresarial indic\u00f3 que un servicio de transporte organizado puede ser una marca-pa\u00eds  y el presidente Medina tiene la oportunidad de dejar ese legado a la Rep\u00fablica Dominicana.<\/p>\n<h6> 2013-09-23 14:33:49 <\/h6>\n<p><!--\n<link rel=\"stylesheet\" href=\"css\/bootstrap.min.css\">\n\n\n<ul class=\"pagination\">\n\t    \n\t\n\n<li >\n\t<a href='?page_no=14805'>Previous<\/a>\n\t<\/li>\n\n\n       \n    \n\n<li><a href='?page_no=1'>1<\/a><\/li>\n\n\n\n<li><a href='?page_no=2'>2<\/a><\/li>\n\n\n\n<li><a>...<\/a><\/li>\n\n\n\n<li><a href='?page_no=14804'>14804<\/a><\/li>\n\n\n\n<li><a href='?page_no=14805'>14805<\/a><\/li>\n\n\n\n<li class='active'><a>14806<\/a><\/li>\n\n\n\n<li><a href='?page_no=14807'>14807<\/a><\/li>\n\n\n\n<li><a href='?page_no=14808'>14808<\/a><\/li>\n\n\n\n<li><a>...<\/a><\/li>\n\n\n\n<li><a href='?page_no=30472'>30472<\/a><\/li>\n\n\n\n<li><a href='?page_no=30473'>30473<\/a><\/li>\n\n    \n\t\n\n<li >\n\t<a href='?page_no=14807'>Next<\/a>\n\t<\/li>\n\n\n    \n\n<li><a href='?page_no=30473'>Last &rsaquo;&rsaquo;<\/a><\/li>\n\n<\/ul>\n\n\n--><br \/>\n<\/body><\/p>\n","protected":false},"excerpt":{"rendered":"<p>Santo Domingo RD 23 septiembre.- El transporte p\u00fablico de pasajeros y de carga ocupa la agenda de los industriales, quienes consideran que lleg\u00f3 la hora de solucionar el caos que afecta no s\u00f3lo la productividad del pa\u00eds, sino tambi\u00e9n el medio ambiente. La Asociaci\u00f3n de Empresas Industriales de Herrera y Provincia Santo Domingo (AEIH) consider\u00f3 [&hellip;]<\/p>\n","protected":false},"author":3,"featured_media":0,"comment_status":"open","ping_status":"open","sticky":false,"template":"","format":"standard","meta":{"footnotes":""},"categories":[18],"tags":[],"class_list":["post-99338","post","type-post","status-publish","format-standard","hentry","category-economia"],"_links":{"self":[{"href":"https:\/\/diariodominicano.com\/index.php?rest_route=\/wp\/v2\/posts\/99338","targetHints":{"allow":["GET"]}}],"collection":[{"href":"https:\/\/diariodominicano.com\/index.php?rest_route=\/wp\/v2\/posts"}],"about":[{"href":"https:\/\/diariodominicano.com\/index.php?rest_route=\/wp\/v2\/types\/post"}],"author":[{"embeddable":true,"href":"https:\/\/diariodominicano.com\/index.php?rest_route=\/wp\/v2\/users\/3"}],"replies":[{"embeddable":true,"href":"https:\/\/diariodominicano.com\/index.php?rest_route=%2Fwp%2Fv2%2Fcomments&post=99338"}],"version-history":[{"count":0,"href":"https:\/\/diariodominicano.com\/index.php?rest_route=\/wp\/v2\/posts\/99338\/revisions"}],"wp:attachment":[{"href":"https:\/\/diariodominicano.com\/index.php?rest_route=%2Fwp%2Fv2%2Fmedia&parent=99338"}],"wp:term":[{"taxonomy":"category","embeddable":true,"href":"https:\/\/diariodominicano.com\/index.php?rest_route=%2Fwp%2Fv2%2Fcategories&post=99338"},{"taxonomy":"post_tag","embeddable":true,"href":"https:\/\/diariodominicano.com\/index.php?rest_route=%2Fwp%2Fv2%2Ftags&post=99338"}],"curies":[{"name":"wp","href":"https:\/\/api.w.org\/{rel}","templated":true}]}}