{"id":99337,"date":"2013-09-23T17:50:53","date_gmt":"2013-09-23T17:50:53","guid":{"rendered":"http:\/\/diariodominicano.ddns.net\/?p=99337"},"modified":"2013-09-23T17:50:53","modified_gmt":"2013-09-23T17:50:53","slug":"empresarios-dominicanos-residentes-en-eeuu-quieren-invertir-en-rd","status":"publish","type":"post","link":"https:\/\/diariodominicano.com\/?p=99337","title":{"rendered":"Empresarios dominicanos residentes en EEUU quieren invertir en RD"},"content":{"rendered":"<p><body><\/p>\n<p><img decoding=\"async\" src=\"img3\/dominicanos.jpg\" \/>  <\/p>\n<p><span class=\"text1noticias\">Santo Domingo, RD, 23 de septiembre.-Atra\u00eddos por las ejecutorias del Gobierno encabezado por el presidente Danilo Medina, empresarios dominicanos residentes en Estados Unidos manifestaron su disposici\u00f3n de invertir en el pa\u00eds.<\/span><\/p>\n<\/p>\n<p><span class=\"text1noticias\">As\u00ed lo expres\u00f3 un nutrido grupo de empresarios que fue recibido esta ma\u00f1ana por el Primer Mandatario en su despacho del Palacio Nacional.<\/span><\/p>\n<\/p>\n<p><span class=\"text1noticias\">Manuel Lebr\u00f3n, presidente fundador de la  United Restaurant &amp; Lounge y asesor de la Asociaci\u00f3n de Bodegueros de los Estados Unidos, afirm\u00f3 que est\u00e1n interesados en participar en el proceso de cambio y desarrollo que promueve el Gobierno, cimentado en el trabajo conjunto, la seguridad jur\u00eddica y la estabilidad.<\/span><\/p>\n<\/p>\n<p><span class=\"text1noticias\">Dijo que con los a\u00f1os entre ellos \u00abha aumentado el deseo de dejar un legado en su naci\u00f3n, y que sus inversiones, empresas y capital de trabajo pueda surgir y revolucionar la sociedad dominicana con capacitaci\u00f3n, empleo por medio de la creaci\u00f3n de un grupo industrializado s\u00f3lido\u00bb.<\/span><\/p>\n<\/p>\n<p><span class=\"text1noticias\">Asimismo, \u00abde material e inversi\u00f3n dominicana, de personas que se fueron lejos y cosecharon \u00e9xitos en el exterior y que despu\u00e9s de tantos a\u00f1os quieren regresar a su pa\u00eds, para cultivar y convertir su tierra en un espacio lleno de oportunidades\u00bb.<\/span><\/p>\n<\/p>\n<p><span class=\"text1noticias\">Generaci\u00f3n de empleos<\/span><\/p>\n<\/p>\n<p><span class=\"text1noticias\">Precis\u00f3 que ya existen en la regi\u00f3n Norte del pa\u00eds empresas de su propiedad que generan alrededor de 500 plazas de trabajo y que contemplan la creaci\u00f3n de una escuela t\u00e9cnica para especializar a sus empleados en los procesos y manejos de los ramos industriales en los que operan.<\/span><\/p>\n<\/p>\n<p><span class=\"text1noticias\">En el encuentro con el presidente Danilo Medina estuvieron  adem\u00e1s de Manuel Lebr\u00f3n, Radham\u00e9s Rodr\u00edguez Soto, secretario de Finanzas de la Asociaci\u00f3n de Bodegueros de los Estados Unidos; Alfonso Hern\u00e1ndez, presidente del grupo Ta\u00edno Bebidas Tradicionales en Nueva York, e Innovaciones Agroalimenticias (Inovaa SRL), en Rep\u00fablica Dominicana.<\/span><\/p>\n<\/p>\n<p><span class=\"text1noticias\">Tambi\u00e9n, C\u00e9sar Mazara y Juliana Rodr\u00edguez, presidente y vicepresidente, respectivamente, de Two Friends Sea Food, con sede en Nueva York y Mazara &amp; Chiappone International, con operaciones en Rep\u00fablica Dominicana. De igual forma, Dominick Chiappone, presidente de 3 Kids Corp. en Nueva York y vicepresidente de Mazara &amp; Chiappone International.<\/span><\/p>\n<\/p>\n<p><span class=\"text1noticias\">Participaron adem\u00e1s Emilio Pe\u00f1aranda Pita, Pedro El\u00edas Ramos, Jhonny Iberie y V\u00edctor Gonz\u00e1lez.<\/span><\/p>\n<\/p>\n<p><span class=\"text1noticias\">Los empresarios dominicanos fueron acompa\u00f1ados por el Superintendente de Seguros, Euclides Guti\u00e9rrez F\u00e9lix y Roberto Valent\u00edn Ventura, embajador adscrito al Ministerio de Relaciones Exteriores, a quienes el grupo agradeci\u00f3 por las gestiones y colaboraci\u00f3n en la coordinaci\u00f3n de la visita, as\u00ed como \u00absu ayuda y asesoramiento en los momentos requeridos\u00bb.(HG)<\/span>.<\/p>\n<h6> 2013-09-23 17:50:53 <\/h6>\n<p><!--\n<link rel=\"stylesheet\" href=\"css\/bootstrap.min.css\">\n\n\n<ul class=\"pagination\">\n\t    \n\t\n\n<li >\n\t<a href='?page_no=14804'>Previous<\/a>\n\t<\/li>\n\n\n       \n    \n\n<li><a href='?page_no=1'>1<\/a><\/li>\n\n\n\n<li><a href='?page_no=2'>2<\/a><\/li>\n\n\n\n<li><a>...<\/a><\/li>\n\n\n\n<li><a href='?page_no=14803'>14803<\/a><\/li>\n\n\n\n<li><a href='?page_no=14804'>14804<\/a><\/li>\n\n\n\n<li class='active'><a>14805<\/a><\/li>\n\n\n\n<li><a href='?page_no=14806'>14806<\/a><\/li>\n\n\n\n<li><a href='?page_no=14807'>14807<\/a><\/li>\n\n\n\n<li><a>...<\/a><\/li>\n\n\n\n<li><a href='?page_no=30472'>30472<\/a><\/li>\n\n\n\n<li><a href='?page_no=30473'>30473<\/a><\/li>\n\n    \n\t\n\n<li >\n\t<a href='?page_no=14806'>Next<\/a>\n\t<\/li>\n\n\n    \n\n<li><a href='?page_no=30473'>Last &rsaquo;&rsaquo;<\/a><\/li>\n\n<\/ul>\n\n\n--><br \/>\n<\/body><\/p>\n","protected":false},"excerpt":{"rendered":"<p>Santo Domingo, RD, 23 de septiembre.-Atra\u00eddos por las ejecutorias del Gobierno encabezado por el presidente Danilo Medina, empresarios dominicanos residentes en Estados Unidos manifestaron su disposici\u00f3n de invertir en el pa\u00eds. As\u00ed lo expres\u00f3 un nutrido grupo de empresarios que fue recibido esta ma\u00f1ana por el Primer Mandatario en su despacho del Palacio Nacional. Manuel [&hellip;]<\/p>\n","protected":false},"author":3,"featured_media":0,"comment_status":"open","ping_status":"open","sticky":false,"template":"","format":"standard","meta":{"footnotes":""},"categories":[18],"tags":[],"class_list":["post-99337","post","type-post","status-publish","format-standard","hentry","category-economia"],"_links":{"self":[{"href":"https:\/\/diariodominicano.com\/index.php?rest_route=\/wp\/v2\/posts\/99337","targetHints":{"allow":["GET"]}}],"collection":[{"href":"https:\/\/diariodominicano.com\/index.php?rest_route=\/wp\/v2\/posts"}],"about":[{"href":"https:\/\/diariodominicano.com\/index.php?rest_route=\/wp\/v2\/types\/post"}],"author":[{"embeddable":true,"href":"https:\/\/diariodominicano.com\/index.php?rest_route=\/wp\/v2\/users\/3"}],"replies":[{"embeddable":true,"href":"https:\/\/diariodominicano.com\/index.php?rest_route=%2Fwp%2Fv2%2Fcomments&post=99337"}],"version-history":[{"count":0,"href":"https:\/\/diariodominicano.com\/index.php?rest_route=\/wp\/v2\/posts\/99337\/revisions"}],"wp:attachment":[{"href":"https:\/\/diariodominicano.com\/index.php?rest_route=%2Fwp%2Fv2%2Fmedia&parent=99337"}],"wp:term":[{"taxonomy":"category","embeddable":true,"href":"https:\/\/diariodominicano.com\/index.php?rest_route=%2Fwp%2Fv2%2Fcategories&post=99337"},{"taxonomy":"post_tag","embeddable":true,"href":"https:\/\/diariodominicano.com\/index.php?rest_route=%2Fwp%2Fv2%2Ftags&post=99337"}],"curies":[{"name":"wp","href":"https:\/\/api.w.org\/{rel}","templated":true}]}}