{"id":99332,"date":"2013-09-24T13:38:09","date_gmt":"2013-09-24T13:38:09","guid":{"rendered":"http:\/\/diariodominicano.ddns.net\/?p=99332"},"modified":"2013-09-24T13:38:09","modified_gmt":"2013-09-24T13:38:09","slug":"ruben-bichara-afirma-se-registran-mejoras-en-el-sector-electrico-en-agosto-las-perdidas-descendieron-un-34-3","status":"publish","type":"post","link":"https:\/\/diariodominicano.com\/?p=99332","title":{"rendered":"Rub\u00e9n Bichara afirma se registran mejoras en el sector el\u00e9ctrico; en agosto las p\u00e9rdidas descendieron un 34.3%"},"content":{"rendered":"<p><body><\/p>\n<p><img decoding=\"async\" src=\"img3\/bichara 24.jpg\" \/>  <\/p>\n<p>Santo Domingo RD 243 septiembre.- El vicepresidente de la Corporaci\u00f3n Dominicana de Empresas El\u00e9ctricas Estatales (CDEEE), Rub\u00e9n Jim\u00e9nez Bichara, destac\u00f3 los avances que ha tenido el sector el\u00e9ctrico en el \u00faltimo a\u00f1o,  entre los cuales cit\u00f3 el aumento de las cobranzas, extensi\u00f3n y mejora de la transmisi\u00f3n, reducci\u00f3n de p\u00e9rdidas, la rehabilitaci\u00f3n de redes y el equilibrio de la deuda con los generadores, todo gracias a la ejecuci\u00f3n del plan integral dise\u00f1ado para resolver la crisis del sector.<\/p>\n<\/p>\n<p>Jim\u00e9nez Bichara inform\u00f3 que para el mes de agosto las p\u00e9rdidas descend\u00edan a 34.3%, las cobranzas alcanzaron el 96% y el \u00cdndice de Recuperaci\u00f3n de Activos (CRI) ascendi\u00f3 a 63.2%, lo cual representa una mejora entre la energ\u00eda cobrada y la energ\u00eda despachada por las EDE\u00b4s<\/p>\n<\/p>\n<p>\u00abAnalizando el per\u00edodo de gesti\u00f3n agosto 2012 &#8211; julio 2013, se registr\u00f3 incremento del promedio de clientes cobrados en m\u00e1s de 170,000\u00bb, dijo el funcionario, dicho alce provoc\u00f3 un aumento de los cobros, equivalente a RD$ 4,300 MM en beneficio del flujo de caja de las Distribuidoras.<\/p>\n<\/p>\n<p>Bichara expres\u00f3 que en cuanto a la deuda con los generadores, en lo que va de a\u00f1o se mantiene en equilibro, gracias al desembolso de US$ 2,708.4 Millones, lo cual deja en US$ 485.3 MM la deuda a julio 2013, que a diferencia del pasado a\u00f1o estaba en US$ 811.4 MM en el mismo periodo.<\/p>\n<\/p>\n<p>Jim\u00e9nez Bichara explic\u00f3 que gracias al incremento de los cobros, la reducci\u00f3n del precio medio de compra de la energ\u00eda, entre otros puntos de la gesti\u00f3n administrativa, se presentaron avances en el aspecto comercial, y en los gastos operativos y financiero dentro del balance global del holding el\u00e9ctrico del Estado.<\/p>\n<\/p>\n<p>El Plan Integral que ejecuta el sector el\u00e9ctrico con la aprobaci\u00f3n del presidente de la Rep\u00fablica, Danilo Medina, tiene como centro el cambio de matriz, con la construcci\u00f3n de nuevas plantas y la conversi\u00f3n de algunas de las actuales para que operen con combustible m\u00e1s barato. El vicepresidente de la CDEEE detall\u00f3 los pasos que se realizan, en adici\u00f3n a los avances en la licitaci\u00f3n de dos nuevas plantas a carb\u00f3n de 300MV en la provincia Peravia.<\/p>\n<\/p>\n<p>\u00abSe firm\u00f3 un Memor\u00e1ndum de Entendimiento con la Sociedad Itabo S.A, para la realizaci\u00f3n de una inversi\u00f3n conjunta para el desarrollo de una central t\u00e9rmica de 300 MW\u00bb, destac\u00f3, de la cual se prev\u00e9 que en los pr\u00f3ximos meses se terminen los estudios necesarios para llevar a cabo una licitaci\u00f3n.<\/p>\n<\/p>\n<p>Otra inversi\u00f3n en generaci\u00f3n es la construcci\u00f3n y conversi\u00f3n de plantas a gas natural, de la cual se encuentra en proceso una negociaci\u00f3n con la empresa CESPM para la conversi\u00f3n de la central Cogentrix, inform\u00f3 Rub\u00e9n Bichara.<\/p>\n<\/p>\n<p>Del lado de los proyectos que ejecutan la Empresa Hidroel\u00e9ctrica (Egehid) y la Unidad de Electrificaci\u00f3n Rural y Sub-Urbana (UERS) han insertado al sistema el\u00e9ctrico nacional 252 MV con la puesta en operaci\u00f3n de la central hidroel\u00e9ctrica Aguacate y ocho micro-centrales m\u00e1s.<\/p>\n<\/p>\n<p>Las EGEHID y la UERS ejecutan seis  y 21 proyectos, respectivamente, de los cuales podr\u00e1n beneficiarse m\u00e1s de 2 mil familias con la adici\u00f3n de m\u00e1s generaci\u00f3n y mejoras en las redes el\u00e9ctricas para el flujo de potencia.<\/p>\n<\/p>\n<p>Rub\u00e9n Jim\u00e9nez Bichara anunci\u00f3 que la Empresa de Transmisi\u00f3n (ETED) ya tiene preparados los proyectos de transmisi\u00f3n que permitir\u00e1n la expansi\u00f3n de la generaci\u00f3n en la zona Este del pa\u00eds, con una inversi\u00f3n aproximada de US$ 97.7 millones.<\/p>\n<\/p>\n<p>De estos proyectos se registran ocho trabajos en l\u00edneas de transmisi\u00f3n y uno en la subestaci\u00f3n de Guerra 345\/138 kilo vatios, acatando las instrucciones del presidente de la Rep\u00fablica.<\/p>\n<\/p>\n<p>En cuanto a los trabajos para la disminuci\u00f3n de las p\u00e9rdidas que llevan a cabo las Distribuidoras, en este per\u00edodo se han instalado 36,288 medidores de tele-medici\u00f3n, beneficiando a 200 mil 101 clientes, y la inclusi\u00f3n de 2 mil 775 clientes al sistema prepago.<\/p>\n<\/p>\n<p>Sumado a esto, en la actualidad se mantienen 45 proyectos  de rehabilitaci\u00f3n en los circuitos con mayores p\u00e9rdidas, de los que se han rehabilitado 832 km de redes mejorando la calidad de vida de m\u00e1s de 60 mil clientes con servicio 24 horas de energ\u00eda.<\/p>\n<\/p>\n<p>El vicepresidente de la CDEEE habl\u00f3 en la Inauguraci\u00f3n de la Central El\u00e9ctrica Quisqueya, en San Pedro de Macor\u00eds, que cuenta con dos plantas de ciclo combinado de 215 megavatios cada una, para  una potencia de 430 MV, promovidas por PVDC y EGE Haina, empresa esta \u00faltima en que el estado tiene una participaci\u00f3n accionaria del 50%.<\/p>\n<h6> 2013-09-24 13:38:09 <\/h6>\n<p><!--\n<link rel=\"stylesheet\" href=\"css\/bootstrap.min.css\">\n\n\n<ul class=\"pagination\">\n\t    \n\t\n\n<li >\n\t<a href='?page_no=14799'>Previous<\/a>\n\t<\/li>\n\n\n       \n    \n\n<li><a href='?page_no=1'>1<\/a><\/li>\n\n\n\n<li><a href='?page_no=2'>2<\/a><\/li>\n\n\n\n<li><a>...<\/a><\/li>\n\n\n\n<li><a href='?page_no=14798'>14798<\/a><\/li>\n\n\n\n<li><a href='?page_no=14799'>14799<\/a><\/li>\n\n\n\n<li class='active'><a>14800<\/a><\/li>\n\n\n\n<li><a href='?page_no=14801'>14801<\/a><\/li>\n\n\n\n<li><a href='?page_no=14802'>14802<\/a><\/li>\n\n\n\n<li><a>...<\/a><\/li>\n\n\n\n<li><a href='?page_no=30472'>30472<\/a><\/li>\n\n\n\n<li><a href='?page_no=30473'>30473<\/a><\/li>\n\n    \n\t\n\n<li >\n\t<a href='?page_no=14801'>Next<\/a>\n\t<\/li>\n\n\n    \n\n<li><a href='?page_no=30473'>Last &rsaquo;&rsaquo;<\/a><\/li>\n\n<\/ul>\n\n\n--><br \/>\n<\/body><\/p>\n","protected":false},"excerpt":{"rendered":"<p>Santo Domingo RD 243 septiembre.- El vicepresidente de la Corporaci\u00f3n Dominicana de Empresas El\u00e9ctricas Estatales (CDEEE), Rub\u00e9n Jim\u00e9nez Bichara, destac\u00f3 los avances que ha tenido el sector el\u00e9ctrico en el \u00faltimo a\u00f1o, entre los cuales cit\u00f3 el aumento de las cobranzas, extensi\u00f3n y mejora de la transmisi\u00f3n, reducci\u00f3n de p\u00e9rdidas, la rehabilitaci\u00f3n de redes y [&hellip;]<\/p>\n","protected":false},"author":3,"featured_media":0,"comment_status":"open","ping_status":"open","sticky":false,"template":"","format":"standard","meta":{"footnotes":""},"categories":[18],"tags":[],"class_list":["post-99332","post","type-post","status-publish","format-standard","hentry","category-economia"],"_links":{"self":[{"href":"https:\/\/diariodominicano.com\/index.php?rest_route=\/wp\/v2\/posts\/99332","targetHints":{"allow":["GET"]}}],"collection":[{"href":"https:\/\/diariodominicano.com\/index.php?rest_route=\/wp\/v2\/posts"}],"about":[{"href":"https:\/\/diariodominicano.com\/index.php?rest_route=\/wp\/v2\/types\/post"}],"author":[{"embeddable":true,"href":"https:\/\/diariodominicano.com\/index.php?rest_route=\/wp\/v2\/users\/3"}],"replies":[{"embeddable":true,"href":"https:\/\/diariodominicano.com\/index.php?rest_route=%2Fwp%2Fv2%2Fcomments&post=99332"}],"version-history":[{"count":0,"href":"https:\/\/diariodominicano.com\/index.php?rest_route=\/wp\/v2\/posts\/99332\/revisions"}],"wp:attachment":[{"href":"https:\/\/diariodominicano.com\/index.php?rest_route=%2Fwp%2Fv2%2Fmedia&parent=99332"}],"wp:term":[{"taxonomy":"category","embeddable":true,"href":"https:\/\/diariodominicano.com\/index.php?rest_route=%2Fwp%2Fv2%2Fcategories&post=99332"},{"taxonomy":"post_tag","embeddable":true,"href":"https:\/\/diariodominicano.com\/index.php?rest_route=%2Fwp%2Fv2%2Ftags&post=99332"}],"curies":[{"name":"wp","href":"https:\/\/api.w.org\/{rel}","templated":true}]}}