{"id":99328,"date":"2013-09-25T14:38:27","date_gmt":"2013-09-25T14:38:27","guid":{"rendered":"http:\/\/diariodominicano.ddns.net\/?p=99328"},"modified":"2013-09-25T14:38:27","modified_gmt":"2013-09-25T14:38:27","slug":"este-jueves-se-inicia-feria-de-vehiculos-chinos","status":"publish","type":"post","link":"https:\/\/diariodominicano.com\/?p=99328","title":{"rendered":"Este jueves se inicia feria de veh\u00edculos chinos"},"content":{"rendered":"<p><body><\/p>\n<p><img decoding=\"async\" src=\"img3\/feria 25.jpg\" \/>  <\/p>\n<p>Santo Domingo RD 25 septiembre.- Este jueves se inicia la primera feria de veh\u00edculos de fabricaci\u00f3n China, anunci\u00f3 la C\u00e1mara China de Comercio de Rep\u00fablica Dominicana (CCCRD), actividad en la que participar\u00e1n los concesionarios de las principales marcas de veh\u00edculos de dicho pa\u00eds. <\/p>\n<\/p>\n<p>El anuncio lo hizo Yeuk Fai Cheung, presidente de la organizaci\u00f3n, quien explic\u00f3 que la feria de veh\u00edculos se desarrollar\u00e1 dentro de la V Exposici\u00f3n Comercial de la Rep\u00fablica Popular China en el pa\u00eds,  que organiza el Consejo Chino para la Promoci\u00f3n e Inversi\u00f3n del Comercio (CCPIT).<\/p>\n<\/p>\n<p>En la exposici\u00f3n estar\u00e1n m\u00e1s de 40 empresas chinas, y de manera paralela se desarrollar\u00e1 un foro de inversi\u00f3n organizado por la CCCRD, en el cual participar\u00e1n 16 empresas con intenci\u00f3n real de invertir de manera directa en Rep\u00fablica Dominicana. <\/p>\n<\/p>\n<p>En el foro explorar\u00e1n la manera de introducir sus inversiones al mercado local, al tiempo que compartir\u00e1n sus experiencias con empresas locales miembros de la C\u00e1mara China de Comercio, organizaci\u00f3n que agrupa m\u00e1s de 900 empresarios del pa\u00eds.<\/p>\n<\/p>\n<p>Entre las participantes en el foro de inversi\u00f3n se encuentran empresas l\u00edderes de China en energ\u00eda, tanto renovable como convencional, as\u00ed como en construcci\u00f3n y agricultura, en cuyos renglones estar\u00e1n participando las empresas socios de la CCCRD interesadas en cada uno de estos renglones. <\/p>\n<\/p>\n<p>La CCPIT fue invitada por el Ministerio de Econom\u00eda,  Planificaci\u00f3n y Desarrollo. <\/p>\n<h6> 2013-09-25 14:38:27 <\/h6>\n<p><!--\n<link rel=\"stylesheet\" href=\"css\/bootstrap.min.css\">\n\n\n<ul class=\"pagination\">\n\t    \n\t\n\n<li >\n\t<a href='?page_no=14797'>Previous<\/a>\n\t<\/li>\n\n\n       \n    \n\n<li><a href='?page_no=1'>1<\/a><\/li>\n\n\n\n<li><a href='?page_no=2'>2<\/a><\/li>\n\n\n\n<li><a>...<\/a><\/li>\n\n\n\n<li><a href='?page_no=14796'>14796<\/a><\/li>\n\n\n\n<li><a href='?page_no=14797'>14797<\/a><\/li>\n\n\n\n<li class='active'><a>14798<\/a><\/li>\n\n\n\n<li><a href='?page_no=14799'>14799<\/a><\/li>\n\n\n\n<li><a href='?page_no=14800'>14800<\/a><\/li>\n\n\n\n<li><a>...<\/a><\/li>\n\n\n\n<li><a href='?page_no=30472'>30472<\/a><\/li>\n\n\n\n<li><a href='?page_no=30473'>30473<\/a><\/li>\n\n    \n\t\n\n<li >\n\t<a href='?page_no=14799'>Next<\/a>\n\t<\/li>\n\n\n    \n\n<li><a href='?page_no=30473'>Last &rsaquo;&rsaquo;<\/a><\/li>\n\n<\/ul>\n\n\n--><br \/>\n<\/body><\/p>\n","protected":false},"excerpt":{"rendered":"<p>Santo Domingo RD 25 septiembre.- Este jueves se inicia la primera feria de veh\u00edculos de fabricaci\u00f3n China, anunci\u00f3 la C\u00e1mara China de Comercio de Rep\u00fablica Dominicana (CCCRD), actividad en la que participar\u00e1n los concesionarios de las principales marcas de veh\u00edculos de dicho pa\u00eds. El anuncio lo hizo Yeuk Fai Cheung, presidente de la organizaci\u00f3n, quien [&hellip;]<\/p>\n","protected":false},"author":3,"featured_media":0,"comment_status":"open","ping_status":"open","sticky":false,"template":"","format":"standard","meta":{"footnotes":""},"categories":[18],"tags":[],"class_list":["post-99328","post","type-post","status-publish","format-standard","hentry","category-economia"],"_links":{"self":[{"href":"https:\/\/diariodominicano.com\/index.php?rest_route=\/wp\/v2\/posts\/99328","targetHints":{"allow":["GET"]}}],"collection":[{"href":"https:\/\/diariodominicano.com\/index.php?rest_route=\/wp\/v2\/posts"}],"about":[{"href":"https:\/\/diariodominicano.com\/index.php?rest_route=\/wp\/v2\/types\/post"}],"author":[{"embeddable":true,"href":"https:\/\/diariodominicano.com\/index.php?rest_route=\/wp\/v2\/users\/3"}],"replies":[{"embeddable":true,"href":"https:\/\/diariodominicano.com\/index.php?rest_route=%2Fwp%2Fv2%2Fcomments&post=99328"}],"version-history":[{"count":0,"href":"https:\/\/diariodominicano.com\/index.php?rest_route=\/wp\/v2\/posts\/99328\/revisions"}],"wp:attachment":[{"href":"https:\/\/diariodominicano.com\/index.php?rest_route=%2Fwp%2Fv2%2Fmedia&parent=99328"}],"wp:term":[{"taxonomy":"category","embeddable":true,"href":"https:\/\/diariodominicano.com\/index.php?rest_route=%2Fwp%2Fv2%2Fcategories&post=99328"},{"taxonomy":"post_tag","embeddable":true,"href":"https:\/\/diariodominicano.com\/index.php?rest_route=%2Fwp%2Fv2%2Ftags&post=99328"}],"curies":[{"name":"wp","href":"https:\/\/api.w.org\/{rel}","templated":true}]}}