{"id":99316,"date":"2013-09-26T04:03:46","date_gmt":"2013-09-26T04:03:46","guid":{"rendered":"http:\/\/diariodominicano.ddns.net\/?p=99316"},"modified":"2013-09-26T04:03:46","modified_gmt":"2013-09-26T04:03:46","slug":"senado-aprueba-la-segunda-enmienda-al-acuerdo-con-la-barrick-gold-y-varias-iniciativas","status":"publish","type":"post","link":"https:\/\/diariodominicano.com\/?p=99316","title":{"rendered":"Senado aprueba la segunda enmienda al Acuerdo con la Barrick Gold y varias iniciativas"},"content":{"rendered":"<p><body><\/p>\n<p><span class=\"text1noticias\"> <\/span><\/p>\n<p><span class=\"text1noticias\">SANTO DOMINGO, RD, 25 de Septiembre.- El Senado de la Rep\u00fablica aprob\u00f3  este mi\u00e9rcoles  en \u00fanica lectura el proyecto de la segunda enmienda al Acuerdo Especial de  Arrendamiento de Derechos Mineros, entre el Poder Ejecutivo y la empresa Pueblo Viejo Dominicana Corporation (Barrick Gold).<\/span><\/p>\n<\/p>\n<p><span class=\"text1noticias\">La Comisi\u00f3n Bicameral presidida por la senadora, Cristina Lizardo, present\u00f3 el informe al pleno senatorial, con varias recomendaciones.<\/span><\/p>\n<\/p>\n<p><span class=\"text1noticias\">La senadora Lizardo inform\u00f3 que el ministro de la Presidencia conformar\u00e1 una comisi\u00f3n de alto nivel para el dar seguimiento a la ejecuci\u00f3n del contrato.<\/span><\/p>\n<\/p>\n<p><span class=\"text1noticias\">Seg\u00fan refiere el informe presentado  por la tambi\u00e9n vicepresidenta del Senado, la Comisi\u00f3n consider\u00f3 como altamente prioritario prestar atenci\u00f3n especial a los requerimientos de las 600 familias afectadas en la provincia S\u00e1nchez Ram\u00edrez, como consecuencia de la explotaci\u00f3n minera.<\/span><\/p>\n<\/p>\n<p><span class=\"text1noticias\">Indica que dentro del marco de la Ley 64-00 sobre Recursos Naturales, la provincia S\u00e1nchez Ram\u00edrez deber\u00e1 recibir el 5 por ciento de los beneficios netos de la explotaci\u00f3n del oro.<\/span><\/p>\n<\/p>\n<p><span class=\"text1noticias\">El senador por la provincia S\u00e1nchez Ram\u00edrez, F\u00e9lix V\u00e1squez,  pidi\u00f3 ponderar y proteger a  m\u00e1s de 600 familias que residen pr\u00f3ximos a la zona.<\/span><\/p>\n<\/p>\n<p><span class=\"text1noticias\">Adem\u00e1s, los legisladores aprobaron en primera lectura el proyecto de Ley Org\u00e1nica sobre los Derechos de Participaci\u00f3n Ciudadana y Mecanismos de Control Social.<\/span><\/p>\n<\/p>\n<p><span class=\"text1noticias\">Tambi\u00e9n, el que designa con el nombre de Manuel Corripio Garc\u00eda la calle proyecto central del sector la Esperilla, en el Distrito Nacional; y el que designa con el nombre de Profesor H\u00e9ctor Bienvenido Garc\u00eda L\u00f3pez, la Escuela B\u00e1sica Maguana Abajo, municipio de San Juan.<\/span><\/p>\n<\/p>\n<p><span class=\"text1noticias\">Igualmente, fue sancionado el proyecto que designa con el nombre de Ferm\u00edn Rosario la Escuela B\u00e1sica y Media de la Caoba, en el Municipio San Francisco de Macor\u00eds, provincia Duarte.<\/span><\/p>\n<\/p>\n<p><span class=\"text1noticias\">De igual manera, fueron aprobados el proyecto que designa con el nombre de Francisco Alberto Feliciano Rijo, la calle \u00c1mbar, que divide los sectores Papagayos y Las Piedras, del municipio de la Romana; as\u00ed como el que designa con el nombre de Profesor Octavio Emiliano, la Escuela Primaria del Barrio Punta de Garza, municipio de Hato Mayor.<\/span><\/p>\n<\/p>\n<p><span class=\"text1noticias\">Los senadores aprobaron en segunda lectura el proyecto de Ley que designa con el nombre de Manuel Arsenio Ure\u00f1a la carretera que comunica las comunidades Pedregal, Los Montones, Mata Grande, del municipio San Jos\u00e9 de las Matas,  Provincia Santiago.<\/span><\/p>\n<\/p>\n<p><span class=\"text1noticias\">Adem\u00e1s, el que designa con el nombre de Mary P\u00e9rez Vda. Marranzini el tramo de la calle San Francisco de Macor\u00eds comprendido entre la avenida Leopoldo Navarro y la calle Paseo de los Periodistas, sector Miraflores, en  el Distrito Nacional.<\/span><\/p>\n<\/p>\n<p><span class=\"text1noticias\">Los senadores  sancionaron  en \u00fanica lectura nueve contratos de ventas de Terrenos entre el Estado y particulares. <\/span><\/p>\n<\/p>\n<p><span class=\"text1noticias\">Durante la sesi\u00f3n de este mi\u00e9rcoles, compareci\u00f3 ante el pleno senatorial  Monse\u00f1or Agripino N\u00fa\u00f1ez Collado, para anunciar las  consultas sobre el Pacto por la Educaci\u00f3n en las regiones Este, Sur, Cibao, el Gran Santo Domingo y el Distrito Nacional.<\/span><\/p>\n<p><span class=\"text1noticias\"> <\/span><\/p>\n<p><span class=\"text1noticias\">Monse\u00f1or  N\u00fa\u00f1ez Collado hizo llamado  a  toda la sociedad para que se integre y apoye el Pacto Educativo Nacional.<\/span><\/p>\n<\/p>\n<p><span class=\"text1noticias\">Present\u00f3 un  calendario de consultas donde las personas participantes puedan presentar sus propuestas a nivel provincial desde el pr\u00f3ximo s\u00e1bado 28 al 12 de octubre, en horario de 8:00 a.m. a 1:00 p. m.<\/span><\/p>\n<\/p>\n<p><span class=\"text1noticias\">En tanto que el presidente del Senado, Reinaldo Pared P\u00e9rez, apoy\u00f3 la causa y dijo que la C\u00e1mara Alta siempre est\u00e1 a disposici\u00f3n para esos gestos nobles y dignos.<\/span><\/p>\n<\/p>\n<p><span class=\"text1noticias\">De igual modo se refiri\u00f3 la presidenta de la Comisi\u00f3n de Educaci\u00f3n del Senado, Cristina Lizardo, y varios senadores, quienes felicitaron la iniciativa.<\/span><\/p>\n<\/p>\n<p><span class=\"text1noticias\">Monse\u00f1or N\u00fa\u00f1ez Collado acudi\u00f3 acompa\u00f1ado por Antonio Isa Conde,  Rafael Paz y Ana Selman.<\/span><\/p>\n<\/p>\n<\/p>\n<\/p>\n<h6> 2013-09-26 04:03:46 <\/h6>\n<p><!--\n<link rel=\"stylesheet\" href=\"css\/bootstrap.min.css\">\n\n\n<ul class=\"pagination\">\n\t    \n\t\n\n<li >\n\t<a href='?page_no=14786'>Previous<\/a>\n\t<\/li>\n\n\n       \n    \n\n<li><a href='?page_no=1'>1<\/a><\/li>\n\n\n\n<li><a href='?page_no=2'>2<\/a><\/li>\n\n\n\n<li><a>...<\/a><\/li>\n\n\n\n<li><a href='?page_no=14785'>14785<\/a><\/li>\n\n\n\n<li><a href='?page_no=14786'>14786<\/a><\/li>\n\n\n\n<li class='active'><a>14787<\/a><\/li>\n\n\n\n<li><a href='?page_no=14788'>14788<\/a><\/li>\n\n\n\n<li><a href='?page_no=14789'>14789<\/a><\/li>\n\n\n\n<li><a>...<\/a><\/li>\n\n\n\n<li><a href='?page_no=30472'>30472<\/a><\/li>\n\n\n\n<li><a href='?page_no=30473'>30473<\/a><\/li>\n\n    \n\t\n\n<li >\n\t<a href='?page_no=14788'>Next<\/a>\n\t<\/li>\n\n\n    \n\n<li><a href='?page_no=30473'>Last &rsaquo;&rsaquo;<\/a><\/li>\n\n<\/ul>\n\n\n--><br \/>\n<\/body><\/p>\n","protected":false},"excerpt":{"rendered":"<p>SANTO DOMINGO, RD, 25 de Septiembre.- El Senado de la Rep\u00fablica aprob\u00f3 este mi\u00e9rcoles en \u00fanica lectura el proyecto de la segunda enmienda al Acuerdo Especial de Arrendamiento de Derechos Mineros, entre el Poder Ejecutivo y la empresa Pueblo Viejo Dominicana Corporation (Barrick Gold). La Comisi\u00f3n Bicameral presidida por la senadora, Cristina Lizardo, present\u00f3 el [&hellip;]<\/p>\n","protected":false},"author":3,"featured_media":0,"comment_status":"open","ping_status":"open","sticky":false,"template":"","format":"standard","meta":{"footnotes":""},"categories":[18],"tags":[],"class_list":["post-99316","post","type-post","status-publish","format-standard","hentry","category-economia"],"_links":{"self":[{"href":"https:\/\/diariodominicano.com\/index.php?rest_route=\/wp\/v2\/posts\/99316","targetHints":{"allow":["GET"]}}],"collection":[{"href":"https:\/\/diariodominicano.com\/index.php?rest_route=\/wp\/v2\/posts"}],"about":[{"href":"https:\/\/diariodominicano.com\/index.php?rest_route=\/wp\/v2\/types\/post"}],"author":[{"embeddable":true,"href":"https:\/\/diariodominicano.com\/index.php?rest_route=\/wp\/v2\/users\/3"}],"replies":[{"embeddable":true,"href":"https:\/\/diariodominicano.com\/index.php?rest_route=%2Fwp%2Fv2%2Fcomments&post=99316"}],"version-history":[{"count":0,"href":"https:\/\/diariodominicano.com\/index.php?rest_route=\/wp\/v2\/posts\/99316\/revisions"}],"wp:attachment":[{"href":"https:\/\/diariodominicano.com\/index.php?rest_route=%2Fwp%2Fv2%2Fmedia&parent=99316"}],"wp:term":[{"taxonomy":"category","embeddable":true,"href":"https:\/\/diariodominicano.com\/index.php?rest_route=%2Fwp%2Fv2%2Fcategories&post=99316"},{"taxonomy":"post_tag","embeddable":true,"href":"https:\/\/diariodominicano.com\/index.php?rest_route=%2Fwp%2Fv2%2Ftags&post=99316"}],"curies":[{"name":"wp","href":"https:\/\/api.w.org\/{rel}","templated":true}]}}