{"id":99314,"date":"2013-09-26T15:39:46","date_gmt":"2013-09-26T15:39:46","guid":{"rendered":"http:\/\/diariodominicano.ddns.net\/?p=99314"},"modified":"2013-09-26T15:39:46","modified_gmt":"2013-09-26T15:39:46","slug":"granja-avicola-con-produccion-autosostenible-y-educativa","status":"publish","type":"post","link":"https:\/\/diariodominicano.com\/?p=99314","title":{"rendered":"Granja av\u00edcola con producci\u00f3n autosostenible y educativa"},"content":{"rendered":"<p><body><\/p>\n<p><img decoding=\"async\" src=\"img3\/avicola 26.jpeg\" \/>  <\/p>\n<p>Santo Domingo RD 26 septiembre.- En la Granja Educativa Guanuma, con una producci\u00f3n diaria de 250 mil huevos de consumo, coexisten la sana convivencia con la naturaleza, la energ\u00eda limpia y la producci\u00f3n sostenible.<\/p>\n<\/p>\n<p>Este proyecto, creado por el avicultor Wilfredo Bautista en el 2012, tiene la funci\u00f3n de educar en el cuidado del medio ambiente y se ha  convertido en referencia cuando se habla de sostenibilidad  y buen uso de los recursos. Bautista dice que el sue\u00f1o del h\u00e1bitat no da\u00f1ino con el planeta es una realidad, ahora tangible en el pa\u00eds gracias a esta granja ecol\u00f3gica abierta al aprendizaje y al disfrute.<\/p>\n<\/p>\n<p>El futuro y la armon\u00eda s\u00ed pueden ser compatibles. La granja, ubicada en el distrito municipal Guanuma,  Santo Domingo Norte, y que agr\u00edcolamente pertenece a Monte Plata, es sostenible y capaz de producir su propia energ\u00eda y  ma\u00edz que necesita para alimentar las gallinas. \u00abTodo el manejo que involucra el trabajo que hacemos ha de ser respetando no solo la naturaleza y el medio ambiente, sino tambi\u00e9n la comunidad que nos rodea\u00bb, dice el agroempresario Bautista.<\/p>\n<h6> 2013-09-26 15:39:46 <\/h6>\n<p><!--\n<link rel=\"stylesheet\" href=\"css\/bootstrap.min.css\">\n\n\n<ul class=\"pagination\">\n\t    \n\t\n\n<li >\n\t<a href='?page_no=14784'>Previous<\/a>\n\t<\/li>\n\n\n       \n    \n\n<li><a href='?page_no=1'>1<\/a><\/li>\n\n\n\n<li><a href='?page_no=2'>2<\/a><\/li>\n\n\n\n<li><a>...<\/a><\/li>\n\n\n\n<li><a href='?page_no=14783'>14783<\/a><\/li>\n\n\n\n<li><a href='?page_no=14784'>14784<\/a><\/li>\n\n\n\n<li class='active'><a>14785<\/a><\/li>\n\n\n\n<li><a href='?page_no=14786'>14786<\/a><\/li>\n\n\n\n<li><a href='?page_no=14787'>14787<\/a><\/li>\n\n\n\n<li><a>...<\/a><\/li>\n\n\n\n<li><a href='?page_no=30472'>30472<\/a><\/li>\n\n\n\n<li><a href='?page_no=30473'>30473<\/a><\/li>\n\n    \n\t\n\n<li >\n\t<a href='?page_no=14786'>Next<\/a>\n\t<\/li>\n\n\n    \n\n<li><a href='?page_no=30473'>Last &rsaquo;&rsaquo;<\/a><\/li>\n\n<\/ul>\n\n\n--><br \/>\n<\/body><\/p>\n","protected":false},"excerpt":{"rendered":"<p>Santo Domingo RD 26 septiembre.- En la Granja Educativa Guanuma, con una producci\u00f3n diaria de 250 mil huevos de consumo, coexisten la sana convivencia con la naturaleza, la energ\u00eda limpia y la producci\u00f3n sostenible. Este proyecto, creado por el avicultor Wilfredo Bautista en el 2012, tiene la funci\u00f3n de educar en el cuidado del medio [&hellip;]<\/p>\n","protected":false},"author":3,"featured_media":0,"comment_status":"open","ping_status":"open","sticky":false,"template":"","format":"standard","meta":{"footnotes":""},"categories":[18],"tags":[],"class_list":["post-99314","post","type-post","status-publish","format-standard","hentry","category-economia"],"_links":{"self":[{"href":"https:\/\/diariodominicano.com\/index.php?rest_route=\/wp\/v2\/posts\/99314","targetHints":{"allow":["GET"]}}],"collection":[{"href":"https:\/\/diariodominicano.com\/index.php?rest_route=\/wp\/v2\/posts"}],"about":[{"href":"https:\/\/diariodominicano.com\/index.php?rest_route=\/wp\/v2\/types\/post"}],"author":[{"embeddable":true,"href":"https:\/\/diariodominicano.com\/index.php?rest_route=\/wp\/v2\/users\/3"}],"replies":[{"embeddable":true,"href":"https:\/\/diariodominicano.com\/index.php?rest_route=%2Fwp%2Fv2%2Fcomments&post=99314"}],"version-history":[{"count":0,"href":"https:\/\/diariodominicano.com\/index.php?rest_route=\/wp\/v2\/posts\/99314\/revisions"}],"wp:attachment":[{"href":"https:\/\/diariodominicano.com\/index.php?rest_route=%2Fwp%2Fv2%2Fmedia&parent=99314"}],"wp:term":[{"taxonomy":"category","embeddable":true,"href":"https:\/\/diariodominicano.com\/index.php?rest_route=%2Fwp%2Fv2%2Fcategories&post=99314"},{"taxonomy":"post_tag","embeddable":true,"href":"https:\/\/diariodominicano.com\/index.php?rest_route=%2Fwp%2Fv2%2Ftags&post=99314"}],"curies":[{"name":"wp","href":"https:\/\/api.w.org\/{rel}","templated":true}]}}