{"id":99313,"date":"2013-09-26T15:44:12","date_gmt":"2013-09-26T15:44:12","guid":{"rendered":"http:\/\/diariodominicano.ddns.net\/?p=99313"},"modified":"2013-09-26T15:44:12","modified_gmt":"2013-09-26T15:44:12","slug":"avanza-la-licitacion-de-dos-nuevas-plantas-a-carbon-de-300-megavatios-en-la-provincia-peravia","status":"publish","type":"post","link":"https:\/\/diariodominicano.com\/?p=99313","title":{"rendered":"Avanza la licitaci\u00f3n de dos nuevas plantas a carb\u00f3n de 300 megavatios en la provincia Peravia"},"content":{"rendered":"<p><body><\/p>\n<p><img decoding=\"async\" src=\"img3\/cde 26.jpg\" \/>  <\/p>\n<p>Santo Domingo RD 26 septiembre.- La matriz de la generaci\u00f3n el\u00e9ctrica ser\u00e1 sometida a una significativa transformaci\u00f3n, con la ejecuci\u00f3n de varios proyectos que ha puesto en marcha la Corporaci\u00f3n Dominicana de Empresas El\u00e9ctricas Estatales (CDEEE).<\/p>\n<\/p>\n<p>La informaci\u00f3n la ofreci\u00f3   el vicepresidente  ejecutivo de la CDEEE, Rub\u00e9n Jim\u00e9nez Bichara, quien detall\u00f3 los pasos que se realizan, en adici\u00f3n a los avances en la licitaci\u00f3n de dos nuevas plantas a carb\u00f3n de 300 megavatios en la provincia Peravia.<\/p>\n<\/p>\n<p>\u00abSe firm\u00f3 un Memor\u00e1ndum de Entendimiento con la Sociedad Itabo S.A, para la realizaci\u00f3n de una inversi\u00f3n conjunta para el desarrollo de una central t\u00e9rmica de 300 megavatios\u00bb, destac\u00f3, de la cual se prev\u00e9 que en los pr\u00f3ximos meses se terminen los estudios necesarios para  hacer la licitaci\u00f3n.<\/p>\n<\/p>\n<p>Otra inversi\u00f3n en generaci\u00f3n es la construcci\u00f3n y conversi\u00f3n de plantas a gas natural, de la cual se encuentra en proceso una negociaci\u00f3n con la empresa CESPM para la conversi\u00f3n de la central Cogentrix, inform\u00f3 Rub\u00e9n Bichara.<\/p>\n<\/p>\n<p>Del lado de los proyectos que ejecutan la Empresa Hidroel\u00e9ctrica (Egehid) y la Unidad de Electrificaci\u00f3n Rural y Sub-Urbana (UERS) han insertado al sistema el\u00e9ctrico nacional 252 megavatios con la puesta en operaci\u00f3n de la central hidroel\u00e9ctrica Aguacate y ocho micro-centrales m\u00e1s.<\/p>\n<\/p>\n<p>Las EGEHID y la UERS ejecutan seis  y 21 proyectos, respectivamente, de los cuales podr\u00e1n beneficiarse m\u00e1s de 2 mil familias con la adici\u00f3n de m\u00e1s generaci\u00f3n y mejoras en las redes el\u00e9ctricas para el flujo de potencia.<\/p>\n<\/p>\n<p> Jim\u00e9nez Bichara anunci\u00f3 que la Empresa de Transmisi\u00f3n (ETED) ya tiene preparados los proyectos de transmisi\u00f3n que permitir\u00e1n la expansi\u00f3n de la generaci\u00f3n en la zona Este del pa\u00eds, con una inversi\u00f3n de unos US$97.7 millones.<\/p>\n<\/p>\n<p>De estos proyectos se registran ocho trabajos en l\u00edneas de transmisi\u00f3n y uno en la subestaci\u00f3n de Guerra 345\/138 kilovatios.<\/p>\n<\/p>\n<\/p>\n<h6> 2013-09-26 15:44:12 <\/h6>\n<p><!--\n<link rel=\"stylesheet\" href=\"css\/bootstrap.min.css\">\n\n\n<ul class=\"pagination\">\n\t    \n\t\n\n<li >\n\t<a href='?page_no=14783'>Previous<\/a>\n\t<\/li>\n\n\n       \n    \n\n<li><a href='?page_no=1'>1<\/a><\/li>\n\n\n\n<li><a href='?page_no=2'>2<\/a><\/li>\n\n\n\n<li><a>...<\/a><\/li>\n\n\n\n<li><a href='?page_no=14782'>14782<\/a><\/li>\n\n\n\n<li><a href='?page_no=14783'>14783<\/a><\/li>\n\n\n\n<li class='active'><a>14784<\/a><\/li>\n\n\n\n<li><a href='?page_no=14785'>14785<\/a><\/li>\n\n\n\n<li><a href='?page_no=14786'>14786<\/a><\/li>\n\n\n\n<li><a>...<\/a><\/li>\n\n\n\n<li><a href='?page_no=30472'>30472<\/a><\/li>\n\n\n\n<li><a href='?page_no=30473'>30473<\/a><\/li>\n\n    \n\t\n\n<li >\n\t<a href='?page_no=14785'>Next<\/a>\n\t<\/li>\n\n\n    \n\n<li><a href='?page_no=30473'>Last &rsaquo;&rsaquo;<\/a><\/li>\n\n<\/ul>\n\n\n--><br \/>\n<\/body><\/p>\n","protected":false},"excerpt":{"rendered":"<p>Santo Domingo RD 26 septiembre.- La matriz de la generaci\u00f3n el\u00e9ctrica ser\u00e1 sometida a una significativa transformaci\u00f3n, con la ejecuci\u00f3n de varios proyectos que ha puesto en marcha la Corporaci\u00f3n Dominicana de Empresas El\u00e9ctricas Estatales (CDEEE). La informaci\u00f3n la ofreci\u00f3 el vicepresidente ejecutivo de la CDEEE, Rub\u00e9n Jim\u00e9nez Bichara, quien detall\u00f3 los pasos que se [&hellip;]<\/p>\n","protected":false},"author":3,"featured_media":0,"comment_status":"open","ping_status":"open","sticky":false,"template":"","format":"standard","meta":{"footnotes":""},"categories":[18],"tags":[],"class_list":["post-99313","post","type-post","status-publish","format-standard","hentry","category-economia"],"_links":{"self":[{"href":"https:\/\/diariodominicano.com\/index.php?rest_route=\/wp\/v2\/posts\/99313","targetHints":{"allow":["GET"]}}],"collection":[{"href":"https:\/\/diariodominicano.com\/index.php?rest_route=\/wp\/v2\/posts"}],"about":[{"href":"https:\/\/diariodominicano.com\/index.php?rest_route=\/wp\/v2\/types\/post"}],"author":[{"embeddable":true,"href":"https:\/\/diariodominicano.com\/index.php?rest_route=\/wp\/v2\/users\/3"}],"replies":[{"embeddable":true,"href":"https:\/\/diariodominicano.com\/index.php?rest_route=%2Fwp%2Fv2%2Fcomments&post=99313"}],"version-history":[{"count":0,"href":"https:\/\/diariodominicano.com\/index.php?rest_route=\/wp\/v2\/posts\/99313\/revisions"}],"wp:attachment":[{"href":"https:\/\/diariodominicano.com\/index.php?rest_route=%2Fwp%2Fv2%2Fmedia&parent=99313"}],"wp:term":[{"taxonomy":"category","embeddable":true,"href":"https:\/\/diariodominicano.com\/index.php?rest_route=%2Fwp%2Fv2%2Fcategories&post=99313"},{"taxonomy":"post_tag","embeddable":true,"href":"https:\/\/diariodominicano.com\/index.php?rest_route=%2Fwp%2Fv2%2Ftags&post=99313"}],"curies":[{"name":"wp","href":"https:\/\/api.w.org\/{rel}","templated":true}]}}