{"id":99311,"date":"2013-09-26T17:22:42","date_gmt":"2013-09-26T17:22:42","guid":{"rendered":"http:\/\/diariodominicano.ddns.net\/?p=99311"},"modified":"2013-09-26T17:22:42","modified_gmt":"2013-09-26T17:22:42","slug":"licitaran-activos-y-pasivos-de-la-asociacion-maguana","status":"publish","type":"post","link":"https:\/\/diariodominicano.com\/?p=99311","title":{"rendered":"Licitar\u00e1n activos y pasivos de la Asociaci\u00f3n Maguana"},"content":{"rendered":"<p><body><\/p>\n<p><img decoding=\"async\" src=\"img3\/camilo.jpg\" \/>  <\/p>\n<p><span class=\"text1noticias\">Santo Domingo, RD, 26 de Septiembre.-El Superintendente de Bancos, Rafael Camilo anunci\u00f3 que la semana entrante la Superintendencia de Bancos licitar\u00e1 los activos y pasivos de la Asociaci\u00f3n Maguana de Ahorros y Pr\u00e9stamos, entidad intervenida por la instituci\u00f3n supervisora, lo que reafirma que los fondos de los depositantes est\u00e1n garantizados.<\/span><\/p>\n<\/p>\n<p><span class=\"text1noticias\">Camilo revel\u00f3 que al menos seis entidades de intermediaci\u00f3n financiera participar\u00e1n en la licitaci\u00f3n para adquirir los activos y pasivos de la Asociaci\u00f3n Maguana de Ahorros y Pr\u00e9stamos.<\/span><\/p>\n<\/p>\n<p><span class=\"text1noticias\">Destac\u00f3 que los activos de esa entidad sobrepasan los mil millones de pesos, mientras que su cartera de cr\u00e9dito es de 800 millones de pesos, \u00abpor lo que hay fondos m\u00e1s que suficientes para resarcir a los ahorristas que asi lo deseen\u00bb.<\/span><\/p>\n<\/p>\n<p><span class=\"text1noticias\">Sin embargo, Camilo signific\u00f3 que con la licitaci\u00f3n que se efectuar\u00e1 la semana entrante, lo m\u00e1s probable es que la inmensa mayor\u00eda de los ahorristas opten por continuar como clientes en las nuevas condiciones.<\/span><\/p>\n<\/p>\n<p><span class=\"text1noticias\">Precis\u00f3 que en el manejo de la Asociaci\u00f3n Maguana no se verific\u00f3 la comisi\u00f3n de fraudes, malversaci\u00f3n de fondos, doble contabilidad,  ni ninguna otra clase de irregularidad por parte de los ejecutivos de esa entidad, sino que lo que desencaden\u00f3 la crisis fue una situaci\u00f3n de mala gerencia.<\/span><\/p>\n<\/p>\n<p><span class=\"text1noticias\">En otro orden,  Rafael Camilo, consider\u00f3 equilibrado y muy bueno el Proyecto de Presupuesto Nacional para el a\u00f1o 2014 presentado por el Gobierno, y consider\u00f3 que al dar prioridad a la inversi\u00f3n en Educaci\u00f3n, Infraestructuras y en al Gasto Social, se constituir\u00e1 en principal instrumento para impulsar el desarrollo del pa\u00eds.<\/span><\/p>\n<\/p>\n<p><span class=\"text1noticias\">Camilo observ\u00f3 que el Presupuesto acordado incorpora un aumento prudente en su monto, y que traza las prioridades de la presente gesti\u00f3n que encabeza el presidente Danilo Medina, en los \u00f3rdenes de la ense\u00f1anza p\u00fablica, la construcci\u00f3n de obras necesarias para el desarrollo de la econom\u00eda y el orden social, al colocar al ser humano como eje de la inversi\u00f3n p\u00fablica.<\/span><\/p>\n<\/p>\n<p><span class=\"text1noticias\">\u00abBueno, muy bueno, es un aumento moderado en el Presupuesto, para tener un gasto equilibrado proyectado hac\u00eda el a\u00f1o 2016, cuando concluye el presente cuatrienio, o un super\u00e1vit primario despu\u00e9s de cumplir con los pagos de la deuda p\u00fablica\u00bb, enfatiz\u00f3.<\/span><\/p>\n<\/p>\n<p><span class=\"text1noticias\">Se\u00f1al\u00f3 que en los Presupuestos que planifican y ejecutan,  los gobiernos por lo regular trazan l\u00edneas maestras a seguir, y que en el caso de esta gesti\u00f3n est\u00e1 claro que pone en primer lugar a la Educaci\u00f3n como eje del desarrollo, al tiempo de establecer la importancia de crear infraestructuras y profundizar en el gasto social.<\/span><\/p>\n<\/p>\n<p><span class=\"text1noticias\">Explic\u00f3 que desde hace m\u00e1s de un a\u00f1o, la Superintendencia de Bancos detect\u00f3 deficiencias gerenciales en la entidad,  y encontr\u00f3 que el  Consejo de Administraci\u00f3n no se involucraba de manera eficiente en buscar soluciones al problema, pero que los esfuerzos para corregir la situaci\u00f3n no pudieron revertirla, por lo que se decidi\u00f3 intervenirla.<\/span><\/p>\n<\/p>\n<p><span class=\"text1noticias\"> \u00abHay dinero suficiente en cartera de cr\u00e9dito y captaciones para responder a todos los ahorristas que as\u00ed lo decidan, pero es importante que atiendan al anuncio de que la pr\u00f3xima semana licitaremos los activos de la Asociaci\u00f3n Maguana, que han despertado el inter\u00e9s de varias entidades financieras\u00bb, subray\u00f3.<\/span><\/p>\n<\/p>\n<p><span class=\"text1noticias\">Adelant\u00f3 que mientras se concluye el proceso, los ahorristas devengar\u00e1n los intereses correspondientes a sus dep\u00f3sitos, ya que la intervenci\u00f3n de la Superintendencia de Bancos  as\u00ed lo garantiza.(HG)<\/span>.<\/p>\n<h6> 2013-09-26 17:22:42 <\/h6>\n<p><!--\n<link rel=\"stylesheet\" href=\"css\/bootstrap.min.css\">\n\n\n<ul class=\"pagination\">\n\t    \n\t\n\n<li >\n\t<a href='?page_no=14781'>Previous<\/a>\n\t<\/li>\n\n\n       \n    \n\n<li><a href='?page_no=1'>1<\/a><\/li>\n\n\n\n<li><a href='?page_no=2'>2<\/a><\/li>\n\n\n\n<li><a>...<\/a><\/li>\n\n\n\n<li><a href='?page_no=14780'>14780<\/a><\/li>\n\n\n\n<li><a href='?page_no=14781'>14781<\/a><\/li>\n\n\n\n<li class='active'><a>14782<\/a><\/li>\n\n\n\n<li><a href='?page_no=14783'>14783<\/a><\/li>\n\n\n\n<li><a href='?page_no=14784'>14784<\/a><\/li>\n\n\n\n<li><a>...<\/a><\/li>\n\n\n\n<li><a href='?page_no=30472'>30472<\/a><\/li>\n\n\n\n<li><a href='?page_no=30473'>30473<\/a><\/li>\n\n    \n\t\n\n<li >\n\t<a href='?page_no=14783'>Next<\/a>\n\t<\/li>\n\n\n    \n\n<li><a href='?page_no=30473'>Last &rsaquo;&rsaquo;<\/a><\/li>\n\n<\/ul>\n\n\n--><br \/>\n<\/body><\/p>\n","protected":false},"excerpt":{"rendered":"<p>Santo Domingo, RD, 26 de Septiembre.-El Superintendente de Bancos, Rafael Camilo anunci\u00f3 que la semana entrante la Superintendencia de Bancos licitar\u00e1 los activos y pasivos de la Asociaci\u00f3n Maguana de Ahorros y Pr\u00e9stamos, entidad intervenida por la instituci\u00f3n supervisora, lo que reafirma que los fondos de los depositantes est\u00e1n garantizados. Camilo revel\u00f3 que al menos [&hellip;]<\/p>\n","protected":false},"author":3,"featured_media":0,"comment_status":"open","ping_status":"open","sticky":false,"template":"","format":"standard","meta":{"footnotes":""},"categories":[18],"tags":[],"class_list":["post-99311","post","type-post","status-publish","format-standard","hentry","category-economia"],"_links":{"self":[{"href":"https:\/\/diariodominicano.com\/index.php?rest_route=\/wp\/v2\/posts\/99311","targetHints":{"allow":["GET"]}}],"collection":[{"href":"https:\/\/diariodominicano.com\/index.php?rest_route=\/wp\/v2\/posts"}],"about":[{"href":"https:\/\/diariodominicano.com\/index.php?rest_route=\/wp\/v2\/types\/post"}],"author":[{"embeddable":true,"href":"https:\/\/diariodominicano.com\/index.php?rest_route=\/wp\/v2\/users\/3"}],"replies":[{"embeddable":true,"href":"https:\/\/diariodominicano.com\/index.php?rest_route=%2Fwp%2Fv2%2Fcomments&post=99311"}],"version-history":[{"count":0,"href":"https:\/\/diariodominicano.com\/index.php?rest_route=\/wp\/v2\/posts\/99311\/revisions"}],"wp:attachment":[{"href":"https:\/\/diariodominicano.com\/index.php?rest_route=%2Fwp%2Fv2%2Fmedia&parent=99311"}],"wp:term":[{"taxonomy":"category","embeddable":true,"href":"https:\/\/diariodominicano.com\/index.php?rest_route=%2Fwp%2Fv2%2Fcategories&post=99311"},{"taxonomy":"post_tag","embeddable":true,"href":"https:\/\/diariodominicano.com\/index.php?rest_route=%2Fwp%2Fv2%2Ftags&post=99311"}],"curies":[{"name":"wp","href":"https:\/\/api.w.org\/{rel}","templated":true}]}}