{"id":99310,"date":"2013-09-26T17:30:30","date_gmt":"2013-09-26T17:30:30","guid":{"rendered":"http:\/\/diariodominicano.ddns.net\/?p=99310"},"modified":"2013-09-26T17:30:30","modified_gmt":"2013-09-26T17:30:30","slug":"rd-y-francia-suscriben-convenio-por-500-mil-euros","status":"publish","type":"post","link":"https:\/\/diariodominicano.com\/?p=99310","title":{"rendered":"RD y Francia suscriben convenio por 500 mil euros"},"content":{"rendered":"<p><body><\/p>\n<p><img decoding=\"async\" src=\"img3\/acuerdo.jpg\" \/>  <\/p>\n<p><span class=\"text1noticias\">Santo Domingo, RD, 26 de Septiembre.-La Rep\u00fablica Dominicana suscribi\u00f3 este jueves en el Palacio Nacional un convenio de financiaci\u00f3n con Francia por medio mill\u00f3n de euros para estudios que permitir\u00e1n extender la intervenci\u00f3n gubernamental de readecuaci\u00f3n de los asentamientos humanos de La Barquita y otros barrios a orillas de los r\u00edos Ozama e Isabela, muy vulnerables a los fen\u00f3menos atmosf\u00e9ricos.<\/span><\/p>\n<\/p>\n<p><span class=\"text1noticias\">El convenio, Fondo de Estudio y de Fortalecimiento de Capacidades, lo suscribieron en su despacho, el ministro de Econom\u00eda, Planificaci\u00f3n y Desarrollo, Tem\u00edstocles Mont\u00e1s; acompa\u00f1ado del vice ministro de Planificaci\u00f3n, Juan Tom\u00e1s Monegro y el director de Cooperaci\u00f3n Bilateral, Nelson Valdez.<\/span><\/p>\n<\/p>\n<p><span class=\"text1noticias\">Por  Francia lo suscribieron su embajadora en el pa\u00eds, Blandine Kreiss, y el director de la Agencia Francesa de Desarrollo en el pa\u00eds, Giles Genre- Grandpierre, inform\u00f3 la Unidad de Comunicaciones del Ministerio.<\/span><\/p>\n<\/p>\n<p><span class=\"text1noticias\">Mont\u00e1s inform\u00f3 que el gobierno del presidente Danilo Medina ya comenz\u00f3 su pol\u00edtica de saneamiento del r\u00edo Ozama mediante la asignaci\u00f3n de recursos en el presupuesto del pr\u00f3ximo a\u00f1o para los trabajos en La Barquita.<\/span><\/p>\n<\/p>\n<p><span class=\"text1noticias\">Tambi\u00e9n inform\u00f3 que con la cooperaci\u00f3n financiera no reembolsable se trabaja en el estudio e implementaci\u00f3n del proyecto e\u00f3lico de 30 megavatios en Tierra Nueva, provincia Independencia y en el proyecto de relleno sanitario en Los Bajos de Haina, provincia de San Crist\u00f3bal.<\/span><\/p>\n<\/p>\n<p><span class=\"text1noticias\">El ministro dijo que se trata de que la Agencia Francesa de Cooperaci\u00f3n financie esos proyectos y otros como el de apoyo al desarrollo de la ciudad de Santiago y la construcci\u00f3n de una escuela de hoteler\u00eda en Higuey propuesta por Instituto de Formaci\u00f3n T\u00e9cnico Profesional (Infotep), inversi\u00f3n que conlleva cuatro millones de euros.<\/span><\/p>\n<\/p>\n<p><span class=\"text1noticias\">Tambi\u00e9n la posibilidad de financiar el proyecto de apoyo a la implementaci\u00f3n del plan maestro de la Corporaci\u00f3n del Acueducto y Alcantarillado de Santo Domingo y US$230 millones para el programa de transporte colectivo de santo domingo.<\/span><\/p>\n<\/p>\n<p><span class=\"text1noticias\">La embajadora Kreiss dijo que luego de la financiaci\u00f3n de los estudios para determinar el impacto ambiental y la ordenaci\u00f3n de las orillas del r\u00edo Ozama, Francia considerar\u00e1 la posibilidad de financiar proyectos concretos en ese sentido.<\/span><\/p>\n<\/p>\n<p><span class=\"text1noticias\"> El director de la Agencia Francesa de Desarrollo consider\u00f3 que esta relaci\u00f3n con la Rep\u00fablica Dominicana, comenzada a mediados de los a\u00f1os noventas, va m\u00e1s all\u00e1, un ejemplo de cooperaci\u00f3n bilateral con Francia para las dem\u00e1s naciones de la regi\u00f3n.<\/span><\/p>\n<\/p>\n<p><span class=\"text1noticias\">En el acto de firma estuvieron adem\u00e1s el vice ministro de Planificaci\u00f3n del Ministerio de Econom\u00eda, Planificaci\u00f3n y Desarrollo, Juan Tom\u00e1s Monegro, y el director de Cooperaci\u00f3n Bilateral, Nelson Valdez, quien introdujo la ceremonia.(HG)<\/span>.<\/p>\n<\/p>\n<\/p>\n<\/p>\n<\/p>\n<h6> 2013-09-26 17:30:30 <\/h6>\n<p><!--\n<link rel=\"stylesheet\" href=\"css\/bootstrap.min.css\">\n\n\n<ul class=\"pagination\">\n\t    \n\t\n\n<li >\n\t<a href='?page_no=14780'>Previous<\/a>\n\t<\/li>\n\n\n       \n    \n\n<li><a href='?page_no=1'>1<\/a><\/li>\n\n\n\n<li><a href='?page_no=2'>2<\/a><\/li>\n\n\n\n<li><a>...<\/a><\/li>\n\n\n\n<li><a href='?page_no=14779'>14779<\/a><\/li>\n\n\n\n<li><a href='?page_no=14780'>14780<\/a><\/li>\n\n\n\n<li class='active'><a>14781<\/a><\/li>\n\n\n\n<li><a href='?page_no=14782'>14782<\/a><\/li>\n\n\n\n<li><a href='?page_no=14783'>14783<\/a><\/li>\n\n\n\n<li><a>...<\/a><\/li>\n\n\n\n<li><a href='?page_no=30472'>30472<\/a><\/li>\n\n\n\n<li><a href='?page_no=30473'>30473<\/a><\/li>\n\n    \n\t\n\n<li >\n\t<a href='?page_no=14782'>Next<\/a>\n\t<\/li>\n\n\n    \n\n<li><a href='?page_no=30473'>Last &rsaquo;&rsaquo;<\/a><\/li>\n\n<\/ul>\n\n\n--><br \/>\n<\/body><\/p>\n","protected":false},"excerpt":{"rendered":"<p>Santo Domingo, RD, 26 de Septiembre.-La Rep\u00fablica Dominicana suscribi\u00f3 este jueves en el Palacio Nacional un convenio de financiaci\u00f3n con Francia por medio mill\u00f3n de euros para estudios que permitir\u00e1n extender la intervenci\u00f3n gubernamental de readecuaci\u00f3n de los asentamientos humanos de La Barquita y otros barrios a orillas de los r\u00edos Ozama e Isabela, muy [&hellip;]<\/p>\n","protected":false},"author":3,"featured_media":0,"comment_status":"open","ping_status":"open","sticky":false,"template":"","format":"standard","meta":{"footnotes":""},"categories":[18],"tags":[],"class_list":["post-99310","post","type-post","status-publish","format-standard","hentry","category-economia"],"_links":{"self":[{"href":"https:\/\/diariodominicano.com\/index.php?rest_route=\/wp\/v2\/posts\/99310","targetHints":{"allow":["GET"]}}],"collection":[{"href":"https:\/\/diariodominicano.com\/index.php?rest_route=\/wp\/v2\/posts"}],"about":[{"href":"https:\/\/diariodominicano.com\/index.php?rest_route=\/wp\/v2\/types\/post"}],"author":[{"embeddable":true,"href":"https:\/\/diariodominicano.com\/index.php?rest_route=\/wp\/v2\/users\/3"}],"replies":[{"embeddable":true,"href":"https:\/\/diariodominicano.com\/index.php?rest_route=%2Fwp%2Fv2%2Fcomments&post=99310"}],"version-history":[{"count":0,"href":"https:\/\/diariodominicano.com\/index.php?rest_route=\/wp\/v2\/posts\/99310\/revisions"}],"wp:attachment":[{"href":"https:\/\/diariodominicano.com\/index.php?rest_route=%2Fwp%2Fv2%2Fmedia&parent=99310"}],"wp:term":[{"taxonomy":"category","embeddable":true,"href":"https:\/\/diariodominicano.com\/index.php?rest_route=%2Fwp%2Fv2%2Fcategories&post=99310"},{"taxonomy":"post_tag","embeddable":true,"href":"https:\/\/diariodominicano.com\/index.php?rest_route=%2Fwp%2Fv2%2Ftags&post=99310"}],"curies":[{"name":"wp","href":"https:\/\/api.w.org\/{rel}","templated":true}]}}