{"id":99309,"date":"2013-09-26T17:45:50","date_gmt":"2013-09-26T17:45:50","guid":{"rendered":"http:\/\/diariodominicano.ddns.net\/?p=99309"},"modified":"2013-09-26T17:45:50","modified_gmt":"2013-09-26T17:45:50","slug":"presidente-danilo-medina-recibe-a-empresarios-chinos-interesados-en-invertir-en-rd","status":"publish","type":"post","link":"https:\/\/diariodominicano.com\/?p=99309","title":{"rendered":"Presidente Danilo  Medina recibe a empresarios chinos interesados en  invertir en RD"},"content":{"rendered":"<p><body><\/p>\n<p><img decoding=\"async\" src=\"img3\/chinos.jpg\" \/>  <\/p>\n<p><span class=\"text1noticias\">Santo Domingo, RD, 26 de septiembre de 2013.-Una nutrida delegaci\u00f3n de empresarios de la Rep\u00fablica Popular China fue recibida esta ma\u00f1ana por el presidente Danilo Medina en su despacho.<\/span><\/p>\n<\/p>\n<p><span class=\"text1noticias\">Yu Ping, vicepresidente del Consejo Chino de Promoci\u00f3n del Comercio Internacional y quien encabez\u00f3 el grupo, inform\u00f3 al Jefe del Estado sobre la presencia en territorio nacional de 87 empresarios de su pa\u00eds que representan m\u00e1s de 40 empresas de diferentes ramas industriales, que participan en la V Exposici\u00f3n Comercial de China Popular en la Rep\u00fablica Dominicana.<\/span><\/p>\n<\/p>\n<p><strong><span class=\"text1noticias\">Manifiestan inter\u00e9s de invertir en RD<\/span><\/strong><\/p>\n<\/p>\n<p><span class=\"text1noticias\">Al hablar sobre los temas tratados durante el encuentro, la representante de la Rep\u00fablica Dominicana en Beijing, Rosa Ng B\u00e1ez, resalt\u00f3 que los empresarios chinos manifestaron su inter\u00e9s de invertir en el pa\u00eds, por lo que exploran oportunidades de negocio en diferentes ramas industriales.<\/span><\/p>\n<p><span class=\"text1noticias\"> <\/span><\/p>\n<p><span class=\"text1noticias\">\u00abAdem\u00e1s de esto, en el Foro de Negocios que se va a dar el d\u00eda 27 a las 10 de la ma\u00f1ana habr\u00e1 una serie de intercambios entre empresarios dominicanos y empresarios chinos para ver las condiciones de inversi\u00f3n de nuestro pa\u00eds\u00bb, precis\u00f3 Ng B\u00e1ez.<\/span><\/p>\n<\/p>\n<p><span class=\"text1noticias\">Afirm\u00f3 que Medina se mostr\u00f3 muy receptivo con la visita y resalt\u00f3 que es la primera vez que vienen tantos empresarios de China Popular al pa\u00eds, \u00aba darle testimonio de que China s\u00ed quiere invertir en el pa\u00eds, aunque no tengamos las relaciones diplom\u00e1ticas\u00bb.<\/span><\/p>\n<\/p>\n<p><span class=\"text1noticias\">Exposici\u00f3n comercial<\/span><\/p>\n<\/p>\n<p><span class=\"text1noticias\">El grupo, que asisti\u00f3 a la Casa de Gobierno por invitaci\u00f3n del ministro de Econom\u00eda, Planificaci\u00f3n y Desarrollo, Tem\u00edstocles Mont\u00e1s, forma parte de los 87 empresarios cuyas firmas participan referida exposici\u00f3n comercial que se desarrolla en el hotel Dominican Fiesta.<\/span><\/p>\n<\/p>\n<p><span class=\"text1noticias\">En el encuentro con el Primer Mandatario estuvieron presentes adem\u00e1s el senador por Monte Plata, Charlie Mariotti y Nelly P\u00e9rez, viceministra de Relaciones Exteriores, entre otros importantes funcionarios del ministerio de Econom\u00eda, Planificaci\u00f3n y Desarrollo.(HG)<\/span>.<\/p>\n<h6> 2013-09-26 17:45:50 <\/h6>\n<p><!--\n<link rel=\"stylesheet\" href=\"css\/bootstrap.min.css\">\n\n\n<ul class=\"pagination\">\n\t    \n\t\n\n<li >\n\t<a href='?page_no=14779'>Previous<\/a>\n\t<\/li>\n\n\n       \n    \n\n<li><a href='?page_no=1'>1<\/a><\/li>\n\n\n\n<li><a href='?page_no=2'>2<\/a><\/li>\n\n\n\n<li><a>...<\/a><\/li>\n\n\n\n<li><a href='?page_no=14778'>14778<\/a><\/li>\n\n\n\n<li><a href='?page_no=14779'>14779<\/a><\/li>\n\n\n\n<li class='active'><a>14780<\/a><\/li>\n\n\n\n<li><a href='?page_no=14781'>14781<\/a><\/li>\n\n\n\n<li><a href='?page_no=14782'>14782<\/a><\/li>\n\n\n\n<li><a>...<\/a><\/li>\n\n\n\n<li><a href='?page_no=30472'>30472<\/a><\/li>\n\n\n\n<li><a href='?page_no=30473'>30473<\/a><\/li>\n\n    \n\t\n\n<li >\n\t<a href='?page_no=14781'>Next<\/a>\n\t<\/li>\n\n\n    \n\n<li><a href='?page_no=30473'>Last &rsaquo;&rsaquo;<\/a><\/li>\n\n<\/ul>\n\n\n--><br \/>\n<\/body><\/p>\n","protected":false},"excerpt":{"rendered":"<p>Santo Domingo, RD, 26 de septiembre de 2013.-Una nutrida delegaci\u00f3n de empresarios de la Rep\u00fablica Popular China fue recibida esta ma\u00f1ana por el presidente Danilo Medina en su despacho. Yu Ping, vicepresidente del Consejo Chino de Promoci\u00f3n del Comercio Internacional y quien encabez\u00f3 el grupo, inform\u00f3 al Jefe del Estado sobre la presencia en territorio [&hellip;]<\/p>\n","protected":false},"author":3,"featured_media":0,"comment_status":"open","ping_status":"open","sticky":false,"template":"","format":"standard","meta":{"footnotes":""},"categories":[18],"tags":[],"class_list":["post-99309","post","type-post","status-publish","format-standard","hentry","category-economia"],"_links":{"self":[{"href":"https:\/\/diariodominicano.com\/index.php?rest_route=\/wp\/v2\/posts\/99309","targetHints":{"allow":["GET"]}}],"collection":[{"href":"https:\/\/diariodominicano.com\/index.php?rest_route=\/wp\/v2\/posts"}],"about":[{"href":"https:\/\/diariodominicano.com\/index.php?rest_route=\/wp\/v2\/types\/post"}],"author":[{"embeddable":true,"href":"https:\/\/diariodominicano.com\/index.php?rest_route=\/wp\/v2\/users\/3"}],"replies":[{"embeddable":true,"href":"https:\/\/diariodominicano.com\/index.php?rest_route=%2Fwp%2Fv2%2Fcomments&post=99309"}],"version-history":[{"count":0,"href":"https:\/\/diariodominicano.com\/index.php?rest_route=\/wp\/v2\/posts\/99309\/revisions"}],"wp:attachment":[{"href":"https:\/\/diariodominicano.com\/index.php?rest_route=%2Fwp%2Fv2%2Fmedia&parent=99309"}],"wp:term":[{"taxonomy":"category","embeddable":true,"href":"https:\/\/diariodominicano.com\/index.php?rest_route=%2Fwp%2Fv2%2Fcategories&post=99309"},{"taxonomy":"post_tag","embeddable":true,"href":"https:\/\/diariodominicano.com\/index.php?rest_route=%2Fwp%2Fv2%2Ftags&post=99309"}],"curies":[{"name":"wp","href":"https:\/\/api.w.org\/{rel}","templated":true}]}}