{"id":99307,"date":"2013-09-26T17:51:10","date_gmt":"2013-09-26T17:51:10","guid":{"rendered":"http:\/\/diariodominicano.ddns.net\/?p=99307"},"modified":"2013-09-26T17:51:10","modified_gmt":"2013-09-26T17:51:10","slug":"senado-aprueba-nuevo-contrato-estado-barrick-gold","status":"publish","type":"post","link":"https:\/\/diariodominicano.com\/?p=99307","title":{"rendered":"Senado  aprueba nuevo contrato Estado-Barrick-Gold"},"content":{"rendered":"<p><body><\/p>\n<p><span class=\"text1noticias\">Santo Domingo, RD, 26 sep (PL) El Senado dominicano aprob\u00f3 el proyecto de enmienda al contrato del Estado y la minera trasnacional Barrick Gold, y recomend\u00f3 al ministro de la Presidencia, Gustavo Montalvo, el seguimiento de su ejecuci\u00f3n.<\/span><\/p>\n<\/p>\n<p><span class=\"text1noticias\">La comisi\u00f3n bicameral que analiz\u00f3 ayer la iniciativa, tambi\u00e9n sugiri\u00f3 prestar atenci\u00f3n especial a los requerimientos de 600 familias afectadas en la provincia S\u00e1nchez Ram\u00edrez por la explotaci\u00f3n de la mina que opera all\u00ed la empresa mencionada.<\/span><\/p>\n<\/p>\n<p><span class=\"text1noticias\">Hace m\u00e1s de 10 d\u00edas el Poder Ejecutivo hab\u00eda entregado la propuesta de cambios al Congreso despu\u00e9s que culmin\u00f3 la renegociaci\u00f3n del convenio con la Barrick Gold.<\/span><\/p>\n<\/p>\n<p><span class=\"text1noticias\">Despu\u00e9s de las transformaciones al acuerdo, que antes fue ampliamente criticado por diversos sectores, Dominicana recibir\u00e1 11 mil 615 millones de d\u00f3lares en los pr\u00f3ximos 25 a\u00f1os.<\/span><\/p>\n<\/p>\n<p><span class=\"text1noticias\">En opini\u00f3n de Montalvo, la segunda enmienda al convenio clarifica aspectos pendientes del primer paso de cambios en mayo \u00faltimo y aumenta los beneficios y garant\u00edas para el Estado.<\/span><\/p>\n<\/p>\n<p><span class=\"text1noticias\">De esa manera, la minera pagar\u00e1 retroactivamente unos 36 millones 400 mil d\u00f3lares por concepto de impuesto m\u00ednimo a los ingresos brutos de las exportaciones de oro y plata realizadas del 30 de noviembre al 31 de diciembre de 2012.<\/span><\/p>\n<\/p>\n<p><span class=\"text1noticias\">Con los pasos dados, el Gobierno logr\u00f3 aumentar su participaci\u00f3n en el proyecto de 37,1 a 51,3 por ciento, mientras que el protagonismo de la Barrick Gold descendi\u00f3 de 62,9 a 48,7.(HG)<\/span>.<\/p>\n<h6> 2013-09-26 17:51:10 <\/h6>\n<p><!--\n<link rel=\"stylesheet\" href=\"css\/bootstrap.min.css\">\n\n\n<ul class=\"pagination\">\n\t    \n\t\n\n<li >\n\t<a href='?page_no=14778'>Previous<\/a>\n\t<\/li>\n\n\n       \n    \n\n<li><a href='?page_no=1'>1<\/a><\/li>\n\n\n\n<li><a href='?page_no=2'>2<\/a><\/li>\n\n\n\n<li><a>...<\/a><\/li>\n\n\n\n<li><a href='?page_no=14777'>14777<\/a><\/li>\n\n\n\n<li><a href='?page_no=14778'>14778<\/a><\/li>\n\n\n\n<li class='active'><a>14779<\/a><\/li>\n\n\n\n<li><a href='?page_no=14780'>14780<\/a><\/li>\n\n\n\n<li><a href='?page_no=14781'>14781<\/a><\/li>\n\n\n\n<li><a>...<\/a><\/li>\n\n\n\n<li><a href='?page_no=30472'>30472<\/a><\/li>\n\n\n\n<li><a href='?page_no=30473'>30473<\/a><\/li>\n\n    \n\t\n\n<li >\n\t<a href='?page_no=14780'>Next<\/a>\n\t<\/li>\n\n\n    \n\n<li><a href='?page_no=30473'>Last &rsaquo;&rsaquo;<\/a><\/li>\n\n<\/ul>\n\n\n--><br \/>\n<\/body><\/p>\n","protected":false},"excerpt":{"rendered":"<p>Santo Domingo, RD, 26 sep (PL) El Senado dominicano aprob\u00f3 el proyecto de enmienda al contrato del Estado y la minera trasnacional Barrick Gold, y recomend\u00f3 al ministro de la Presidencia, Gustavo Montalvo, el seguimiento de su ejecuci\u00f3n. La comisi\u00f3n bicameral que analiz\u00f3 ayer la iniciativa, tambi\u00e9n sugiri\u00f3 prestar atenci\u00f3n especial a los requerimientos de [&hellip;]<\/p>\n","protected":false},"author":3,"featured_media":0,"comment_status":"open","ping_status":"open","sticky":false,"template":"","format":"standard","meta":{"footnotes":""},"categories":[18],"tags":[],"class_list":["post-99307","post","type-post","status-publish","format-standard","hentry","category-economia"],"_links":{"self":[{"href":"https:\/\/diariodominicano.com\/index.php?rest_route=\/wp\/v2\/posts\/99307","targetHints":{"allow":["GET"]}}],"collection":[{"href":"https:\/\/diariodominicano.com\/index.php?rest_route=\/wp\/v2\/posts"}],"about":[{"href":"https:\/\/diariodominicano.com\/index.php?rest_route=\/wp\/v2\/types\/post"}],"author":[{"embeddable":true,"href":"https:\/\/diariodominicano.com\/index.php?rest_route=\/wp\/v2\/users\/3"}],"replies":[{"embeddable":true,"href":"https:\/\/diariodominicano.com\/index.php?rest_route=%2Fwp%2Fv2%2Fcomments&post=99307"}],"version-history":[{"count":0,"href":"https:\/\/diariodominicano.com\/index.php?rest_route=\/wp\/v2\/posts\/99307\/revisions"}],"wp:attachment":[{"href":"https:\/\/diariodominicano.com\/index.php?rest_route=%2Fwp%2Fv2%2Fmedia&parent=99307"}],"wp:term":[{"taxonomy":"category","embeddable":true,"href":"https:\/\/diariodominicano.com\/index.php?rest_route=%2Fwp%2Fv2%2Fcategories&post=99307"},{"taxonomy":"post_tag","embeddable":true,"href":"https:\/\/diariodominicano.com\/index.php?rest_route=%2Fwp%2Fv2%2Ftags&post=99307"}],"curies":[{"name":"wp","href":"https:\/\/api.w.org\/{rel}","templated":true}]}}