{"id":99306,"date":"2013-09-26T17:58:20","date_gmt":"2013-09-26T17:58:20","guid":{"rendered":"http:\/\/diariodominicano.ddns.net\/?p=99306"},"modified":"2013-09-26T17:58:20","modified_gmt":"2013-09-26T17:58:20","slug":"el-gobierno-central-no-contempla-alza-salarial-para-el-proximo-ano-revela-temo-montas","status":"publish","type":"post","link":"https:\/\/diariodominicano.com\/?p=99306","title":{"rendered":"El Gobierno Central no contempla alza salarial para el pr\u00f3ximo a\u00f1o, revela Temo Montas"},"content":{"rendered":"<p><body><\/p>\n<p><img decoding=\"async\" src=\"img3\/temo.jpg\" \/>  <\/p>\n<p><span class=\"text1noticias\">Por Roberto Rodr\u00edguez<\/span><\/p>\n<\/p>\n<p><span class=\"text1noticias\">Santo Domingo, RD, 26 de Septiembre.-El Gobierno Central no contempla aumento general de salarios para los empleados del Estado en el presupuesto del pr\u00f3ximo , sin embargo , algunas instituciones podr\u00edan recibir alza salarial  tal como la Polic\u00eda Nacional  , seg\u00fan explico el ingeniero Temistocles Montas, del Ministerio de Econom\u00eda, Planificaci\u00f3n y Desarrollo.<\/span><\/p>\n<\/p>\n<p><span class=\"text1noticias\"> El funcionario detall\u00f3 que los recursos del gobierno para el pr\u00f3ximo ano  dan apenas para cumplir con los compromisos fundamentales que tienen las autoridades, como por ejemplo el 4 % del Producto Interno Bruto (PIB) para la educaci\u00f3n, los recursos adicionales asignados a la Corporaci\u00f3n Dominicana de Empresas El\u00e9ctricas Estatales (CDEEE) y el pago de la deuda p\u00fablica.<\/span><\/p>\n<\/p>\n<p><span class=\"text1noticias\">\u00abO sea, esos tres renglones se llevan pr\u00e1cticamente casi la totalidad del incremento del ingreso que tendr\u00e1 el Presupuesto del a\u00f1o que viene y por esa raz\u00f3n no hay manera de producir un incremento (de salarios) el a\u00f1o que viene\u00bb. Sentencio el funcionario, tras ser cuestionado por periodistas en la casa de gobierno.<\/span><\/p>\n<\/p>\n<p><span class=\"text1noticias\">El funcionario explic\u00f3 que solo en el incremento de intereses del pago de la deuda se destinar\u00e1n cerca de 10 mil millones de pesos adicionales que este a\u00f1o. <\/span><\/p>\n<\/p>\n<p><span class=\"text1noticias\">\u00abNo hay manera de poder producir un incremento salarial\u00bb, afirm\u00f3 el ingeniero Temistocles Montas a los periodistas en el Palacio Nacional.<\/span><\/p>\n<p><span class=\"text1noticias\"> Expres\u00f3 que la idea general del Gobierno era que el d\u00e9ficit fuera m\u00e1s bajo y no de 2.8%, pero que debido a que existe esa situaci\u00f3n y que el incremento del ingreso del a\u00f1o da apenas para esos tres renglones no se puede incrementar otros gastos.<\/span><\/p>\n<p><span class=\"text1noticias\">Aclar\u00f3 que en el presupuesto de 605 mil 70.6 millones de pesos se incluye el financiamiento o amortizaci\u00f3n de la deuda p\u00fablica que es de m\u00e1s de 104 mil millones de pesos.<\/span><\/p>\n<\/p>\n<p><span class=\"text1noticias\">\u00abLas operaciones financieras est\u00e1n fuera de lo que se considera el gasto p\u00fablico. No se debe incluir la parte que tiene que ver con las operaciones financieras\u00bb, sostuvo. <\/span><\/p>\n<\/p>\n<p><span class=\"text1noticias\">Dijo que la idea es que lo que el Gobierno paga lo pueda conseguir en financiamiento sin que eso implique incremento de la deuda. <\/span><\/p>\n<\/p>\n<p><span class=\"text1noticias\">\u00abPosiblemente puedan haber algunos sectores, algunas \u00e1reas a lo mejor la Polic\u00eda Nacional se le contemplen algunas mejoras salariales\u00bb, expres\u00f3 e insisti\u00f3 en que \u00abno hay posibilidad de un aumento general de salarios\u00bb.(HG)<\/span>.<\/p>\n<\/p>\n<h6> 2013-09-26 17:58:20 <\/h6>\n<p><!--\n<link rel=\"stylesheet\" href=\"css\/bootstrap.min.css\">\n\n\n<ul class=\"pagination\">\n\t    \n\t\n\n<li >\n\t<a href='?page_no=14777'>Previous<\/a>\n\t<\/li>\n\n\n       \n    \n\n<li><a href='?page_no=1'>1<\/a><\/li>\n\n\n\n<li><a href='?page_no=2'>2<\/a><\/li>\n\n\n\n<li><a>...<\/a><\/li>\n\n\n\n<li><a href='?page_no=14776'>14776<\/a><\/li>\n\n\n\n<li><a href='?page_no=14777'>14777<\/a><\/li>\n\n\n\n<li class='active'><a>14778<\/a><\/li>\n\n\n\n<li><a href='?page_no=14779'>14779<\/a><\/li>\n\n\n\n<li><a href='?page_no=14780'>14780<\/a><\/li>\n\n\n\n<li><a>...<\/a><\/li>\n\n\n\n<li><a href='?page_no=30472'>30472<\/a><\/li>\n\n\n\n<li><a href='?page_no=30473'>30473<\/a><\/li>\n\n    \n\t\n\n<li >\n\t<a href='?page_no=14779'>Next<\/a>\n\t<\/li>\n\n\n    \n\n<li><a href='?page_no=30473'>Last &rsaquo;&rsaquo;<\/a><\/li>\n\n<\/ul>\n\n\n--><br \/>\n<\/body><\/p>\n","protected":false},"excerpt":{"rendered":"<p>Por Roberto Rodr\u00edguez Santo Domingo, RD, 26 de Septiembre.-El Gobierno Central no contempla aumento general de salarios para los empleados del Estado en el presupuesto del pr\u00f3ximo , sin embargo , algunas instituciones podr\u00edan recibir alza salarial tal como la Polic\u00eda Nacional , seg\u00fan explico el ingeniero Temistocles Montas, del Ministerio de Econom\u00eda, Planificaci\u00f3n y [&hellip;]<\/p>\n","protected":false},"author":3,"featured_media":0,"comment_status":"open","ping_status":"open","sticky":false,"template":"","format":"standard","meta":{"footnotes":""},"categories":[18],"tags":[],"class_list":["post-99306","post","type-post","status-publish","format-standard","hentry","category-economia"],"_links":{"self":[{"href":"https:\/\/diariodominicano.com\/index.php?rest_route=\/wp\/v2\/posts\/99306","targetHints":{"allow":["GET"]}}],"collection":[{"href":"https:\/\/diariodominicano.com\/index.php?rest_route=\/wp\/v2\/posts"}],"about":[{"href":"https:\/\/diariodominicano.com\/index.php?rest_route=\/wp\/v2\/types\/post"}],"author":[{"embeddable":true,"href":"https:\/\/diariodominicano.com\/index.php?rest_route=\/wp\/v2\/users\/3"}],"replies":[{"embeddable":true,"href":"https:\/\/diariodominicano.com\/index.php?rest_route=%2Fwp%2Fv2%2Fcomments&post=99306"}],"version-history":[{"count":0,"href":"https:\/\/diariodominicano.com\/index.php?rest_route=\/wp\/v2\/posts\/99306\/revisions"}],"wp:attachment":[{"href":"https:\/\/diariodominicano.com\/index.php?rest_route=%2Fwp%2Fv2%2Fmedia&parent=99306"}],"wp:term":[{"taxonomy":"category","embeddable":true,"href":"https:\/\/diariodominicano.com\/index.php?rest_route=%2Fwp%2Fv2%2Fcategories&post=99306"},{"taxonomy":"post_tag","embeddable":true,"href":"https:\/\/diariodominicano.com\/index.php?rest_route=%2Fwp%2Fv2%2Ftags&post=99306"}],"curies":[{"name":"wp","href":"https:\/\/api.w.org\/{rel}","templated":true}]}}