{"id":99302,"date":"2013-09-27T15:31:54","date_gmt":"2013-09-27T15:31:54","guid":{"rendered":"http:\/\/diariodominicano.ddns.net\/?p=99302"},"modified":"2013-09-27T15:31:54","modified_gmt":"2013-09-27T15:31:54","slug":"la-zona-colonial-tiene-potencial-para-impulsar-el-turismo-en-el-pais","status":"publish","type":"post","link":"https:\/\/diariodominicano.com\/?p=99302","title":{"rendered":"La Zona Colonial tiene potencial para impulsar el turismo en el pa\u00eds"},"content":{"rendered":"<p><body><\/p>\n<p><img decoding=\"async\" src=\"img3\/turismo 27.jpg\" \/>  <\/p>\n<p>Santo Domingo RD 27 septiembre.-Expertos dominicanos y extranjeros que participaron en el seminario \u00abEl Renacimiento de un Centro Hist\u00f3rico\u00bb coinciden en que la Zona Colonial de Rep\u00fablica Dominicana representa un valioso potencial que puede impulsar el turismo en el pa\u00eds. <\/p>\n<\/p>\n<p>El seminario, celebrado en la Pontificia Universidad Cat\u00f3lica Madre y Maestra (PUCMM), se enmarca dentro del programa \u00abSemanas de Espa\u00f1a en la Rep\u00fablica Dominicana\u00bb, que organiza la Embajada de Espa\u00f1a en la Rep\u00fablica Dominicana en colaboraci\u00f3n con m\u00e1s de 30 instituciones y empresas, incluyendo la C\u00e1mara Espa\u00f1ola de Comercio e Industria de la Rep\u00fablica Dominicana y la Casa de Espa\u00f1a.<\/p>\n<\/p>\n<p>El discurso de apertura estuvo a cargo de Monse\u00f1or Agripino N\u00fa\u00f1ez Collado, rector de la PUCMM, quien destac\u00f3 la importancia de realizar inversiones significativas en lo econ\u00f3mico y en lo vivencial, a fin de que la Zona Colonial le aporte a los turistas una experiencia a trav\u00e9s de la visita a sus monumentos y de la interacci\u00f3n con su gente.<\/p>\n<\/p>\n<p>Mientras que el Embajador de Espa\u00f1a, Jaime Lacadena, dijo que la finalidad de ese encuentro es revitalizar los dos mayores centros hist\u00f3ricos que tiene el pa\u00eds, Santo Domingo y Santiago, y a la vez estrechar los lazos de amistad entre ambas naciones.<\/p>\n<\/p>\n<p>Freddy Ginebra, Presidente del Cl\u00faster Tur\u00edstico de Santo Domingo, manifest\u00f3 su alegr\u00eda por la realizaci\u00f3n de este seminario \u00abpues busca rescatar nuestro patrimonio cultural, y mostrar al mundo que vivimos en una ciudad cultural, animada, remozada y que se enorgullece de mostrar su tesoro humano y colonial\u00bb.<\/p>\n<\/p>\n<p>El sector oficial estuvo representado por Fausto Fern\u00e1ndez, Viceministro de Turismo, quien expres\u00f3 que el Ministro de Turismo, Francisco Javier Garc\u00eda, est\u00e1 participando en la exposici\u00f3n internacional IFTM Paris 2013, en la cual est\u00e1 haciendo negociaciones con turoperadores y agentes de viajes que han prometido promocionar a Rep\u00fablica Dominicana, y aumentar la frecuencia de vuelos al pa\u00eds.<\/p>\n<\/p>\n<p>Diana Mart\u00ednez, Directora del Ayuntamiento-Centro Hist\u00f3rico de Santo Domingo, dijo que desde los a\u00f1os 80&#8242; en el pa\u00eds se trabaja con una propuesta tur\u00edstica que fue puesta en marcha en el 2006, y que en este momento, desde el Ayuntamiento del Distrito Nacional se est\u00e1 unificando el turismo con la identidad que muestra la ciudad a trav\u00e9s de su gente, sus calles, y la habitabilidad del lugar, lo cual redundar\u00e1 en el bienestar colectivo.<\/p>\n<\/p>\n<p>Finalmente, Jos\u00e9 Oviedo, director del Centro de Estudios Europeos de la PUCMM y fundador de la iniciativa Santo Domingo Capital Americana de la Cultura 2010, explic\u00f3 que a nivel mundial el abandono de los centros hist\u00f3ricos ha sido una tendencia, pero que en la actualidad el fen\u00f3meno es inverso, y cit\u00f3 los casos de la recuperaci\u00f3n de las ciudades de Lima y La Habana. <\/p>\n<\/p>\n<p>\u00abEn nuestro pa\u00eds debemos avanzar hacia esa meta, convertirnos en un polo competitivo a nivel tur\u00edstico, para lo cual se debe establecer un plan de desarrollo integral, en el que exista una mayor interacci\u00f3n entre el gobierno y la municipalidad, en el que los habitantes se sientan parte de este esfuerzo, y en que la inversi\u00f3n sea sostenible a largo plazo\u00bb, puntualiz\u00f3 Oviedo.<\/p>\n<\/p>\n<p>Desde Espa\u00f1a, el seminario cont\u00f3 con las videoconferencias de Vicente Llorens, Historiador y T\u00e9cnico del Ayuntamiento de Gand\u00eda, principal responsable del Programa de Asesor\u00eda Integral para la Recuperaci\u00f3n del Centro Hist\u00f3rico de Lima; y de Alejandro Marambio, Director T\u00e9cnico del Laboratorio de Modelizaci\u00f3n Virtual de la Ciudad, de la Universidad Polit\u00e9cnica de Catalu\u00f1a.<\/p>\n<h6> 2013-09-27 15:31:54 <\/h6>\n<p><!--\n<link rel=\"stylesheet\" href=\"css\/bootstrap.min.css\">\n\n\n<ul class=\"pagination\">\n\t    \n\t\n\n<li >\n\t<a href='?page_no=14773'>Previous<\/a>\n\t<\/li>\n\n\n       \n    \n\n<li><a href='?page_no=1'>1<\/a><\/li>\n\n\n\n<li><a href='?page_no=2'>2<\/a><\/li>\n\n\n\n<li><a>...<\/a><\/li>\n\n\n\n<li><a href='?page_no=14772'>14772<\/a><\/li>\n\n\n\n<li><a href='?page_no=14773'>14773<\/a><\/li>\n\n\n\n<li class='active'><a>14774<\/a><\/li>\n\n\n\n<li><a href='?page_no=14775'>14775<\/a><\/li>\n\n\n\n<li><a href='?page_no=14776'>14776<\/a><\/li>\n\n\n\n<li><a>...<\/a><\/li>\n\n\n\n<li><a href='?page_no=30472'>30472<\/a><\/li>\n\n\n\n<li><a href='?page_no=30473'>30473<\/a><\/li>\n\n    \n\t\n\n<li >\n\t<a href='?page_no=14775'>Next<\/a>\n\t<\/li>\n\n\n    \n\n<li><a href='?page_no=30473'>Last &rsaquo;&rsaquo;<\/a><\/li>\n\n<\/ul>\n\n\n--><br \/>\n<\/body><\/p>\n","protected":false},"excerpt":{"rendered":"<p>Santo Domingo RD 27 septiembre.-Expertos dominicanos y extranjeros que participaron en el seminario \u00abEl Renacimiento de un Centro Hist\u00f3rico\u00bb coinciden en que la Zona Colonial de Rep\u00fablica Dominicana representa un valioso potencial que puede impulsar el turismo en el pa\u00eds. El seminario, celebrado en la Pontificia Universidad Cat\u00f3lica Madre y Maestra (PUCMM), se enmarca dentro [&hellip;]<\/p>\n","protected":false},"author":3,"featured_media":0,"comment_status":"open","ping_status":"open","sticky":false,"template":"","format":"standard","meta":{"footnotes":""},"categories":[18],"tags":[],"class_list":["post-99302","post","type-post","status-publish","format-standard","hentry","category-economia"],"_links":{"self":[{"href":"https:\/\/diariodominicano.com\/index.php?rest_route=\/wp\/v2\/posts\/99302","targetHints":{"allow":["GET"]}}],"collection":[{"href":"https:\/\/diariodominicano.com\/index.php?rest_route=\/wp\/v2\/posts"}],"about":[{"href":"https:\/\/diariodominicano.com\/index.php?rest_route=\/wp\/v2\/types\/post"}],"author":[{"embeddable":true,"href":"https:\/\/diariodominicano.com\/index.php?rest_route=\/wp\/v2\/users\/3"}],"replies":[{"embeddable":true,"href":"https:\/\/diariodominicano.com\/index.php?rest_route=%2Fwp%2Fv2%2Fcomments&post=99302"}],"version-history":[{"count":0,"href":"https:\/\/diariodominicano.com\/index.php?rest_route=\/wp\/v2\/posts\/99302\/revisions"}],"wp:attachment":[{"href":"https:\/\/diariodominicano.com\/index.php?rest_route=%2Fwp%2Fv2%2Fmedia&parent=99302"}],"wp:term":[{"taxonomy":"category","embeddable":true,"href":"https:\/\/diariodominicano.com\/index.php?rest_route=%2Fwp%2Fv2%2Fcategories&post=99302"},{"taxonomy":"post_tag","embeddable":true,"href":"https:\/\/diariodominicano.com\/index.php?rest_route=%2Fwp%2Fv2%2Ftags&post=99302"}],"curies":[{"name":"wp","href":"https:\/\/api.w.org\/{rel}","templated":true}]}}