{"id":99301,"date":"2013-09-27T15:38:52","date_gmt":"2013-09-27T15:38:52","guid":{"rendered":"http:\/\/diariodominicano.ddns.net\/?p=99301"},"modified":"2013-09-27T15:38:52","modified_gmt":"2013-09-27T15:38:52","slug":"aseguran-que-la-republica-dominicana-es-el-destino-preferido-por-los-franceses","status":"publish","type":"post","link":"https:\/\/diariodominicano.com\/?p=99301","title":{"rendered":"Aseguran que la Rep\u00fablica Dominicana es el destino preferido por los franceses"},"content":{"rendered":"<p><body><\/p>\n<p>Paris, Francia 27 septiembre.- La Rep\u00fablica Dominicana continua siendo el principal destino de larga distancia para los franceses, asegur\u00f3 ayer el ministro de Turismo, Francisco Javier Garc\u00eda, quien indic\u00f3 que \u00abas\u00ed lo demuestran los resultados de las negociaciones\u00bb en la Feria Internacional de Turismo Top Resa 2013.<\/p>\n<\/p>\n<p>\u00abHemos tenido una agenda bien cargada en el d\u00eda de ayer en la que otras dos l\u00edneas a\u00e9reas confirman su presencia en Rep\u00fablica Dominicana, incluyendo nuevos vuelos, y tours operadores de mucha importancia estar\u00e1n vendiendo el destino dominicano por primera vez\u00bb, afirm\u00f3 Garc\u00eda.<\/p>\n<\/p>\n<p>Detall\u00f3 que Air France, principal l\u00ednea francesa, sumar\u00e1 tres nuevos vuelos regulares para el verano del 2014, que se unen a los cinco vuelos a Punta Cana y cuatro a Santo Domingo, que en la actualidad totaliza nueve vuelos.<\/p>\n<\/p>\n<p>Tambi\u00e9n inform\u00f3 que el Ministerio de Turismo y Air France renovaron, por cuarto a\u00f1o consecutivo, el acuerdo de promoci\u00f3n y cooperaci\u00f3n mutua, en el que se involucra todas las oficinas del Ministerio de Turismo de promoci\u00f3n en Europa.<\/p>\n<\/p>\n<p>Adem\u00e1s, la aerol\u00ednea XL incrementar\u00e1 a siete vuelos semanales desde Par\u00eds a Punta Cana, cinco vuelos semanales desde de las principales ciudades de Francia, como son Marsella, Bordeaux, Lyon, Nantes y Toulouse. Su tour operador HELIADES iniciar\u00e1 las ventas de Rep\u00fablica Dominicana.<\/p>\n<\/p>\n<h6> 2013-09-27 15:38:52 <\/h6>\n<p><!--\n<link rel=\"stylesheet\" href=\"css\/bootstrap.min.css\">\n\n\n<ul class=\"pagination\">\n\t    \n\t\n\n<li >\n\t<a href='?page_no=14772'>Previous<\/a>\n\t<\/li>\n\n\n       \n    \n\n<li><a href='?page_no=1'>1<\/a><\/li>\n\n\n\n<li><a href='?page_no=2'>2<\/a><\/li>\n\n\n\n<li><a>...<\/a><\/li>\n\n\n\n<li><a href='?page_no=14771'>14771<\/a><\/li>\n\n\n\n<li><a href='?page_no=14772'>14772<\/a><\/li>\n\n\n\n<li class='active'><a>14773<\/a><\/li>\n\n\n\n<li><a href='?page_no=14774'>14774<\/a><\/li>\n\n\n\n<li><a href='?page_no=14775'>14775<\/a><\/li>\n\n\n\n<li><a>...<\/a><\/li>\n\n\n\n<li><a href='?page_no=30472'>30472<\/a><\/li>\n\n\n\n<li><a href='?page_no=30473'>30473<\/a><\/li>\n\n    \n\t\n\n<li >\n\t<a href='?page_no=14774'>Next<\/a>\n\t<\/li>\n\n\n    \n\n<li><a href='?page_no=30473'>Last &rsaquo;&rsaquo;<\/a><\/li>\n\n<\/ul>\n\n\n--><br \/>\n<\/body><\/p>\n","protected":false},"excerpt":{"rendered":"<p>Paris, Francia 27 septiembre.- La Rep\u00fablica Dominicana continua siendo el principal destino de larga distancia para los franceses, asegur\u00f3 ayer el ministro de Turismo, Francisco Javier Garc\u00eda, quien indic\u00f3 que \u00abas\u00ed lo demuestran los resultados de las negociaciones\u00bb en la Feria Internacional de Turismo Top Resa 2013. \u00abHemos tenido una agenda bien cargada en el [&hellip;]<\/p>\n","protected":false},"author":3,"featured_media":0,"comment_status":"open","ping_status":"open","sticky":false,"template":"","format":"standard","meta":{"footnotes":""},"categories":[18],"tags":[],"class_list":["post-99301","post","type-post","status-publish","format-standard","hentry","category-economia"],"_links":{"self":[{"href":"https:\/\/diariodominicano.com\/index.php?rest_route=\/wp\/v2\/posts\/99301","targetHints":{"allow":["GET"]}}],"collection":[{"href":"https:\/\/diariodominicano.com\/index.php?rest_route=\/wp\/v2\/posts"}],"about":[{"href":"https:\/\/diariodominicano.com\/index.php?rest_route=\/wp\/v2\/types\/post"}],"author":[{"embeddable":true,"href":"https:\/\/diariodominicano.com\/index.php?rest_route=\/wp\/v2\/users\/3"}],"replies":[{"embeddable":true,"href":"https:\/\/diariodominicano.com\/index.php?rest_route=%2Fwp%2Fv2%2Fcomments&post=99301"}],"version-history":[{"count":0,"href":"https:\/\/diariodominicano.com\/index.php?rest_route=\/wp\/v2\/posts\/99301\/revisions"}],"wp:attachment":[{"href":"https:\/\/diariodominicano.com\/index.php?rest_route=%2Fwp%2Fv2%2Fmedia&parent=99301"}],"wp:term":[{"taxonomy":"category","embeddable":true,"href":"https:\/\/diariodominicano.com\/index.php?rest_route=%2Fwp%2Fv2%2Fcategories&post=99301"},{"taxonomy":"post_tag","embeddable":true,"href":"https:\/\/diariodominicano.com\/index.php?rest_route=%2Fwp%2Fv2%2Ftags&post=99301"}],"curies":[{"name":"wp","href":"https:\/\/api.w.org\/{rel}","templated":true}]}}