{"id":99300,"date":"2013-09-28T12:52:09","date_gmt":"2013-09-28T12:52:09","guid":{"rendered":"http:\/\/diariodominicano.ddns.net\/?p=99300"},"modified":"2013-09-28T12:52:09","modified_gmt":"2013-09-28T12:52:09","slug":"ministro-anuncia-un-incremento-en-la-partida-de-inversion","status":"publish","type":"post","link":"https:\/\/diariodominicano.com\/?p=99300","title":{"rendered":"&#13;Ministro anuncia un incremento  en la partida de inversi\u00f3n"},"content":{"rendered":"<p><body><\/p>\n<p><img decoding=\"async\" src=\"img3\/agricultura.jpg\" \/>  <\/p>\n<p><span class=\"text1noticias\">Santo Domingo, RD, 28 de Septiembre.- El ministro de Agricultura, Luis Ram\u00f3n Rodr\u00edguez inform\u00f3 que las inversiones que se ejecutan en programas claves para el desarrollo agropecuario continuar\u00e1n de manera normal porque est\u00e1n contemplados en el presupuesto del 2014 aprobado por el Consejo de Ministros.<\/span><\/p>\n<\/p>\n<p><span class=\"text1noticias\">El funcionario tambi\u00e9n inform\u00f3 que la variaci\u00f3n en las asignaciones solo est\u00e1 consignada en el aspecto de gastos, como parte del esfuerzo que hace el Gobierno para eficientizar las partidas presupuestarias.<\/span><\/p>\n<\/p>\n<p><span class=\"text1noticias\">Rodr\u00edguez dijo que para el 2014, la instituci\u00f3n del agro dispondr\u00e1 de un presupuesto de nueve mil 800 millones de pesos, con un incremento en la partida de inversi\u00f3n, al pasar de 411 millones 446 mil 121 pesos, a 475 millones 884 mil 598 pesos, con una variaci\u00f3n de 64 millones 438 mil 477 pesos.<\/span><\/p>\n<\/p>\n<p><span class=\"text1noticias\">Asegur\u00f3 que el presupuesto de Agricultura para el 2014 garantiza la ejecuci\u00f3n de todos los programas claves que actualmente est\u00e1n en marcha como el de servicio sanitario, que por primera vez recibir\u00e1 una inversi\u00f3n superior a los 180 millones de pesos.<\/span><\/p>\n<\/p>\n<p><span class=\"text1noticias\">El ministro de Agricultura explic\u00f3 que la variaci\u00f3n en el gasto se hizo debido a que este a\u00f1o se logr\u00f3 una mayor eficiencia en el uso de los recursos consignados a este rengl\u00f3n.<\/span><\/p>\n<\/p>\n<p><span class=\"text1noticias\">Entre los programas importantes que el presupuesto del 2014 garantiza su ejecuci\u00f3n, Rodr\u00edguez mencion\u00f3 el de Mercados, Frigor\u00edfico e Invernaderos (Promefr\u00edn), Transici\u00f3n Competitiva Agroalimentaria (Patca) y Mejoramiento de la Sanidad e Inocuidad Agroalimentaria de Rep\u00fablica Dominicana.<\/span><\/p>\n<\/p>\n<p><span class=\"text1noticias\">Tambi\u00e9n el Programa Especial de Seguridad Alimentaria, la Reconversi\u00f3n Agr\u00edcola del Valle de San Juan y el Fomento a la Producci\u00f3n Agr\u00edcola, que incluye todos los servicios de apoyo que ofrece Agricultura a los productores.<\/span><\/p>\n<\/p>\n<p><span class=\"text1noticias\">\u00abContinuaremos rehabilitando los caminos vecinales, y ejecutando todos los programas de apoyo a las agroexportaciones\u00bb, manifest\u00f3 Rodr\u00edguez, tras citar la reconversi\u00f3n agr\u00edcola del valle de San Juan como uno de los proyectos que busca aumentar las exportaciones.<\/span><\/p>\n<\/p>\n<p><span class=\"text1noticias\">Dijo que en esa zona se incrementar\u00e1 la producci\u00f3n de vegetales exportables de invernaderos y se transformar\u00e1 todo el sistema de riego y mecanizaci\u00f3n, para hacer m\u00e1s rentable la actividad productiva.<\/span><\/p>\n<p><span class=\"text1noticias\">\u00abEste presupuesto del 2014 para el sector agropecuario persigue aumentar la competitividad y sacar de la pobreza a peque\u00f1os agricultores de todo el pa\u00eds\u00bb manifest\u00f3.(HG)<\/span>.<\/p>\n<h6> 2013-09-28 12:52:09 <\/h6>\n<p><!--\n<link rel=\"stylesheet\" href=\"css\/bootstrap.min.css\">\n\n\n<ul class=\"pagination\">\n\t    \n\t\n\n<li >\n\t<a href='?page_no=14771'>Previous<\/a>\n\t<\/li>\n\n\n       \n    \n\n<li><a href='?page_no=1'>1<\/a><\/li>\n\n\n\n<li><a href='?page_no=2'>2<\/a><\/li>\n\n\n\n<li><a>...<\/a><\/li>\n\n\n\n<li><a href='?page_no=14770'>14770<\/a><\/li>\n\n\n\n<li><a href='?page_no=14771'>14771<\/a><\/li>\n\n\n\n<li class='active'><a>14772<\/a><\/li>\n\n\n\n<li><a href='?page_no=14773'>14773<\/a><\/li>\n\n\n\n<li><a href='?page_no=14774'>14774<\/a><\/li>\n\n\n\n<li><a>...<\/a><\/li>\n\n\n\n<li><a href='?page_no=30472'>30472<\/a><\/li>\n\n\n\n<li><a href='?page_no=30473'>30473<\/a><\/li>\n\n    \n\t\n\n<li >\n\t<a href='?page_no=14773'>Next<\/a>\n\t<\/li>\n\n\n    \n\n<li><a href='?page_no=30473'>Last &rsaquo;&rsaquo;<\/a><\/li>\n\n<\/ul>\n\n\n--><br \/>\n<\/body><\/p>\n","protected":false},"excerpt":{"rendered":"<p>Santo Domingo, RD, 28 de Septiembre.- El ministro de Agricultura, Luis Ram\u00f3n Rodr\u00edguez inform\u00f3 que las inversiones que se ejecutan en programas claves para el desarrollo agropecuario continuar\u00e1n de manera normal porque est\u00e1n contemplados en el presupuesto del 2014 aprobado por el Consejo de Ministros. El funcionario tambi\u00e9n inform\u00f3 que la variaci\u00f3n en las asignaciones [&hellip;]<\/p>\n","protected":false},"author":3,"featured_media":0,"comment_status":"open","ping_status":"open","sticky":false,"template":"","format":"standard","meta":{"footnotes":""},"categories":[18],"tags":[],"class_list":["post-99300","post","type-post","status-publish","format-standard","hentry","category-economia"],"_links":{"self":[{"href":"https:\/\/diariodominicano.com\/index.php?rest_route=\/wp\/v2\/posts\/99300","targetHints":{"allow":["GET"]}}],"collection":[{"href":"https:\/\/diariodominicano.com\/index.php?rest_route=\/wp\/v2\/posts"}],"about":[{"href":"https:\/\/diariodominicano.com\/index.php?rest_route=\/wp\/v2\/types\/post"}],"author":[{"embeddable":true,"href":"https:\/\/diariodominicano.com\/index.php?rest_route=\/wp\/v2\/users\/3"}],"replies":[{"embeddable":true,"href":"https:\/\/diariodominicano.com\/index.php?rest_route=%2Fwp%2Fv2%2Fcomments&post=99300"}],"version-history":[{"count":0,"href":"https:\/\/diariodominicano.com\/index.php?rest_route=\/wp\/v2\/posts\/99300\/revisions"}],"wp:attachment":[{"href":"https:\/\/diariodominicano.com\/index.php?rest_route=%2Fwp%2Fv2%2Fmedia&parent=99300"}],"wp:term":[{"taxonomy":"category","embeddable":true,"href":"https:\/\/diariodominicano.com\/index.php?rest_route=%2Fwp%2Fv2%2Fcategories&post=99300"},{"taxonomy":"post_tag","embeddable":true,"href":"https:\/\/diariodominicano.com\/index.php?rest_route=%2Fwp%2Fv2%2Ftags&post=99300"}],"curies":[{"name":"wp","href":"https:\/\/api.w.org\/{rel}","templated":true}]}}